{"id":120483,"date":"2025-12-19T10:02:15","date_gmt":"2025-12-19T10:02:15","guid":{"rendered":"https:\/\/www.europesays.com\/fi\/120483\/"},"modified":"2025-12-19T10:02:15","modified_gmt":"2025-12-19T10:02:15","slug":"savonlinnan-veden-vesimaksut-2026-savonlinna","status":"publish","type":"post","link":"https:\/\/www.europesays.com\/fi\/120483\/","title":{"rendered":"Savonlinnan Veden vesimaksut 2026 &#8211; Savonlinna"},"content":{"rendered":"<p>\tperjantaina 19. joulukuuta 2025<\/p>\n<p> Tekninen lautakunta on p\u00e4\u00e4tt\u00e4nyt korottaa perusmaksuja 25 % ja k\u00e4ytt\u00f6maksuja 7 % 1.1.2026 alkaen. Perusmaksu m\u00e4\u00e4r\u00e4ytyy kiinteist\u00f6n vesimittarin koon perusteella (euroa\/vuosi).<\/p>\n<p><img fetchpriority=\"high\" decoding=\"async\" width=\"459\" height=\"146\" src=\"https:\/\/www.europesays.com\/fi\/wp-content\/uploads\/2025\/12\/image-1.png\" alt=\"\" class=\"wp-image-74856\"  \/><\/p>\n<p>K\u00e4ytt\u00f6maksun perusteena on kiinteist\u00f6n k\u00e4ytt\u00e4m\u00e4n veden m\u00e4\u00e4r\u00e4, joka mitataan laitoksen asentamalla vesimittarilla.<\/p>\n<p><img loading=\"lazy\" decoding=\"async\" width=\"436\" height=\"102\" src=\"https:\/\/www.europesays.com\/fi\/wp-content\/uploads\/2025\/12\/image-2.png\" alt=\"\" class=\"wp-image-74855\"  \/><\/p>\n<p>P\u00e4\u00e4set ilmoittamaan vuoden viimeisen vesimittarinlukeman ja p\u00e4ivitt\u00e4m\u00e4\u00e4n yhteystietosi helposti <a href=\"https:\/\/www.savonlinna.fi\/asukas\/asuminen-ja-ymparisto\/vesihuolto\/vesimittarin-lukeman-ilmoittaminen-kulutusweb\/\" rel=\"nofollow noopener\" target=\"_blank\">KulutusWebiss\u00e4.<\/a> <\/p>\n<p>Suojaa kiinteist\u00f6n vesimittarit ja tonttijohdot kylm\u00e4lt\u00e4<\/p>\n<p>N\u00e4in talven kynnyksell\u00e4 on hyv\u00e4 aika tarkistaa, ett\u00e4 vesimittari on hyvin suojattu niin ettei se p\u00e4\u00e4se talvipakkasilla j\u00e4\u00e4tym\u00e4\u00e4n. My\u00f6s vesijohdon l\u00e4mp\u00f6eristys ja mahdollisten saattol\u00e4mmityskaapeleiden toimivuus on hyv\u00e4 tarkastaa vahinkojen v\u00e4ltt\u00e4miseksi.<\/p>\n<p>Pakkaskaudella kiinteist\u00f6jen ja etenkin pientalojen omistajien kannattaa hyviss\u00e4 ajoin huolehtia vesimittareiden ja j\u00e4\u00e4tymisvaarassa olevien vesikalusteiden sek\u00e4 tonttijohtojen riitt\u00e4v\u00e4st\u00e4 suojaamisesta.\u00a0J\u00e4\u00e4tymisest\u00e4 aiheutuvat kustannukset kuuluvat kiinteist\u00f6n omistajalle, joten turhia riskej\u00e4 kannattaa v\u00e4ltt\u00e4\u00e4. Tarkasta vesimittaritilan l\u00e4mmitys ja suojaa vesimittari kylm\u00e4lt\u00e4. Mittaritilan ovet ja ilmanvaihtoventtiilit kannattaa pit\u00e4\u00e4 suljettuina. Huolehdi my\u00f6s tonttijohtojen riitt\u00e4v\u00e4st\u00e4 eristyksest\u00e4.<\/p>\n<p>Mit\u00e4 viem\u00e4riin?<\/p>\n<p>Muista h\u00e4vitt\u00e4\u00e4 kinkun rasva asianmukaisella tavalla, tukosten ja viem\u00e4ritulvan v\u00e4ltt\u00e4miseksi mm. rasva ei kuulu viem\u00e4riin.<\/p>\n<p>Viem\u00e4riin saa laittaa:<\/p>\n<ul class=\"wp-block-list\">\n<li>vessapaperia, virtsaa, ulostetta ja niiden huuhteluvett\u00e4<\/li>\n<li>astian- ja pyykinpesuvett\u00e4<\/li>\n<li>peseytymis- ja siivousvett\u00e4<\/li>\n<\/ul>\n<p>Eth\u00e4n heit\u00e4 pyttyyn mit\u00e4\u00e4n sinne kuulumatonta, kuten:<\/p>\n<ul class=\"wp-block-list\">\n<li>ruokien sis\u00e4lt\u00e4mi\u00e4 rasvoja<\/li>\n<li>terveyssiteit\u00e4 tai tamponeita<\/li>\n<li>wc-paperihylsyj\u00e4 tai kuituliinoja (vaikka niiss\u00e4 lukisi Flush&amp;Go\u00ae)<\/li>\n<li>talouspaperia<\/li>\n<li>vaippoja<\/li>\n<li>kondomeita<\/li>\n<li>vanupuikkoja<\/li>\n<li>pumpulia<\/li>\n<li>l\u00e4\u00e4kkeit\u00e4<\/li>\n<li>maskeja, puhdistuspyyhkeit\u00e4 ja kumihanskoja<\/li>\n<li>maaleja tai muita kemikaaleja<\/li>\n<\/ul>\n<p><strong>Pohjavesien suojelu<\/strong><\/p>\n<p>Pohjavesi\u00e4 on suojeltava, jotta meill\u00e4 on k\u00e4yt\u00f6ss\u00e4 hyv\u00e4laatuista juomavett\u00e4 nyt ja tulevaisuudessa. Purkautuva pohjavesi vaikuttaa my\u00f6s virtavesien, j\u00e4rvien ja l\u00e4hteiden tilaan.<\/p>\n<p>Pohjavett\u00e4 muodostuu sade- ja sulamisvesien imeytyess\u00e4 maakerroksiin. Se on vett\u00e4, joka t\u00e4ytt\u00e4\u00e4 avoimen huokostilan maaper\u00e4ss\u00e4 ja raot kallioper\u00e4ss\u00e4. Pohjavett\u00e4 esiintyy maan uumenissa l\u00e4hes kaikkialla. Vedenhankinnan kannalta merkitt\u00e4vimm\u00e4t pohjavesivarastot on luokiteltu pohjavesialueiksi.<\/p>\n<p><strong>Ole valppaana my\u00f6s pihapiirin ulkopuolella<\/strong><\/p>\n<p>Luonnossa pohjavesialueen voi havaita hiekka- ja sorakerrosten muodostamina harjuina ja m\u00e4ntykankaina. Pohjavesialueet ja pohjavedenottamon suoja-alueet on usein merkitty maastoon kylteill\u00e4. Erityisesti pohjavesialueella on t\u00e4rke\u00e4 varmistaa, ett\u00e4 terveydelle haitallisia aineita ei p\u00e4\u00e4se vuotamaan maaper\u00e4\u00e4n. Onnettomuus- ja vahinkotilanteissa pyri rajoittamaan vahinkoa ja ilmoita havaitsemastasi vuodosta viipym\u00e4tt\u00e4 h\u00e4t\u00e4keskukseen (112) ja kunnan ymp\u00e4rist\u00f6nsuojeluviranomaiselle.<\/p>\n<p>\u00a0<\/p>\n","protected":false},"excerpt":{"rendered":"perjantaina 19. joulukuuta 2025 Tekninen lautakunta on p\u00e4\u00e4tt\u00e4nyt korottaa perusmaksuja 25 % ja k\u00e4ytt\u00f6maksuja 7 % 1.1.2026 alkaen.&hellip;\n","protected":false},"author":2,"featured_media":120484,"comment_status":"","ping_status":"","sticky":false,"template":"","format":"standard","meta":{"footnotes":""},"categories":[12],"tags":[22,23,26,27,33,31,30,17,24,25,28,29,15,18,21,32,19,20,16],"class_list":{"0":"post-120483","1":"post","2":"type-post","3":"status-publish","4":"format-standard","5":"has-post-thumbnail","7":"category-suomi","8":"tag-breaking-news","9":"tag-breakingnews","10":"tag-featured-news","11":"tag-featurednews","12":"tag-fi","13":"tag-finland","14":"tag-finnish","15":"tag-headlines","16":"tag-latest-news","17":"tag-latestnews","18":"tag-main-news","19":"tag-mainnews","20":"tag-news","21":"tag-otsikot","22":"tag-paauutiset","23":"tag-suomi","24":"tag-top-stories","25":"tag-topstories","26":"tag-uutiset"},"share_on_mastodon":{"url":"https:\/\/pubeurope.com\/@fi\/115745662669191712","error":""},"_links":{"self":[{"href":"https:\/\/www.europesays.com\/fi\/wp-json\/wp\/v2\/posts\/120483","targetHints":{"allow":["GET"]}}],"collection":[{"href":"https:\/\/www.europesays.com\/fi\/wp-json\/wp\/v2\/posts"}],"about":[{"href":"https:\/\/www.europesays.com\/fi\/wp-json\/wp\/v2\/types\/post"}],"author":[{"embeddable":true,"href":"https:\/\/www.europesays.com\/fi\/wp-json\/wp\/v2\/users\/2"}],"replies":[{"embeddable":true,"href":"https:\/\/www.europesays.com\/fi\/wp-json\/wp\/v2\/comments?post=120483"}],"version-history":[{"count":0,"href":"https:\/\/www.europesays.com\/fi\/wp-json\/wp\/v2\/posts\/120483\/revisions"}],"wp:featuredmedia":[{"embeddable":true,"href":"https:\/\/www.europesays.com\/fi\/wp-json\/wp\/v2\/media\/120484"}],"wp:attachment":[{"href":"https:\/\/www.europesays.com\/fi\/wp-json\/wp\/v2\/media?parent=120483"}],"wp:term":[{"taxonomy":"category","embeddable":true,"href":"https:\/\/www.europesays.com\/fi\/wp-json\/wp\/v2\/categories?post=120483"},{"taxonomy":"post_tag","embeddable":true,"href":"https:\/\/www.europesays.com\/fi\/wp-json\/wp\/v2\/tags?post=120483"}],"curies":[{"name":"wp","href":"https:\/\/api.w.org\/{rel}","templated":true}]}}