{"id":120485,"date":"2025-12-19T10:04:27","date_gmt":"2025-12-19T10:04:27","guid":{"rendered":"https:\/\/www.europesays.com\/fi\/120485\/"},"modified":"2025-12-19T10:04:27","modified_gmt":"2025-12-19T10:04:27","slug":"riikka-purra-julkisen-talouden-sopeutustarpeesta-luvut-ovat-hirmuisia-politiikka","status":"publish","type":"post","link":"https:\/\/www.europesays.com\/fi\/120485\/","title":{"rendered":"Riikka Purra julkisen talouden so\u00adpeu\u00adtus\u00adtar\u00adpees\u00adta: \u201dLuvut ovat hirmuisia\u201d | Politiikka"},"content":{"rendered":"<p class=\"aw-1gybjub aw-5vja16 kEtdKx kmuxyA yle__article__paragraph\">Val\u00adti\u00ado\u00adva\u00adrain\u00admi\u00adni\u00ads\u00adte\u00adri Riikka Purra pelk\u00e4\u00e4, ett\u00e4 ensi vaalikaudella kymmenen miljardin euron sopeutuskin j\u00e4\u00e4 alakanttiin.<\/p>\n<p><img decoding=\"async\" alt=\"Riikka Purra kuvattuna eduskunnassa sivusta, p\u00e4\u00e4ll\u00e4\u00e4n punainen paita.\" src=\"https:\/\/www.europesays.com\/fi\/wp-content\/uploads\/2025\/12\/39-157214369441d4f19dd0.jpeg\" class=\"aw-1l9m598 hKVVvP\"\/><\/p>\n<p>Avaa kuvien katselu<\/p>\n<p>Valtiovarainministeri Riikka Purra (kuvassa vasemmalla) kuvaa ensi vaalikauden julkisen talouden sopeutustarvetta valtavaksi. Purra ja oikeusministeri Leena Meri menossa perussuomalaisten eduskuntaryhm\u00e4n kokoukseen torstaina. Kuva: Markku Ulander \/ Lehtikuva<\/p>\n<p>10:48\u2022P\u00e4ivitetty 11:13<\/p>\n<p class=\"aw-1gybjub aw-1p7kakr kEtdKx cEmitX yle__article__paragraph\">Valtiovarainministeri <strong class=\"aw-ak79eh KyCXm yle__article__strong\">Riikka Purra<\/strong> (ps.) kuvaa Ylen haastattelussa valtion talouden sopeutustarvetta ytimekk\u00e4\u00e4sti.<\/p>\n<p class=\"aw-1gybjub aw-1p7kakr kEtdKx cEmitX yle__article__paragraph\">\u2013 Luvut ovat hirmuisia.<\/p>\n<p class=\"aw-1gybjub aw-1p7kakr kEtdKx cEmitX yle__article__paragraph\"><a class=\"aw-iao6s4 iHOxEa yle__article__link\" href=\"https:\/\/yle.fi\/a\/74-20200698\" role=\"link\" rel=\"nofollow noopener\" target=\"_blank\">Valtiovarainministeri\u00f6 arvioi perjantaina<\/a>, ett\u00e4 tulevalla vaalikaudella julkista taloutta pit\u00e4isi sopeuttaa 7\u201312 miljardilla eurolla. Sopeutus tarkoittaa esimerkiksi valtion menojen leikkauksia tai veronkorotuksia.<\/p>\n<p class=\"aw-1gybjub aw-1p7kakr kEtdKx cEmitX yle__article__paragraph\">\u2013 Ensi kauden sopeutustarpeet ovat niin valtavia, ett\u00e4 toivoisin sen pikku hiljaa n\u00e4kyv\u00e4n my\u00f6s poliittisessa keskustelussa, esimerkiksi t\u00e4ysistuntosalissa ja siin\u00e4, miten oppositio suhtautuu hallituksen s\u00e4\u00e4st\u00f6toimiin, Purra kuvaa tilannetta.<\/p>\n<p class=\"aw-1gybjub aw-1p7kakr kEtdKx cEmitX yle__article__paragraph\">Perussuomalaisten ja Purran oma tavoite valtion talouden sopeutustarpeesta ensi vaalikaudelle on kymmenen miljardia euroa. Kyse on vuosista 2027\u20132031.<\/p>\n<p class=\"aw-1gybjub aw-1p7kakr kEtdKx cEmitX yle__article__paragraph\">\u2013 Valitettavasti pelk\u00e4\u00e4n, ett\u00e4 kun t\u00e4ss\u00e4 seuraavaa kautta kohti menn\u00e4\u00e4n, niin sekin j\u00e4\u00e4 alakanttiin.<\/p>\n<p>Nykyinenkin hallitus voi viel\u00e4 joutua leikkaamaan menoja<\/p>\n<p class=\"aw-1gybjub aw-1p7kakr kEtdKx cEmitX yle__article__paragraph\">Valtiovarainministeri\u00f6 arvioi, ett\u00e4 julkisen talouden sopeutustarvetta ei voi sulkea pois t\u00e4lt\u00e4k\u00e4\u00e4n hallituskaudelta.<\/p>\n<p class=\"aw-1gybjub aw-1p7kakr kEtdKx cEmitX yle__article__paragraph\">Jos tarve syntyy, se olisi korkeintaan 1,4 miljardia euroa. K\u00e4yt\u00e4nn\u00f6ss\u00e4 se tarkoittaisi, ett\u00e4 p\u00e4\u00e4t\u00f6ksi\u00e4 pit\u00e4isi tehd\u00e4 vuoden 2026 lis\u00e4talousarvioissa ja vuoden 2027 varsinaisessa budjetissa.<\/p>\n<p class=\"aw-1gybjub aw-1p7kakr kEtdKx cEmitX yle__article__paragraph\">Purran mukaan valtiovarainministeri\u00f6n virka-arvio sopeutustarpeesta perustuu eri aikatauluihin, joista on keskusteltu EU-komission kanssa. Arvioita on tarkastettu edellisest\u00e4 kerrasta yl\u00f6sp\u00e4in, mik\u00e4 kertoo Suomen talouden tilanteen heikkenemisest\u00e4.<\/p>\n<p class=\"aw-1gybjub aw-1p7kakr kEtdKx cEmitX yle__article__paragraph\">Valtiovarainministeri Riikka Purra muistuttaa, ett\u00e4 seuraavaan vaalikauteen on viel\u00e4 aikaa ja luvut sopeutustarpeesta ovat edelleen arvioita, jotka voivat muuttua.<\/p>\n<p class=\"aw-1gybjub aw-1p7kakr kEtdKx cEmitX yle__article__paragraph\">T\u00e4m\u00e4n hallituksen hallitusneuvotteluissa kev\u00e4\u00e4ll\u00e4 2023 oletus oli, ett\u00e4 kuuden miljardin euron sopeutus riitt\u00e4\u00e4 vakauttamaan Suomen velkasuhteen bruttokansantuotteeseen verrattuna. Nyt hallitus arvioi sopeuttaneensa valtion taloutta noin kymmenen miljardin euron edest\u00e4.<\/p>\n<p class=\"aw-1gybjub aw-1p7kakr kEtdKx cEmitX yle__article__paragraph\">Valtiovarainministeri\u00f6 arvioi torstaina tuoreessa ennusteessaan talouden tunnusluvuista, ett\u00e4 valtion velan suhde bruttokansantuotteeseen verrattuna kasvaa aiemmin arvioitua enemm\u00e4n. Hallituksen tavoite taittaa velkaantuminen on ep\u00e4onnistumassa. My\u00f6s ty\u00f6tt\u00f6myysn\u00e4kym\u00e4 on aiemmin arvioitua heikompi.<\/p>\n<p class=\"aw-1gybjub aw-1p7kakr kEtdKx cEmitX yle__article__paragraph\">Juttua korjattu 19.12.2025 kello 11.05. Riikka Purra on kuvassa vasemmalla.<\/p>\n","protected":false},"excerpt":{"rendered":"Val\u00adti\u00ado\u00adva\u00adrain\u00admi\u00adni\u00ads\u00adte\u00adri Riikka Purra pelk\u00e4\u00e4, ett\u00e4 ensi vaalikaudella kymmenen miljardin euron sopeutuskin j\u00e4\u00e4 alakanttiin. Avaa kuvien katselu Valtiovarainministeri Riikka&hellip;\n","protected":false},"author":2,"featured_media":120486,"comment_status":"","ping_status":"","sticky":false,"template":"","format":"standard","meta":{"footnotes":""},"categories":[5],"tags":[22,23,26,27,33,31,30,17,24,25,28,29,15,18,21,637,3302,32,78,19,20,16,14239,2556],"class_list":{"0":"post-120485","1":"post","2":"type-post","3":"status-publish","4":"format-standard","5":"has-post-thumbnail","7":"category-otsikot","8":"tag-breaking-news","9":"tag-breakingnews","10":"tag-featured-news","11":"tag-featurednews","12":"tag-fi","13":"tag-finland","14":"tag-finnish","15":"tag-headlines","16":"tag-latest-news","17":"tag-latestnews","18":"tag-main-news","19":"tag-mainnews","20":"tag-news","21":"tag-otsikot","22":"tag-paauutiset","23":"tag-politiikka","24":"tag-riikka-purra","25":"tag-suomi","26":"tag-talous","27":"tag-top-stories","28":"tag-topstories","29":"tag-uutiset","30":"tag-valtion-talousarviot","31":"tag-valtiovarainministerio"},"share_on_mastodon":{"url":"https:\/\/pubeurope.com\/@fi\/115745670151411940","error":""},"_links":{"self":[{"href":"https:\/\/www.europesays.com\/fi\/wp-json\/wp\/v2\/posts\/120485","targetHints":{"allow":["GET"]}}],"collection":[{"href":"https:\/\/www.europesays.com\/fi\/wp-json\/wp\/v2\/posts"}],"about":[{"href":"https:\/\/www.europesays.com\/fi\/wp-json\/wp\/v2\/types\/post"}],"author":[{"embeddable":true,"href":"https:\/\/www.europesays.com\/fi\/wp-json\/wp\/v2\/users\/2"}],"replies":[{"embeddable":true,"href":"https:\/\/www.europesays.com\/fi\/wp-json\/wp\/v2\/comments?post=120485"}],"version-history":[{"count":0,"href":"https:\/\/www.europesays.com\/fi\/wp-json\/wp\/v2\/posts\/120485\/revisions"}],"wp:featuredmedia":[{"embeddable":true,"href":"https:\/\/www.europesays.com\/fi\/wp-json\/wp\/v2\/media\/120486"}],"wp:attachment":[{"href":"https:\/\/www.europesays.com\/fi\/wp-json\/wp\/v2\/media?parent=120485"}],"wp:term":[{"taxonomy":"category","embeddable":true,"href":"https:\/\/www.europesays.com\/fi\/wp-json\/wp\/v2\/categories?post=120485"},{"taxonomy":"post_tag","embeddable":true,"href":"https:\/\/www.europesays.com\/fi\/wp-json\/wp\/v2\/tags?post=120485"}],"curies":[{"name":"wp","href":"https:\/\/api.w.org\/{rel}","templated":true}]}}