{"id":120497,"date":"2025-12-19T10:28:08","date_gmt":"2025-12-19T10:28:08","guid":{"rendered":"https:\/\/www.europesays.com\/fi\/120497\/"},"modified":"2025-12-19T10:28:08","modified_gmt":"2025-12-19T10:28:08","slug":"ruotsi-hankkii-patrialta-paivityksia-aiemman-sukupolven-panssaroituihin-6x6-ajoneuvoihin","status":"publish","type":"post","link":"https:\/\/www.europesays.com\/fi\/120497\/","title":{"rendered":"Ruotsi hankkii Patrialta p\u00e4ivityksi\u00e4 aiemman sukupolven panssaroituihin 6&#215;6-ajoneuvoihin"},"content":{"rendered":"<p>Ruotsin puolustusvoimat on antanut Ruotsin puolustusmateriaalihallinnolle (FMV) teht\u00e4v\u00e4ksi hankkia Patrialta p\u00e4ivityksi\u00e4 Pansarterr\u00e4ngbil 203 (Patria XA 203) -ajoneuvoihin. P\u00e4ivityksiin sis\u00e4ltyy muun muassa et\u00e4ohjatun asej\u00e4rjestelm\u00e4valmiuden asennus Patrian H\u00e4meenlinnan tuotantolaitoksella. Hankkeen on tarkoitus alkaa vuoden 2026 alussa ja se sis\u00e4lt\u00e4\u00e4 58 ajoneuvon p\u00e4ivitysty\u00f6t. Alun perin n\u00e4m\u00e4 ajoneuvot toimitettiin Ruotsin asevoimille 2000-luvun alussa, ja ne ovat osa k\u00e4ynniss\u00e4 olevaa Patrian suorittamaa PATGB203-kaluston p\u00e4ivitysprojektia.<\/p>\n<p>\u201dRuotsin p\u00e4\u00e4t\u00f6s hankkia p\u00e4ivityksi\u00e4 PATGB203-ajoneuvoihin kuvastaa vahvaa luottamusta Patrian kykyyn toteuttaa raskaiden panssaroitujen ajoneuvojen vaativia muutost\u00f6it\u00e4. Sopimus parantaa Ruotsin asevoimien PATGB203-kaluston valmiuksia ja vastaa Patrian tavoitetta toimia sek\u00e4 asevoimien ett\u00e4 FMV:n strategisena kumppanina toimitettujen tuotteiden elinkaaren aikana&#8221;, Patrian Sustainment Solutions -liiketoiminnasta vastaava johtaja <strong>Pekka Ruutu<\/strong> sanoo.<\/p>\n<p><strong>Mediatiedustelut ja lis\u00e4tietoja<\/strong>:<\/p>\n<p><strong>Sirje Ahvenlampi-Hyv\u00f6nen<\/strong>, Patrian viestint\u00e4johtaja, puh. +358 50 557 3822, <a href=\"http:\/\/www.patriagroup.com\/cdn-cgi\/l\/email-protection#a7d4ced5cdc289c6cfd1c2c9cbc6cad7ce8acfded1c8c9c2c9e7d7c6d3d5cec6c0d5c8d2d789c4c8ca\" rel=\"nofollow noopener\" target=\"_blank\">[email\u00a0protected]<\/a><\/p>\n<p><strong>Pekka Ruutu<\/strong>, Executive Vice President, Sustainment Solutions, Patria, puh. +35850 540 5697, <a href=\"http:\/\/www.patriagroup.com\/cdn-cgi\/l\/email-protection#b8c8ddd3d3d996cacdcdcccdf8c8d9cccad1d9dfcad7cdc896dbd7d5\" rel=\"nofollow noopener\" target=\"_blank\">[email\u00a0protected]<\/a><\/p>\n<p><strong>Patria <\/strong>on kansainv\u00e4linen puolustusteollisuus- ja teknologiayhti\u00f6, jolla on yli 100 vuoden kokemus alalta. Patrian huippuluokan osaajien ja Protected Mobility, Defence and Weapon Systems ja Sustainment Solutions -liiketoiminta-alueiden avulla varmistamme asiakkaillemme luotettavan toiminnan ja olemme kumppanina kriittisiss\u00e4 toiminnoissa maalla, merell\u00e4 ja ilmassa &#8211; kun kaiken on pakko toimia. Patrialla on toimipisteit\u00e4 Suomen lis\u00e4ksi Ruotsissa, Norjassa, Belgiassa, Alankomaissa, Saksassa, Latviassa ja Japanissa.<br \/>Patrian omistavat Suomen valtio (50,1 %) ja norjalainen Kongsberg Defence &amp; Aerospace AS (49,9 %). Patria omistaa 50 % Nammosta, ja yhdess\u00e4 n\u00e4m\u00e4 kolme yrityst\u00e4 muodostavat johtavan pohjoismaisen puolustuskumppanuuden.<br \/><strong><a href=\"https:\/\/www.patriagroup.com\/\" rel=\"nofollow noopener\" target=\"_blank\">www.patriagroup.com<\/a><\/strong><\/p>\n","protected":false},"excerpt":{"rendered":"Ruotsin puolustusvoimat on antanut Ruotsin puolustusmateriaalihallinnolle (FMV) teht\u00e4v\u00e4ksi hankkia Patrialta p\u00e4ivityksi\u00e4 Pansarterr\u00e4ngbil 203 (Patria XA 203) -ajoneuvoihin. P\u00e4ivityksiin&hellip;\n","protected":false},"author":2,"featured_media":120498,"comment_status":"","ping_status":"","sticky":false,"template":"","format":"standard","meta":{"footnotes":""},"categories":[76],"tags":[79,77,33,31,30,32,78],"class_list":{"0":"post-120497","1":"post","2":"type-post","3":"status-publish","4":"format-standard","5":"has-post-thumbnail","7":"category-talous","8":"tag-business","9":"tag-economy","10":"tag-fi","11":"tag-finland","12":"tag-finnish","13":"tag-suomi","14":"tag-talous"},"share_on_mastodon":{"url":"https:\/\/pubeurope.com\/@fi\/115745764499601853","error":""},"_links":{"self":[{"href":"https:\/\/www.europesays.com\/fi\/wp-json\/wp\/v2\/posts\/120497","targetHints":{"allow":["GET"]}}],"collection":[{"href":"https:\/\/www.europesays.com\/fi\/wp-json\/wp\/v2\/posts"}],"about":[{"href":"https:\/\/www.europesays.com\/fi\/wp-json\/wp\/v2\/types\/post"}],"author":[{"embeddable":true,"href":"https:\/\/www.europesays.com\/fi\/wp-json\/wp\/v2\/users\/2"}],"replies":[{"embeddable":true,"href":"https:\/\/www.europesays.com\/fi\/wp-json\/wp\/v2\/comments?post=120497"}],"version-history":[{"count":0,"href":"https:\/\/www.europesays.com\/fi\/wp-json\/wp\/v2\/posts\/120497\/revisions"}],"wp:featuredmedia":[{"embeddable":true,"href":"https:\/\/www.europesays.com\/fi\/wp-json\/wp\/v2\/media\/120498"}],"wp:attachment":[{"href":"https:\/\/www.europesays.com\/fi\/wp-json\/wp\/v2\/media?parent=120497"}],"wp:term":[{"taxonomy":"category","embeddable":true,"href":"https:\/\/www.europesays.com\/fi\/wp-json\/wp\/v2\/categories?post=120497"},{"taxonomy":"post_tag","embeddable":true,"href":"https:\/\/www.europesays.com\/fi\/wp-json\/wp\/v2\/tags?post=120497"}],"curies":[{"name":"wp","href":"https:\/\/api.w.org\/{rel}","templated":true}]}}