{"id":120499,"date":"2025-12-19T10:29:11","date_gmt":"2025-12-19T10:29:11","guid":{"rendered":"https:\/\/www.europesays.com\/fi\/120499\/"},"modified":"2025-12-19T10:29:11","modified_gmt":"2025-12-19T10:29:11","slug":"mika-ja-annica-salo-ero","status":"publish","type":"post","link":"https:\/\/www.europesays.com\/fi\/120499\/","title":{"rendered":"Mika ja Annica Salo: Ero"},"content":{"rendered":"<p>Me Naiset tavoitti Annica Salon, joka kertoi syd\u00e4mens\u00e4 s\u00e4rkyneen. <\/p>\n<p><img decoding=\"async\" class=\"image image-show image-preview\" src=\"https:\/\/www.europesays.com\/fi\/wp-content\/uploads\/2025\/12\/99d9766bb8efab6a83b7739f138621cfaf5cc219f4ef6b3cb5786ce8ed496639.jpg\" alt=\"\"\/><img decoding=\"async\" class=\"image image-show\" src=\"https:\/\/www.europesays.com\/fi\/wp-content\/uploads\/2025\/12\/1766140151_29_99d9766bb8efab6a83b7739f138621cfaf5cc219f4ef6b3cb5786ce8ed496639.jpg\" alt=\"\"\/><\/p>\n<p>Mika Salo ja Annica Salo ovat hakeneet yhdess\u00e4 avioeroa.  MATTI MATIKAINEN<\/p>\n<p class=\"paragraph\">Entinen F1-kuljettaja <strong>Mika Salo<\/strong> ja h\u00e4nen vaimonsa <strong>Annica Salo<\/strong> eroavat.<\/p>\n<p class=\"paragraph\">Asiasta kertoo <a href=\"https:\/\/www.is.fi\/menaiset\/ihmiset-ja-suhteet\/art-2000011704332.html\" target=\"_blank\" rel=\"noopener nofollow\">Me Naiset<\/a>. Lehden mukaan pari on j\u00e4tt\u00e4nyt avioero\u00adhakemuksen yhdess\u00e4 17. joulukuuta L\u00e4nsi-Uudenmaan k\u00e4r\u00e4j\u00e4oikeuteen.<\/p>\n<p class=\"paragraph\">Hakemuksessa ne pyyt\u00e4v\u00e4t, ett\u00e4 heid\u00e4t tuomitaan avioeroon ilman harkinta-aikaa, koska he ovat asuneet erill\u00e4\u00e4n keskeytyksett\u00e4 viimeiset kaksi vuotta.<\/p>\n<p class=\"paragraph\">\u2013 En tied\u00e4, mit\u00e4 sanoa. Syd\u00e4meni on s\u00e4rkynyt. L\u00f6ysin el\u00e4m\u00e4ni rakkauden. Ihmisen jonka kanssa halusin jakaa kaiken ja viett\u00e4\u00e4 lopun el\u00e4m\u00e4\u00e4ni yhdess\u00e4. Uskoin, toivoin ja rakastin. Yli kaiken vain rakastin, Annica sanoo lehdelle.<\/p>\n<p class=\"paragraph\">\u2013 On liian aikaista mietti\u00e4 tulevaa ja sit\u00e4, miten t\u00e4st\u00e4 p\u00e4\u00e4see yli. Mika tulee kulkemaan aina syd\u00e4mess\u00e4ni niiss\u00e4 murusissa, mit\u00e4 j\u00e4i.<\/p>\n<p class=\"paragraph\">Mika Salo ja Annica Salo (os. Lindblom) <a href=\"https:\/\/www.iltalehti.fi\/viihdeuutiset\/5cbedc98-ba5d-4836-ae9c-e1388084b1ab\" rel=\"nofollow noopener\" target=\"_blank\">avioituivat syyskuussa 2023<\/a> Las Vegasissa. H\u00e4it\u00e4 juhlittiin viel\u00e4 my\u00f6hemmin my\u00f6s Suomessa, H\u00e4meenlinnassa.<\/p>\n<p class=\"paragraph\">Pari seurusteli l\u00e4hes kolme vuotta ennen avioitumistaan.<\/p>\n","protected":false},"excerpt":{"rendered":"Me Naiset tavoitti Annica Salon, joka kertoi syd\u00e4mens\u00e4 s\u00e4rkyneen. Mika Salo ja Annica Salo ovat hakeneet yhdess\u00e4 avioeroa.&hellip;\n","protected":false},"author":2,"featured_media":120500,"comment_status":"","ping_status":"","sticky":false,"template":"","format":"standard","meta":{"footnotes":""},"categories":[14],"tags":[35,1074,22,23,26,27,33,31,30,17,101,24,25,41,28,29,15,18,21,98,103,32,19,20,56,16,59,60,61],"class_list":{"0":"post-120499","1":"post","2":"type-post","3":"status-publish","4":"format-standard","5":"has-post-thumbnail","7":"category-ulkomaat","8":"tag-24h","9":"tag-avioliitto-ja-parisuhde","10":"tag-breaking-news","11":"tag-breakingnews","12":"tag-featured-news","13":"tag-featurednews","14":"tag-fi","15":"tag-finland","16":"tag-finnish","17":"tag-headlines","18":"tag-ihmissuhteet","19":"tag-latest-news","20":"tag-latestnews","21":"tag-liikunta-ja-urheilu","22":"tag-main-news","23":"tag-mainnews","24":"tag-news","25":"tag-otsikot","26":"tag-paauutiset","27":"tag-perhe","28":"tag-sosiaalikysymykset","29":"tag-suomi","30":"tag-top-stories","31":"tag-topstories","32":"tag-ulkomaat","33":"tag-uutiset","34":"tag-world","35":"tag-world-news","36":"tag-worldnews"},"share_on_mastodon":{"url":"https:\/\/pubeurope.com\/@fi\/115745768890636486","error":""},"_links":{"self":[{"href":"https:\/\/www.europesays.com\/fi\/wp-json\/wp\/v2\/posts\/120499","targetHints":{"allow":["GET"]}}],"collection":[{"href":"https:\/\/www.europesays.com\/fi\/wp-json\/wp\/v2\/posts"}],"about":[{"href":"https:\/\/www.europesays.com\/fi\/wp-json\/wp\/v2\/types\/post"}],"author":[{"embeddable":true,"href":"https:\/\/www.europesays.com\/fi\/wp-json\/wp\/v2\/users\/2"}],"replies":[{"embeddable":true,"href":"https:\/\/www.europesays.com\/fi\/wp-json\/wp\/v2\/comments?post=120499"}],"version-history":[{"count":0,"href":"https:\/\/www.europesays.com\/fi\/wp-json\/wp\/v2\/posts\/120499\/revisions"}],"wp:featuredmedia":[{"embeddable":true,"href":"https:\/\/www.europesays.com\/fi\/wp-json\/wp\/v2\/media\/120500"}],"wp:attachment":[{"href":"https:\/\/www.europesays.com\/fi\/wp-json\/wp\/v2\/media?parent=120499"}],"wp:term":[{"taxonomy":"category","embeddable":true,"href":"https:\/\/www.europesays.com\/fi\/wp-json\/wp\/v2\/categories?post=120499"},{"taxonomy":"post_tag","embeddable":true,"href":"https:\/\/www.europesays.com\/fi\/wp-json\/wp\/v2\/tags?post=120499"}],"curies":[{"name":"wp","href":"https:\/\/api.w.org\/{rel}","templated":true}]}}