{"id":120505,"date":"2025-12-19T10:43:10","date_gmt":"2025-12-19T10:43:10","guid":{"rendered":"https:\/\/www.europesays.com\/fi\/120505\/"},"modified":"2025-12-19T10:43:10","modified_gmt":"2025-12-19T10:43:10","slug":"marian-totuus-kohuelokuva-muutti-maria-schneiderin-elaman","status":"publish","type":"post","link":"https:\/\/www.europesays.com\/fi\/120505\/","title":{"rendered":"Marian totuus: Kohuelokuva muutti Maria Schneiderin el\u00e4m\u00e4n"},"content":{"rendered":"<p>\n            Marian totuus. Kuva: Future Film<br \/>\n            Future Film\n        <\/p>\n<p class=\"subtitle \">Marian totuus saa ensi-iltansa elokuvateattereissa perjantaina 19. joulukuuta.<\/p>\n<p>Marian totuus<\/p>\n<p class=\"article-content article-content-width !bg-background\">Draama <\/p>\n<p class=\"article-content article-content-width !bg-background\">Vuonna 1972 italialainen  oli jo viisi pitk\u00e4\u00e4 elokuvaa ennen 30-vuotissyntym\u00e4p\u00e4iv\u00e4\u00e4ns\u00e4 tehnyt ohjaajanero, jonka seuraava teos Viimeinen tango Pariisissa kertoisi nuoren naisen ja vanhemman miehen pakkomielteisest\u00e4 ja tuhoisasta suhteesta.<\/p>\n<p class=\"article-content article-content-width !bg-background\">Bertoluccin menestyksest\u00e4 huolimatta yksik\u00e4\u00e4n t\u00e4hti ei halunnut koskea projektiin, kunnes maailman parhaana n\u00e4yttelij\u00e4n\u00e4 pidetty , 47, otti roolin vastaan.<\/p>\n<p class=\"article-content article-content-width !bg-background\">Bertolucci halusi Brandon vastapariksi uuden ja viel\u00e4 tuntemattoman n\u00e4yttelij\u00e4n. Valinta osui ranskalaiseen , 19, joka oli karannut kotoa 15-vuotiaana seuratakseen n\u00e4yttelij\u00e4is\u00e4ns\u00e4 jalanj\u00e4lki\u00e4.<\/p>\n<p class=\"article-content article-content-width !bg-background\">\u201dTangon\u201d kuvaukset sujuivat hyvin siihen saakka, kunnes oli m\u00e4\u00e4r\u00e4 kuvata kuuluisa raiskauskohtaus, jossa Brando k\u00e4ytt\u00e4\u00e4 voita lubrikanttina. Vaikka kohtaus on simuloitu, sen toteutus ja voin k\u00e4ytt\u00f6 tulivat Schneiderille t\u00e4yten\u00e4 yll\u00e4tyksen\u00e4.<\/p>\n<p class=\"article-content article-content-width !bg-background\">Bertolucci ei paljastanut Schneiderille Brandon aikeita, koska halusi mahdollisimman aidon reaktion. Lopputulos on vaikuttava mutta karmaiseva kohtaus, jolle altistuminen traumatisoi Schneiderin.<\/p>\n<p>        <a itemprop=\"url\" href=\"https:\/\/www.seiska.fi\/katso\/julia-roberts-palaa-huipulle-hatkahdyttavalla-me-too-draamalla\/1964236\" rel=\"nofollow noopener\" target=\"_blank\"><\/p>\n<p>\nJulia Roberts palaa huipulle\n<\/p>\n<p class=\"section-date\">\n        <strong class=\"article-section\" data-section=\"katso\"><br \/>\n            katso<br \/>\n        <\/strong><br \/>\n        16.10. 13:15\n    <\/p>\n<p>Julia Roberts palaa huipulle h\u00e4tk\u00e4hdytt\u00e4v\u00e4ll\u00e4 Me too -draamalla\n    <\/p>\n<p itemprop=\"description\" class=\"subtitle \">\n    After the Hunt saa ensi-iltansa elokuvateattereissa perjantaina 17. lokakuuta.\n<\/p>\n<p>        <\/a><\/p>\n<p>                <img decoding=\"async\" src=\"https:\/\/www.europesays.com\/fi\/wp-content\/uploads\/2025\/12\/2017728.webp\" width=\"576\" height=\"274\" alt=\"Anamaria Vartolomei on Maria Schneider.\" loading=\"lazy\" \/>            <\/p>\n<p>\n            Anamaria Vartolomei on Maria Schneider.<br \/>\n            Future Film\n        <\/p>\n<p>Ei antanut koskaan anteeksi<\/p>\n<p class=\"article-content article-content-width !bg-background\">Marian totuus kertoo Schneiderin el\u00e4m\u00e4st\u00e4 juuri ennen \u201dTangoa\u201d, sen tekemisest\u00e4, sek\u00e4 siit\u00e4, mit\u00e4 tapahtui sen j\u00e4lkeen. Kyseess\u00e4 ei ole kattava henkil\u00f6kuva, vaan kooste hetkist\u00e4 lahjakkaan mutta petetyn ja sen my\u00f6t\u00e4 itsetuhoon ajautuneen artistin el\u00e4m\u00e4ss\u00e4.<\/p>\n<p class=\"article-content article-content-width !bg-background\">Schneider kielt\u00e4ytyi tekem\u00e4st\u00e4 alastonkohtauksia \u201dTangon\u201d j\u00e4lkeen, eik\u00e4 kyennyt koskaan antamaan anteeksi Bertoluccille (1941-2018). Brandon (1924-2004) kerrotaan katuneen tapahtunutta ja pysyneen yst\u00e4v\u00e4llisiss\u00e4 v\u00e4leiss\u00e4 Schneiderin kanssa kuolemaansa saakka.<\/p>\n<p>        <a itemprop=\"url\" href=\"https:\/\/www.seiska.fi\/katso\/melania-dokumentin-ohjaajaa-syytetaan-seksuaalisesta-hairinnasta\/1958316\" rel=\"nofollow noopener\" target=\"_blank\"><\/p>\n<p>\nMelania Trump -dokumentti\n<\/p>\n<p class=\"section-date\">\n        <strong class=\"article-section\" data-section=\"katso\"><br \/>\n            katso<br \/>\n        <\/strong><br \/>\n        11.10. 16:15\n    <\/p>\n<p>Melania-dokumentin ohjaajaa syytet\u00e4\u00e4n seksuaalisesta h\u00e4irinn\u00e4st\u00e4\n    <\/p>\n<p itemprop=\"description\" class=\"subtitle \">\n    Donald Trumpin puoliso paljastaa yksityisel\u00e4m\u00e4ns\u00e4 uudessa dokumentissa.\n<\/p>\n<p>        <\/a><\/p>\n<p class=\"article-content article-content-width !bg-background\">Schneider sortui koviin huumeisiin ja yritti itsemurhaa useammin kuin kerran. H\u00e4n sai maineen ep\u00e4luotettavana n\u00e4yttelij\u00e4n\u00e4, joka k\u00e4veli usein ulos kuvauspaikoilta. \u201dTangon\u201d ohella h\u00e4net muistetaan etenkin  elokuvasta Ammatti: reportteri (1975), jossa h\u00e4n esitt\u00e4\u00e4 p\u00e4\u00e4osaa  rinnalla.<\/p>\n<p class=\"article-content article-content-width !bg-background\">Ranskalaisen  ohjaama elokuva antaa paljon tilaa romanialaissyntyisen  vaikuttavalle p\u00e4\u00e4osalle. My\u00f6s  tekee mieleenpainuvan roolin Brandona, vaikka osa onkin lyhyt elokuvan kestoon n\u00e4hden.<\/p>\n<p class=\"article-content article-content-width !bg-background\">Elokuvan suurin ongelma liittyy aiheen rajaamiseen. Palud haluaa m\u00e4\u00e4ritell\u00e4 Schneiderin koko el\u00e4m\u00e4n \u201dTangon\u201d kautta, vaikka n\u00e4yttelij\u00e4 ei sit\u00e4 itsek\u00e4\u00e4n halunnut el\u00e4ess\u00e4\u00e4n. Totuus on, ett\u00e4 Maria Schneiderin (1952-2011) el\u00e4m\u00e4 oli paljon enemm\u00e4n kuin h\u00e4nen l\u00e4pimurtonsa ja mit\u00e4 sen kuvauksissa tapahtui kohufilmiss\u00e4, joka on sittemmin nimetty yhdeksi kaikkien aikojen parhaista elokuvista.<\/p>\n<p class=\"article-content article-content-width !bg-background\"> (Maria, Ranska 2024). 103 min.<\/p>\n<p>        <a itemprop=\"url\" href=\"https:\/\/www.seiska.fi\/katso\/nain-torkealla-tavalla-marlon-brando-sikaili-viimeisessa-elokuvassaan\/1595058\" rel=\"nofollow noopener\" target=\"_blank\"><\/p>\n<p>\nMarlon Brando\n<\/p>\n<p class=\"section-date\">\n        <strong class=\"article-section\" data-section=\"katso\"><br \/>\n            katso<br \/>\n        <\/strong><br \/>\n        29.1. 09:15\n    <\/p>\n<p>N\u00e4in t\u00f6rke\u00e4ll\u00e4 tavalla Marlon Brando sikaili viimeisess\u00e4 elokuvassaan\n    <\/p>\n<p itemprop=\"description\" class=\"subtitle \">\n    Brando saattoi heitt\u00e4\u00e4 housunsa pois, jotta sai tahtonsa l\u00e4pi.\n<\/p>\n<p>        <\/a><\/p>\n","protected":false},"excerpt":{"rendered":"Marian totuus. Kuva: Future Film Future Film Marian totuus saa ensi-iltansa elokuvateattereissa perjantaina 19. joulukuuta. Marian totuus Draama&hellip;\n","protected":false},"author":2,"featured_media":120506,"comment_status":"","ping_status":"","sticky":false,"template":"","format":"standard","meta":{"footnotes":""},"categories":[136],"tags":[21726,21714,21715,407,1419,137,33,31,30,21716,408,21725,21717,744,18121,4684,32,109,21719],"class_list":{"0":"post-120505","1":"post","2":"type-post","3":"status-publish","4":"format-standard","5":"has-post-thumbnail","7":"category-julkkikset","8":"tag-ammatti-reportteri","9":"tag-anamaria-vartolomei","10":"tag-bernardo-bertolucci","11":"tag-celebrities","12":"tag-ensi-ilta","13":"tag-entertainment","14":"tag-fi","15":"tag-finland","16":"tag-finnish","17":"tag-jessica-palud","18":"tag-julkkikset","19":"tag-last-tango-in-paris","20":"tag-maria-schneider","21":"tag-marlon-brando","22":"tag-matt-dillon","23":"tag-pariisi","24":"tag-suomi","25":"tag-viihde","26":"tag-viimeinen-tango-pariisissa"},"share_on_mastodon":{"url":"https:\/\/pubeurope.com\/@fi\/115745823485038727","error":""},"_links":{"self":[{"href":"https:\/\/www.europesays.com\/fi\/wp-json\/wp\/v2\/posts\/120505","targetHints":{"allow":["GET"]}}],"collection":[{"href":"https:\/\/www.europesays.com\/fi\/wp-json\/wp\/v2\/posts"}],"about":[{"href":"https:\/\/www.europesays.com\/fi\/wp-json\/wp\/v2\/types\/post"}],"author":[{"embeddable":true,"href":"https:\/\/www.europesays.com\/fi\/wp-json\/wp\/v2\/users\/2"}],"replies":[{"embeddable":true,"href":"https:\/\/www.europesays.com\/fi\/wp-json\/wp\/v2\/comments?post=120505"}],"version-history":[{"count":0,"href":"https:\/\/www.europesays.com\/fi\/wp-json\/wp\/v2\/posts\/120505\/revisions"}],"wp:featuredmedia":[{"embeddable":true,"href":"https:\/\/www.europesays.com\/fi\/wp-json\/wp\/v2\/media\/120506"}],"wp:attachment":[{"href":"https:\/\/www.europesays.com\/fi\/wp-json\/wp\/v2\/media?parent=120505"}],"wp:term":[{"taxonomy":"category","embeddable":true,"href":"https:\/\/www.europesays.com\/fi\/wp-json\/wp\/v2\/categories?post=120505"},{"taxonomy":"post_tag","embeddable":true,"href":"https:\/\/www.europesays.com\/fi\/wp-json\/wp\/v2\/tags?post=120505"}],"curies":[{"name":"wp","href":"https:\/\/api.w.org\/{rel}","templated":true}]}}