{"id":120518,"date":"2025-12-19T10:57:09","date_gmt":"2025-12-19T10:57:09","guid":{"rendered":"https:\/\/www.europesays.com\/fi\/120518\/"},"modified":"2025-12-19T10:57:09","modified_gmt":"2025-12-19T10:57:09","slug":"vuoden-kuntagradu-kasitteli-kunnan-ja-hyvinvointialueen-kaksoisrooleja","status":"publish","type":"post","link":"https:\/\/www.europesays.com\/fi\/120518\/","title":{"rendered":"Vuoden kuntagradu k\u00e4sitteli kunnan ja hyvinvointialueen kaksoisrooleja"},"content":{"rendered":"<p>Suomen Kuntas\u00e4\u00e4ti\u00f6n pro gradu -tunnustuspalkinto my\u00f6nnettiin hallintotieteiden maisteri <strong>Iitu Niemiselle<\/strong> tutkielmasta \u201dKunnan ja hyvinvointialueen kaksoismandaatit. Valtaa ja vuorovaikutusta kahdella tasolla.\u201d<\/p>\n<p>Tutkielma sai kiitosta ajankohtaisuudesta, uutuusarvosta ja tulevaisuussuuntautuneisuudesta. Kyseess\u00e4 on teema, joka n\u00e4kyy sek\u00e4 kuntien ett\u00e4 hyvinvointialueiden p\u00e4\u00e4t\u00f6ksenteon arjessa. Opinn\u00e4ytety\u00f6n ajankohtaisuudesta kertoo se, ett\u00e4 valtiovarainministeri\u00f6ll\u00e4 on loppusyksyst\u00e4 2024 l\u00e4htien k\u00e4ynniss\u00e4 ty\u00f6ryhm\u00e4n ty\u00f6 saman aihepiirin tiimoilta, todetaan p\u00e4\u00e4t\u00f6ksen perusteluissa.<\/p>\n<p>Palkinto jaettiin vuosina 2023\u20132024 valmistuneille pro gradu -tutkielmille, ja siihen kuuluu 2500 euron apuraha.<\/p>\n<p>Kunniamaininnan saivat FM, HTK <strong>Sanna Rantahalvari <\/strong>tutkielmastaan \u201dKunnallisen itsehallinnon arvoitus \u2013 Oikeushistoriallinen tarkastelu kunnallisesta itsehallinnosta 1865\u20132022\u201d sek\u00e4 filosofian maisteri Mari Parviainen tutkielmastaan \u201dSeh\u00e4n oli ihan hirve\u00e4 v\u00e4\u00e4nt\u00f6. Koheesiopolitiikan rahoitus ja vastakkainasettelu suuralueiden n\u00e4k\u00f6kulmasta.\u201d<\/p>\n<p>Ammattikorkeakoulusarjan palkinto tietojohtamisesta ja julkisten hankintojen vaikuttavuudesta<\/p>\n<p>Suomen Kuntas\u00e4\u00e4ti\u00f6n ammattikorkeakoulusarjan tunnustuspalkinto my\u00f6nnettiin tradenomi (YAMK) <strong>Noora Harju-Saariselle<\/strong> h\u00e4nen opinn\u00e4ytety\u00f6st\u00e4\u00e4n \u201dTietojohtaminen ja julkisten hankintojen vaikuttavuus\u201d.<\/p>\n<p>Tunnustukseen sis\u00e4ltyi 2000 euron apuraha. Ty\u00f6 sai kiitosta ajankohtaisesta ja yhteiskunnallisesti merkitt\u00e4v\u00e4st\u00e4 aiheesta, tulevaisuussuuntautuneisuudesta sek\u00e4 k\u00e4ytt\u00f6arvosta. Opinn\u00e4ytety\u00f6 tarjoaa hy\u00f6dyllist\u00e4 tietopohjaa ja konkreettisia kehitt\u00e4misehdotuksia kuntien hankintatoimen vaikuttavuuden parantamiseksi.<\/p>\n<p>Kunniamaininnan sai tradenomi (YAMK) <strong>Mari Hepola<\/strong> opinn\u00e4ytety\u00f6st\u00e4\u00e4n \u201dNuorten osallisuuden kehitt\u00e4minen kunnallisessa p\u00e4\u00e4t\u00f6ksenteossa demokratian jatkumon turvaamiseksi\u201d.<\/p>\n<p><strong>Palkitut tutkielmat:<\/strong><strong>Yhteystiedot:<\/strong><strong>Kunniamaininnan saaneet tutkielmat:<\/strong><\/p>\n<blockquote><p>Suomen Kuntas\u00e4\u00e4ti\u00f6<\/p>\n<p><a href=\"https:\/\/kuntasaatio.fi\/\" data-entity-type=\"external\" rel=\"nofollow noopener\" target=\"_blank\">Suomen Kuntas\u00e4\u00e4ti\u00f6n<\/a> tarkoituksena on edist\u00e4\u00e4 kuntien elinvoimaisuutta ja demokratiaa sek\u00e4 vahvistaa kuntien itsehallintoa. Kuntas\u00e4\u00e4ti\u00f6 jakaa Pro gradu -tunnustuspalkinnon kahden vuoden v\u00e4lein.<\/p>\n<\/blockquote>\n","protected":false},"excerpt":{"rendered":"Suomen Kuntas\u00e4\u00e4ti\u00f6n pro gradu -tunnustuspalkinto my\u00f6nnettiin hallintotieteiden maisteri Iitu Niemiselle tutkielmasta \u201dKunnan ja hyvinvointialueen kaksoismandaatit. Valtaa ja vuorovaikutusta&hellip;\n","protected":false},"author":2,"featured_media":118707,"comment_status":"","ping_status":"","sticky":false,"template":"","format":"standard","meta":{"footnotes":""},"categories":[5],"tags":[22,23,26,27,33,31,30,17,21514,24,25,28,29,15,18,21,32,19,20,472,16],"class_list":{"0":"post-120518","1":"post","2":"type-post","3":"status-publish","4":"format-standard","5":"has-post-thumbnail","7":"category-otsikot","8":"tag-breaking-news","9":"tag-breakingnews","10":"tag-featured-news","11":"tag-featurednews","12":"tag-fi","13":"tag-finland","14":"tag-finnish","15":"tag-headlines","16":"tag-johtaminen-ja-kehittaminen","17":"tag-latest-news","18":"tag-latestnews","19":"tag-main-news","20":"tag-mainnews","21":"tag-news","22":"tag-otsikot","23":"tag-paauutiset","24":"tag-suomi","25":"tag-top-stories","26":"tag-topstories","27":"tag-tutkimus","28":"tag-uutiset"},"share_on_mastodon":{"url":"https:\/\/pubeurope.com\/@fi\/115745878581435150","error":""},"_links":{"self":[{"href":"https:\/\/www.europesays.com\/fi\/wp-json\/wp\/v2\/posts\/120518","targetHints":{"allow":["GET"]}}],"collection":[{"href":"https:\/\/www.europesays.com\/fi\/wp-json\/wp\/v2\/posts"}],"about":[{"href":"https:\/\/www.europesays.com\/fi\/wp-json\/wp\/v2\/types\/post"}],"author":[{"embeddable":true,"href":"https:\/\/www.europesays.com\/fi\/wp-json\/wp\/v2\/users\/2"}],"replies":[{"embeddable":true,"href":"https:\/\/www.europesays.com\/fi\/wp-json\/wp\/v2\/comments?post=120518"}],"version-history":[{"count":0,"href":"https:\/\/www.europesays.com\/fi\/wp-json\/wp\/v2\/posts\/120518\/revisions"}],"wp:featuredmedia":[{"embeddable":true,"href":"https:\/\/www.europesays.com\/fi\/wp-json\/wp\/v2\/media\/118707"}],"wp:attachment":[{"href":"https:\/\/www.europesays.com\/fi\/wp-json\/wp\/v2\/media?parent=120518"}],"wp:term":[{"taxonomy":"category","embeddable":true,"href":"https:\/\/www.europesays.com\/fi\/wp-json\/wp\/v2\/categories?post=120518"},{"taxonomy":"post_tag","embeddable":true,"href":"https:\/\/www.europesays.com\/fi\/wp-json\/wp\/v2\/tags?post=120518"}],"curies":[{"name":"wp","href":"https:\/\/api.w.org\/{rel}","templated":true}]}}