{"id":120521,"date":"2025-12-19T11:09:07","date_gmt":"2025-12-19T11:09:07","guid":{"rendered":"https:\/\/www.europesays.com\/fi\/120521\/"},"modified":"2025-12-19T11:09:07","modified_gmt":"2025-12-19T11:09:07","slug":"vappu-pimian-joulu-kaliforniassa-pihalla-poliisit","status":"publish","type":"post","link":"https:\/\/www.europesays.com\/fi\/120521\/","title":{"rendered":"Vappu Pimi\u00e4n joulu Kaliforniassa \u2013 \u201dPihalla poliisit\u201d"},"content":{"rendered":"<p>Juontaja <strong>Vappu Pimi\u00e4<\/strong> on lent\u00e4nyt perheens\u00e4 kanssa Kaliforniaan viett\u00e4m\u00e4\u00e4n joulua. H\u00e4n esitteli aiemmissa sometarinoissaan perheen vuokraamaa taloa. He vuokrasivat saman talon my\u00f6s edellisell\u00e4 visiitill\u00e4. Taloa ei voi vuokrata kovin lyhyeksi aikaa kerralla, joten perheen loma taitaa kest\u00e4\u00e4 v\u00e4hint\u00e4\u00e4n kuukauden.<\/p>\n<p>Vappu on tehnyt lomalta jo useamman julkaisun. H\u00e4n on p\u00e4ivitt\u00e4nyt ahkerasti my\u00f6s sometarinoitaan. Tuoreimmassa niiss\u00e4 n\u00e4hd\u00e4\u00e4n jouluisia asioita sek\u00e4 paljon poliiseja.<\/p>\n<p>\u2013 T\u00e4\u00e4ll\u00e4 on pihalla poliisit ja joulupukki samaan aikaan, kertoo Vappu sometarinoissaan.<\/p>\n<p>Poliisien mukanaolo vaikuttaa olevan ihan normaalia, vaikka heit\u00e4 onkin paljon. Vapun tuorein julkaisu ei sis\u00e4ll\u00e4 teksti\u00e4. Mutta siin\u00e4 olevat kuvat kertovan kaiken siit\u00e4, kuinka leppoisaa lomaa Vappu perheineen viett\u00e4\u00e4.<\/p>\n<p>N\u00e4et Vapun julkaisun my\u00f6s <a href=\"https:\/\/www.instagram.com\/p\/DSZBw-7lLpU\/?utm_source=ig_web_copy_link&amp;igsh=MzRlODBiNWFlZA==\" target=\"_blank\" rel=\"noreferrer noopener nofollow\">t\u00e4\u00e4lt\u00e4<\/a>.<\/p>\n<p>Lue my\u00f6s: <a href=\"https:\/\/www.como.fi\/tilaa-comon-uutiskirje\/\" title=\"Tilaa Comon uutiskirje ja tied\u00e4t mist\u00e4 kahvitauolla puhutaan! Nappaa kotimaan tv-vinkit ja puheenaiheet suoraan s\u00e4hk\u00f6postiin t\u00e4st\u00e4.\" class=\"underline-custom !font-montserrat !font-bold !underline-offset-4 !decoration-4 !decoration-red-600 !text-md\" rel=\"nofollow noopener\" target=\"_blank\">Tilaa Comon uutiskirje ja tied\u00e4t mist\u00e4 kahvitauolla puhutaan! Nappaa kotimaan tv-vinkit ja puheenaiheet suoraan s\u00e4hk\u00f6postiin t\u00e4st\u00e4.<\/a><\/p>\n<p>\t\t\t<script async src=\"\/\/www.instagram.com\/embed.js\"><\/script><\/p>\n","protected":false},"excerpt":{"rendered":"Juontaja Vappu Pimi\u00e4 on lent\u00e4nyt perheens\u00e4 kanssa Kaliforniaan viett\u00e4m\u00e4\u00e4n joulua. H\u00e4n esitteli aiemmissa sometarinoissaan perheen vuokraamaa taloa. He&hellip;\n","protected":false},"author":2,"featured_media":120522,"comment_status":"","ping_status":"","sticky":false,"template":"","format":"standard","meta":{"footnotes":""},"categories":[136],"tags":[407,137,33,31,30,408,32,7258,109],"class_list":{"0":"post-120521","1":"post","2":"type-post","3":"status-publish","4":"format-standard","5":"has-post-thumbnail","7":"category-julkkikset","8":"tag-celebrities","9":"tag-entertainment","10":"tag-fi","11":"tag-finland","12":"tag-finnish","13":"tag-julkkikset","14":"tag-suomi","15":"tag-vappu-pimiu00e4","16":"tag-viihde"},"share_on_mastodon":{"url":"https:\/\/pubeurope.com\/@fi\/115745925573914140","error":""},"_links":{"self":[{"href":"https:\/\/www.europesays.com\/fi\/wp-json\/wp\/v2\/posts\/120521","targetHints":{"allow":["GET"]}}],"collection":[{"href":"https:\/\/www.europesays.com\/fi\/wp-json\/wp\/v2\/posts"}],"about":[{"href":"https:\/\/www.europesays.com\/fi\/wp-json\/wp\/v2\/types\/post"}],"author":[{"embeddable":true,"href":"https:\/\/www.europesays.com\/fi\/wp-json\/wp\/v2\/users\/2"}],"replies":[{"embeddable":true,"href":"https:\/\/www.europesays.com\/fi\/wp-json\/wp\/v2\/comments?post=120521"}],"version-history":[{"count":0,"href":"https:\/\/www.europesays.com\/fi\/wp-json\/wp\/v2\/posts\/120521\/revisions"}],"wp:featuredmedia":[{"embeddable":true,"href":"https:\/\/www.europesays.com\/fi\/wp-json\/wp\/v2\/media\/120522"}],"wp:attachment":[{"href":"https:\/\/www.europesays.com\/fi\/wp-json\/wp\/v2\/media?parent=120521"}],"wp:term":[{"taxonomy":"category","embeddable":true,"href":"https:\/\/www.europesays.com\/fi\/wp-json\/wp\/v2\/categories?post=120521"},{"taxonomy":"post_tag","embeddable":true,"href":"https:\/\/www.europesays.com\/fi\/wp-json\/wp\/v2\/tags?post=120521"}],"curies":[{"name":"wp","href":"https:\/\/api.w.org\/{rel}","templated":true}]}}