{"id":120523,"date":"2025-12-19T11:13:07","date_gmt":"2025-12-19T11:13:07","guid":{"rendered":"https:\/\/www.europesays.com\/fi\/120523\/"},"modified":"2025-12-19T11:13:07","modified_gmt":"2025-12-19T11:13:07","slug":"shape-of-despair-ja-kauan-kiertavat-yhdessa-suomea-kevaalla","status":"publish","type":"post","link":"https:\/\/www.europesays.com\/fi\/120523\/","title":{"rendered":"Shape of Despair ja Kauan kiert\u00e4v\u00e4t yhdess\u00e4 Suomea kev\u00e4\u00e4ll\u00e4"},"content":{"rendered":"<p>Alkuvuodesta py\u00f6re\u00e4t 30 vuotta t\u00e4ytt\u00e4nyt uraauurtava funeral doom -yhtye <strong>Shape of Despair<\/strong> ja marraskuussa uuden Wayhome-albumin julkaissut <strong>Kauan <\/strong>n\u00e4hd\u00e4\u00e4n kev\u00e4\u00e4n mittaan kolmella yhteiskeikalla Helsingiss\u00e4, Turussa ja Tampereella.<\/p>\n<p>Kaksikko esiintyy Helsingin Tavastia-klubilla 19. maaliskuuta. Seuraavan kerran duo n\u00e4hd\u00e4\u00e4n yhdess\u00e4 Turun Apollossa 8. toukokuuta ja viel\u00e4 kertaalleen Tampereen Olympiassa 15. toukokuuta. Liput Tavastialle ja Olympiaan ovat jo myynniss\u00e4 Tiketiss\u00e4, Apollon-keikalle tulevat vasta my\u00f6hemmin.<\/p>\n<p>Lue my\u00f6s: <a href=\"https:\/\/www.inferno.fi\/uutiskirje\/\" title=\"Tilaa Infernon uutiskirje\" class=\"underline-custom !font-montserrat !font-bold !underline-offset-4 !decoration-4 !decoration-red-600 !text-md\" rel=\"nofollow noopener\" target=\"_blank\">Tilaa Infernon uutiskirje ja tied\u00e4t mist\u00e4 kahvitauolla puhutaan! Nappaa raskaan musiikin uutiset ja puheenaiheet suoraan s\u00e4hk\u00f6postiin t\u00e4st\u00e4.<\/a><\/p>\n","protected":false},"excerpt":{"rendered":"Alkuvuodesta py\u00f6re\u00e4t 30 vuotta t\u00e4ytt\u00e4nyt uraauurtava funeral doom -yhtye Shape of Despair ja marraskuussa uuden Wayhome-albumin julkaissut Kauan&hellip;\n","protected":false},"author":2,"featured_media":120524,"comment_status":"","ping_status":"","sticky":false,"template":"","format":"standard","meta":{"footnotes":""},"categories":[132],"tags":[137,33,31,30,1039,195,47,32,109],"class_list":{"0":"post-120523","1":"post","2":"type-post","3":"status-publish","4":"format-standard","5":"has-post-thumbnail","7":"category-musiikki","8":"tag-entertainment","9":"tag-fi","10":"tag-finland","11":"tag-finnish","12":"tag-keikkauutiset","13":"tag-music","14":"tag-musiikki","15":"tag-suomi","16":"tag-viihde"},"share_on_mastodon":{"url":"https:\/\/pubeurope.com\/@fi\/115745941288578267","error":""},"_links":{"self":[{"href":"https:\/\/www.europesays.com\/fi\/wp-json\/wp\/v2\/posts\/120523","targetHints":{"allow":["GET"]}}],"collection":[{"href":"https:\/\/www.europesays.com\/fi\/wp-json\/wp\/v2\/posts"}],"about":[{"href":"https:\/\/www.europesays.com\/fi\/wp-json\/wp\/v2\/types\/post"}],"author":[{"embeddable":true,"href":"https:\/\/www.europesays.com\/fi\/wp-json\/wp\/v2\/users\/2"}],"replies":[{"embeddable":true,"href":"https:\/\/www.europesays.com\/fi\/wp-json\/wp\/v2\/comments?post=120523"}],"version-history":[{"count":0,"href":"https:\/\/www.europesays.com\/fi\/wp-json\/wp\/v2\/posts\/120523\/revisions"}],"wp:featuredmedia":[{"embeddable":true,"href":"https:\/\/www.europesays.com\/fi\/wp-json\/wp\/v2\/media\/120524"}],"wp:attachment":[{"href":"https:\/\/www.europesays.com\/fi\/wp-json\/wp\/v2\/media?parent=120523"}],"wp:term":[{"taxonomy":"category","embeddable":true,"href":"https:\/\/www.europesays.com\/fi\/wp-json\/wp\/v2\/categories?post=120523"},{"taxonomy":"post_tag","embeddable":true,"href":"https:\/\/www.europesays.com\/fi\/wp-json\/wp\/v2\/tags?post=120523"}],"curies":[{"name":"wp","href":"https:\/\/api.w.org\/{rel}","templated":true}]}}