{"id":120527,"date":"2025-12-19T11:16:09","date_gmt":"2025-12-19T11:16:09","guid":{"rendered":"https:\/\/www.europesays.com\/fi\/120527\/"},"modified":"2025-12-19T11:16:09","modified_gmt":"2025-12-19T11:16:09","slug":"katsaus-kalpan-sairastuvalle-19-12-2025","status":"publish","type":"post","link":"https:\/\/www.europesays.com\/fi\/120527\/","title":{"rendered":"Katsaus KalPan sairastuvalle \u2013 19.12.2025"},"content":{"rendered":"<p>                        <a href=\"https:\/\/lh3.googleusercontent.com\/JGqQbJctM-VYf4wFJZnOZpVVxngAYleM_WUJvrTSfHB10vgu2Cyqd2USnBWrgW_sfFSL9aedMCtbsdxk1lMXypK6SFZ0DZ_Gt8ShOj52uPyhcYQ=s1600\" rel=\"lightbox[content] nofollow noopener\" title=\"\" target=\"_blank\"><\/p>\n<p>                        <img class=\"img-responsive\"  alt=\"\" onerror=\"this.style.display='none'\" style=\"max-width: 100%;\"\/><\/p>\n<p>                        <\/a><\/p>\n<p>\u200b\u200b\u200b\u200b\u200b\u200b\u200b\u200b\u200b\u200b\u200b\u200b\u200b\u200bLiigan, pelaajayhdistyksen ja tietosuojavaltuutetun laatimien s\u00e4\u00e4nt\u00f6jen mukaisesti pelaajien loukkaantumisiin liittyvi\u00e4 tarkkoja tietoja ei kerrota julkisuuteen.<\/p>\n<p>KalPan loukkaantumistilanne tullaan p\u00e4ivitt\u00e4m\u00e4\u00e4n kauden aikana viikoittain. Yksitt\u00e4isist\u00e4 poissaoloista, sairastumisista jne. ei kommentoida erikseen.<\/p>\n<p>Pelaajien loukkaantumisiin liittyen kerrotaan arvioitu paluuajankohta ja arvio saattaa muuttua pelaajan toipumisaikana.<\/p>\n<p><strong>Kohti parempaa, Terveystalo Kuopio.<\/strong><\/p>\n<p><strong>KalPan sairastuvalla on t\u00e4ll\u00e4 hetkell\u00e4 nelj\u00e4 pelaajaa:<\/strong><\/p>\n<p>#8 <strong>Ville Ruotsalainen<\/strong>, puolustaja, arvioitu paluuajankohta: viikoilla 52\u20131<\/p>\n<p>#9 <strong>Juuso M\u00e4enp\u00e4\u00e4, <\/strong>hy\u00f6kk\u00e4\u00e4j\u00e4, arvioitu paluuajankohta: viikoilla 2\u20134.<strong\/><\/p>\n<p>#71 <strong>Patrick Curry<\/strong>, hy\u00f6kk\u00e4\u00e4j\u00e4, arvioitu paluuajankohta: viikoilla 2\u20134. <\/p>\n<p>#86 <strong>Kristjan Kombe<\/strong>, hy\u00f6kk\u00e4\u00e4j\u00e4, arvioitu paluuajankohta: l\u00e4hip\u00e4ivin\u00e4. <\/p>\n","protected":false},"excerpt":{"rendered":"\u200b\u200b\u200b\u200b\u200b\u200b\u200b\u200b\u200b\u200b\u200b\u200b\u200b\u200bLiigan, pelaajayhdistyksen ja tietosuojavaltuutetun laatimien s\u00e4\u00e4nt\u00f6jen mukaisesti pelaajien loukkaantumisiin liittyvi\u00e4 tarkkoja tietoja ei kerrota julkisuuteen. KalPan loukkaantumistilanne tullaan&hellip;\n","protected":false},"author":2,"featured_media":11735,"comment_status":"","ping_status":"","sticky":false,"template":"","format":"standard","meta":{"footnotes":""},"categories":[158],"tags":[33,31,30,159,32,160],"class_list":{"0":"post-120527","1":"post","2":"type-post","3":"status-publish","4":"format-standard","5":"has-post-thumbnail","7":"category-urheilu","8":"tag-fi","9":"tag-finland","10":"tag-finnish","11":"tag-sports","12":"tag-suomi","13":"tag-urheilu"},"share_on_mastodon":{"url":"https:\/\/pubeurope.com\/@fi\/115745953226958630","error":""},"_links":{"self":[{"href":"https:\/\/www.europesays.com\/fi\/wp-json\/wp\/v2\/posts\/120527","targetHints":{"allow":["GET"]}}],"collection":[{"href":"https:\/\/www.europesays.com\/fi\/wp-json\/wp\/v2\/posts"}],"about":[{"href":"https:\/\/www.europesays.com\/fi\/wp-json\/wp\/v2\/types\/post"}],"author":[{"embeddable":true,"href":"https:\/\/www.europesays.com\/fi\/wp-json\/wp\/v2\/users\/2"}],"replies":[{"embeddable":true,"href":"https:\/\/www.europesays.com\/fi\/wp-json\/wp\/v2\/comments?post=120527"}],"version-history":[{"count":0,"href":"https:\/\/www.europesays.com\/fi\/wp-json\/wp\/v2\/posts\/120527\/revisions"}],"wp:featuredmedia":[{"embeddable":true,"href":"https:\/\/www.europesays.com\/fi\/wp-json\/wp\/v2\/media\/11735"}],"wp:attachment":[{"href":"https:\/\/www.europesays.com\/fi\/wp-json\/wp\/v2\/media?parent=120527"}],"wp:term":[{"taxonomy":"category","embeddable":true,"href":"https:\/\/www.europesays.com\/fi\/wp-json\/wp\/v2\/categories?post=120527"},{"taxonomy":"post_tag","embeddable":true,"href":"https:\/\/www.europesays.com\/fi\/wp-json\/wp\/v2\/tags?post=120527"}],"curies":[{"name":"wp","href":"https:\/\/api.w.org\/{rel}","templated":true}]}}