{"id":120530,"date":"2025-12-19T11:20:07","date_gmt":"2025-12-19T11:20:07","guid":{"rendered":"https:\/\/www.europesays.com\/fi\/120530\/"},"modified":"2025-12-19T11:20:07","modified_gmt":"2025-12-19T11:20:07","slug":"hartela-rakentaa-tokmannille-uuden-myymalarakennuksen-vantaan-kivistoon","status":"publish","type":"post","link":"https:\/\/www.europesays.com\/fi\/120530\/","title":{"rendered":"Hartela rakentaa Tokmannille uuden myym\u00e4l\u00e4rakennuksen Vantaan Kivist\u00f6\u00f6n"},"content":{"rendered":"<p><strong><\/p>\n<p>Hartela on myynyt omaperusteisesti kehitt\u00e4m\u00e4ns\u00e4 toimitilahankkeen kokonaisuudessaan kiinteist\u00f6yhti\u00f6 Cibus Nordic Real Estate AB:lle. Kohteen p\u00e4\u00e4k\u00e4ytt\u00e4j\u00e4ksi tulee Tokmanni, ja Hartela vastaa hankkeen toteutuksesta.<\/p>\n<p><\/strong><\/p>\n<p>Hanke on laajuudeltaan noin 4 000 neli\u00f6t\u00e4, josta Tokmannin myym\u00e4l\u00e4rakennus kattaa noin 3 500 neli\u00f6t\u00e4. Rakentamisen on tarkoitus alkaa alkuvuonna 2026, ja tavoitteena on saada tilat valmiiksi joulumyyntiin samana vuonna. Kiinteist\u00f6n muut palveluntarjoajat tarkentuvat my\u00f6hemmin.\u00a0<\/p>\n<p>\u201cTokmanni on Cibukselle merkitt\u00e4v\u00e4 yhteisty\u00f6kumppani, ja olemme iloisia voidessamme lis\u00e4t\u00e4 t\u00e4m\u00e4n kaupallisesti ja teknisesti korkealaatuisen kohteen portfolioomme, ja kasvattaa salkkuamme strategiamme mukaisesti. Yhteisty\u00f6 Hartelan kanssa on sujunut alusta alkaen erinomaisesti, ja odotamme t\u00e4m\u00e4n jatkuvan my\u00f6s rakennusvaiheen aikana\u201d, kertoo Cibuksen tietohallintojohtaja Iiris Eestil\u00e4.\u00a0<\/p>\n<p>Tokmannin\u00a0uuden myym\u00e4l\u00e4rakennuksen\u00a0l\u00e4mmint\u00e4\u00a0myym\u00e4l\u00e4pinta-alaa\u00a0on\u00a0noin 2\u00a0600 neli\u00f6t\u00e4. Myym\u00e4l\u00e4n yhteyteen valmistuu lis\u00e4ksi laaja kausi- ja pihamyym\u00e4l\u00e4\u00a0sek\u00e4 autolla asioiville yhteinen pys\u00e4k\u00f6intialue.\u00a0<\/p>\n<p>Kivist\u00f6n alue tarjoaa erinomaiset liikenneyhteydet: junayhteys tuo asiakkaita\u00a0l\u00e4hialueilta, ja autolla kohteeseen on helppo poiketa H\u00e4meenlinnanv\u00e4yl\u00e4lt\u00e4 sek\u00e4 Tikkurilantielt\u00e4. Hanke t\u00e4ydent\u00e4\u00e4 alueen palvelutarjontaa ja vahvistaa sen kaupallista vetovoimaa.\u00a0<\/p>\n<p>\u201cKivist\u00f6n myym\u00e4l\u00e4 on meille t\u00e4rke\u00e4 askel\u00a0myym\u00e4l\u00e4verkoston kehitt\u00e4misess\u00e4 p\u00e4\u00e4kaupunkiseudulla. Alueen kasvu ja hyv\u00e4t liikenneyhteydet tarjoavat erinomaiset edellytykset palvella asiakkaita entist\u00e4 paremmin\u201d, kertoo Tokmannin\u00a0kauppapaikka- ja konseptijohtaja Harri Koponen.\u00a0\u00a0<\/p>\n<p>Tokmannin myym\u00e4l\u00e4rakennus toteutetaan Hartelan Boksi-palvelukonseptin mukaisena liiketilana. Boksi tarjoaa kustannustehokkaan ja modernin ratkaisun, joka on r\u00e4\u00e4t\u00e4l\u00f6ity liiketoimintojen\u00a0tarpeisiin. Konsepti on jo k\u00e4yt\u00f6ss\u00e4 mm. Julan myym\u00e4l\u00e4ss\u00e4\u00a0Helsingin Konalassa, joka valmistui vuoden 2025 lopussa. Hartelan aiempia p\u00e4\u00e4kaupunkiseudulle toteutettuja kaupan alan toimitiloja ovat my\u00f6s L\u00e4hipalvelukeskus Hertsi ja kauppakeskus Ristikko.\u00a0<\/p>\n<p>\u201cOn hienoa p\u00e4\u00e4st\u00e4 toteuttamaan hanke, joka tuo Kivist\u00f6\u00f6n lis\u00e4\u00e4 monipuolisia palveluja ja vahvistaa alueen kaupallista elinvoimaa. Panostamme tilaratkaisuihin, jotka tukevat tehokasta toimintaa ja tarjoavat joustavuutta my\u00f6s tulevaisuuden tarpeisiin. Tavoitteemme on luoda kokonaisuus, joka palvelee sek\u00e4 vuokralaisia ett\u00e4 alueen asiakkaita parhaalla mahdollisella tavalla\u201d, kertoo Hartelan hankekehitysjohtaja Ilmari H\u00e4m\u00e4l\u00e4inen.\u00a0\u00a0<\/p>\n<p>Hartelan neuvonantajina kaupassa toimivat Mrec Oy ja Asianajotoimisto Merilampi Oy.<\/p>\n","protected":false},"excerpt":{"rendered":"Hartela on myynyt omaperusteisesti kehitt\u00e4m\u00e4ns\u00e4 toimitilahankkeen kokonaisuudessaan kiinteist\u00f6yhti\u00f6 Cibus Nordic Real Estate AB:lle. Kohteen p\u00e4\u00e4k\u00e4ytt\u00e4j\u00e4ksi tulee Tokmanni, ja&hellip;\n","protected":false},"author":2,"featured_media":120531,"comment_status":"","ping_status":"","sticky":false,"template":"","format":"standard","meta":{"footnotes":""},"categories":[76],"tags":[79,77,33,31,30,32,78],"class_list":{"0":"post-120530","1":"post","2":"type-post","3":"status-publish","4":"format-standard","5":"has-post-thumbnail","7":"category-talous","8":"tag-business","9":"tag-economy","10":"tag-fi","11":"tag-finland","12":"tag-finnish","13":"tag-suomi","14":"tag-talous"},"share_on_mastodon":{"url":"https:\/\/pubeurope.com\/@fi\/115745969038589853","error":""},"_links":{"self":[{"href":"https:\/\/www.europesays.com\/fi\/wp-json\/wp\/v2\/posts\/120530","targetHints":{"allow":["GET"]}}],"collection":[{"href":"https:\/\/www.europesays.com\/fi\/wp-json\/wp\/v2\/posts"}],"about":[{"href":"https:\/\/www.europesays.com\/fi\/wp-json\/wp\/v2\/types\/post"}],"author":[{"embeddable":true,"href":"https:\/\/www.europesays.com\/fi\/wp-json\/wp\/v2\/users\/2"}],"replies":[{"embeddable":true,"href":"https:\/\/www.europesays.com\/fi\/wp-json\/wp\/v2\/comments?post=120530"}],"version-history":[{"count":0,"href":"https:\/\/www.europesays.com\/fi\/wp-json\/wp\/v2\/posts\/120530\/revisions"}],"wp:featuredmedia":[{"embeddable":true,"href":"https:\/\/www.europesays.com\/fi\/wp-json\/wp\/v2\/media\/120531"}],"wp:attachment":[{"href":"https:\/\/www.europesays.com\/fi\/wp-json\/wp\/v2\/media?parent=120530"}],"wp:term":[{"taxonomy":"category","embeddable":true,"href":"https:\/\/www.europesays.com\/fi\/wp-json\/wp\/v2\/categories?post=120530"},{"taxonomy":"post_tag","embeddable":true,"href":"https:\/\/www.europesays.com\/fi\/wp-json\/wp\/v2\/tags?post=120530"}],"curies":[{"name":"wp","href":"https:\/\/api.w.org\/{rel}","templated":true}]}}