{"id":120532,"date":"2025-12-19T11:21:08","date_gmt":"2025-12-19T11:21:08","guid":{"rendered":"https:\/\/www.europesays.com\/fi\/120532\/"},"modified":"2025-12-19T11:21:08","modified_gmt":"2025-12-19T11:21:08","slug":"mehumiljonaari-kansanedustaja-juhli-new-yorkissa-oli-poissa-kun-eduskunta-leikkasi-toimeentulotukea","status":"publish","type":"post","link":"https:\/\/www.europesays.com\/fi\/120532\/","title":{"rendered":"Mehumiljon\u00e4\u00e4ri-kansanedustaja juhli New Yorkissa \u2013 oli poissa, kun eduskunta leikkasi toimeentulotukea"},"content":{"rendered":"<p>Miljon\u00e4\u00e4rikansanedustajaksi tituleerattu Fagerstr\u00f6m j\u00e4i alkuviikon eduskunnan istunnoista pois.<\/p>\n<p>Lue tiivistelm\u00e4<\/p>\n<p class=\"article-body mb-nof-24 px-nof-16 sndp-summary-bullet-point-font\">Kokoomuksen kansanedustaja Noora Fagerstr\u00f6m ei ollut paikalla eduskunnassa maanantaina ja tiistaina, kun p\u00e4\u00e4tt\u00e4j\u00e4t k\u00e4sitteliv\u00e4t toimeentulotuen leikkauksia.<\/p>\n<p class=\"article-body mb-nof-24 px-nof-16 sndp-summary-bullet-point-font\">Fagerstr\u00f6m vietti viikonlopun New Yorkissa 40-vuotisjuhlissa ja julkaisi matkasta sosiaaliseen mediaan kuvia ja videoita.<\/p>\n<p class=\"article-body mb-nof-24 px-nof-16 sndp-summary-bullet-point-font\">Eduskunnan ohjeistuksen mukaan hyv\u00e4ksytt\u00e4vi\u00e4 poissaolon syit\u00e4 ovat eduskuntaan liittyv\u00e4 teht\u00e4v\u00e4 tai henkil\u00f6kohtainen \u201dmerkityksellinen\u201d syy, kuten perhevapaa tai l\u00e4heisen vihkitilaisuus.<\/p>\n<p class=\"article-body mb-nof-24 px-nof-16\">Ensimm\u00e4isen kauden kokoomuksen kansanedustaja ja mehubaari Jungle Juice Barin perustaja <a class=\"article-personlink\" href=\"https:\/\/www.is.fi\/haku\/?query=Noora%20Fagerstr%C3%B6m\" rel=\"nofollow noopener\" target=\"_blank\">Noora Fagerstr\u00f6m<\/a> julkaisi hiljattain eloisia lomakuvia ja -videoita viikonlopun New Yorkin reissultaan.<\/p>\n<p class=\"article-body mb-nof-24 px-nof-16\">\u2013 Viime viikonlopun 40-vuotismatka yst\u00e4vien kanssa. Ikimuistoinen kokemus. T\u00e4ynn\u00e4 naurua, treeni\u00e4, syv\u00e4llisi\u00e4 keskusteluja, tanssia ja aitoa yhdess\u00e4oloa, kansanedustaja hehkutti some-julkaisussaan.<\/p>\n<p class=\"article-body mb-nof-24 px-nof-16\">Ikimuistoinen matkakokemus verotti p\u00e4iv\u00e4\u00adt\u00f6it\u00e4. Fagerstr\u00f6m ei ollut paikalla maanantain tai tiistain eduskunnan t\u00e4ysistunnossa, selvi\u00e4\u00e4 eduskunnan nimenhuuto\u00adraporteista. Alkuviikosta p\u00e4\u00e4tt\u00e4j\u00e4t ruotivat muun muassa kiistelty\u00e4 toimeen\u00adtulo\u00adtuen uudistusta, joka tiukentaa tuen saamisen ehtoja ja lis\u00e4\u00e4 tuen velvoitteita. Uudistuksen yhteydess\u00e4 tuen perusosaa leikataan kaikilta t\u00e4ysi-ik\u00e4isilt\u00e4 2\u20133 prosenttia ja tuesta poistetaan 150 euron ansiotulov\u00e4hennys.<\/p>\n<p class=\"article-body mb-nof-24 px-nof-16\">Lakiehdotus hyv\u00e4ksyttiin tiistaina \u00e4\u00e4nin 91\u201379. Oppositio on kritisoinut muutosten lis\u00e4\u00e4v\u00e4n \u00e4\u00e4rimm\u00e4ist\u00e4 k\u00f6yhyytt\u00e4.<\/p>\n<p class=\"article-body mb-nof-24 px-nof-16\">Asiasta uutisoi <a class=\"article-genericlink\" href=\"https:\/\/www.iltalehti.fi\/politiikka\/a\/63ba0a85-8bea-4b7e-8551-4eb8f43820da\" rel=\"nofollow noopener\" target=\"_blank\">Iltalehti<\/a> ensimm\u00e4isen\u00e4.<\/p>\n<p class=\"article-body mb-nof-24 px-nof-16\">Fagerstr\u00f6min poissaolon syyt\u00e4 ei ole m\u00e4\u00e4ritelty p\u00f6yt\u00e4kirjoihin. Eduskunnan ohjeistuksen mukaan on vain kaksi hyv\u00e4ksytt\u00e4v\u00e4\u00e4 syyt\u00e4 j\u00e4\u00e4d\u00e4 pois istunnoista.<\/p>\n<p class=\"article-body mb-nof-24 px-nof-16\">Kansanedustaja voi ilmoittaa t\u00e4ysistunto\u00adpoissaolon syyksi eduskuntaty\u00f6h\u00f6n liittyv\u00e4n teht\u00e4v\u00e4n tai hyv\u00e4ksytt\u00e4v\u00e4n henkil\u00f6kohtaisen syyn. Hyv\u00e4ksytt\u00e4v\u00e4 henkil\u00f6kohtainen syy voi olla esimerkiksi perhevapaa, l\u00e4hiomaisen sairaus, l\u00e4heisen tai oma vihkitilaisuus tai muu \u201dmerkitykselt\u00e4\u00e4n\u201d n\u00e4ihin rinnastettava tapahtuma.<\/p>\n<p class=\"article-body mb-nof-24 px-nof-16\">Muista poissaoloista ei tehd\u00e4 ilmoitusta, eik\u00e4 poissaolon syyn per\u00e4\u00e4n my\u00f6sk\u00e4\u00e4n kysell\u00e4.<\/p>\n<p class=\"article-body mb-nof-24 px-nof-16\">\u2013\u2009Kyseess\u00e4 oli yst\u00e4vieni minulle j\u00e4rjest\u00e4m\u00e4 40-vuotismatka, johon olin pyyt\u00e4nyt luvan eduskuntaryhm\u00e4lt\u00e4 jo aiemmin syksyll\u00e4, Fagerstr\u00f6m kertoi IS:lle.<\/p>\n<p class=\"article-body mb-nof-24 px-nof-16\">\u2013\u2009Kyse ei ollut eduskuntaty\u00f6h\u00f6n liittyv\u00e4st\u00e4 teht\u00e4v\u00e4st\u00e4 tai henkil\u00f6kohtaisesta syyst\u00e4, joten poissaolo on merkitty kategoriaan \u201dmuu syy\u201d, joita ei eduskunnan ohjeiden mukaan tarvitse erikseen ilmoittaa, kertoo.<\/p>\n<p class=\"article-body mb-nof-24 px-nof-16\">Osasitko arvella, ett\u00e4 voi n\u00e4ytt\u00e4\u00e4 rumalta kun t\u00e4llainen reissu ja toimeentulotuki osuvat yhteen?<\/p>\n<p class=\"article-body mb-nof-24 px-nof-16\">\u2013\u2009Kommentoin poissaoloani koskevia faktoja. En l\u00e4hde arvioimaan asiaa mielikuvien tai tulkintojen kautta.<\/p>\n<p class=\"article-body mb-nof-24 px-nof-16\">Fagerstr\u00f6mi\u00e4 on tituleerattu my\u00f6s \u201dmiljon\u00e4\u00e4ri\u00adkansanedustajaksi\u201d. Jungle Juice Bar -ketjun Fagerstr\u00f6m perusti yhdess\u00e4 puolisonsa kanssa kanssa vuonna 2010 ja h\u00e4n ty\u00f6skenteli yrityksen toimitusjohtajana l\u00e4hes kymmenen vuotta.<\/p>\n<p class=\"article-body mb-nof-24 px-nof-16\">H\u00e4nen puolisonsa <a class=\"article-personlink\" href=\"https:\/\/www.is.fi\/haku\/?query=Petteri%20Fagerstr%C3%B6m\" rel=\"nofollow noopener\" target=\"_blank\">Petteri Fagerstr\u00f6m<\/a> tuomittiin lokakuussa ampuma-aserikkomuksesta. Fagerstr\u00f6mille m\u00e4\u00e4r\u00e4ttiin kymmenen p\u00e4iv\u00e4sakkoa, joka tekee h\u00e4nelle maksettavaksi 60 euroa.<\/p>\n<p class=\"article-body mb-nof-24 px-nof-16\">Noora Fagerstr\u00f6m kohautti ensimm\u00e4isen edustaja\u00adkautensa alkupuolella lausunnoillaan pienituloisten etujen leikkaamisesta.<\/p>\n<p class=\"article-body mb-nof-24 px-nof-16\">Fagerstr\u00f6m piti Iltalehden julkaisemassa haastattelussa ymm\u00e4rrett\u00e4v\u00e4n\u00e4 sit\u00e4, ett\u00e4 hallitus leikkaa sosiaaliturvaetuuksia 1,2 miljardilla eurolla. IL:n mukaan Fagerstr\u00f6mist\u00e4 olisi \u201dymm\u00e4rrett\u00e4v\u00e4\u00e4, ett\u00e4 menoleikkaukset osuvat pienempi\u00adtuloisiin\u201d.<\/p>\n<p class=\"article-body mb-nof-24 px-nof-16\">H\u00e4n tienasi ennen kansanedustajuutta vuonna 2022 yhteens\u00e4 39\u202f557 euroa.<\/p>\n<p class=\"article-body mb-nof-24 px-nof-16\">Vuonna 2020 Fagerstr\u00f6min verotettavat tulot olivat l\u00e4hes miljoona euroa. Vuonna 2017 h\u00e4nen verotettavat tulonsa olivat l\u00e4hes kaksi miljoonaa euroa.<\/p>\n","protected":false},"excerpt":{"rendered":"Miljon\u00e4\u00e4rikansanedustajaksi tituleerattu Fagerstr\u00f6m j\u00e4i alkuviikon eduskunnan istunnoista pois. Lue tiivistelm\u00e4 Kokoomuksen kansanedustaja Noora Fagerstr\u00f6m ei ollut paikalla eduskunnassa&hellip;\n","protected":false},"author":2,"featured_media":120533,"comment_status":"","ping_status":"","sticky":false,"template":"","format":"standard","meta":{"footnotes":""},"categories":[14],"tags":[22,23,26,27,33,31,30,17,34,24,25,28,29,15,18,21,32,19,20,56,16,59,60,61],"class_list":{"0":"post-120532","1":"post","2":"type-post","3":"status-publish","4":"format-standard","5":"has-post-thumbnail","7":"category-ulkomaat","8":"tag-breaking-news","9":"tag-breakingnews","10":"tag-featured-news","11":"tag-featurednews","12":"tag-fi","13":"tag-finland","14":"tag-finnish","15":"tag-headlines","16":"tag-ilta-sanomat","17":"tag-latest-news","18":"tag-latestnews","19":"tag-main-news","20":"tag-mainnews","21":"tag-news","22":"tag-otsikot","23":"tag-paauutiset","24":"tag-suomi","25":"tag-top-stories","26":"tag-topstories","27":"tag-ulkomaat","28":"tag-uutiset","29":"tag-world","30":"tag-world-news","31":"tag-worldnews"},"share_on_mastodon":{"url":"https:\/\/pubeurope.com\/@fi\/115745972802718392","error":""},"_links":{"self":[{"href":"https:\/\/www.europesays.com\/fi\/wp-json\/wp\/v2\/posts\/120532","targetHints":{"allow":["GET"]}}],"collection":[{"href":"https:\/\/www.europesays.com\/fi\/wp-json\/wp\/v2\/posts"}],"about":[{"href":"https:\/\/www.europesays.com\/fi\/wp-json\/wp\/v2\/types\/post"}],"author":[{"embeddable":true,"href":"https:\/\/www.europesays.com\/fi\/wp-json\/wp\/v2\/users\/2"}],"replies":[{"embeddable":true,"href":"https:\/\/www.europesays.com\/fi\/wp-json\/wp\/v2\/comments?post=120532"}],"version-history":[{"count":0,"href":"https:\/\/www.europesays.com\/fi\/wp-json\/wp\/v2\/posts\/120532\/revisions"}],"wp:featuredmedia":[{"embeddable":true,"href":"https:\/\/www.europesays.com\/fi\/wp-json\/wp\/v2\/media\/120533"}],"wp:attachment":[{"href":"https:\/\/www.europesays.com\/fi\/wp-json\/wp\/v2\/media?parent=120532"}],"wp:term":[{"taxonomy":"category","embeddable":true,"href":"https:\/\/www.europesays.com\/fi\/wp-json\/wp\/v2\/categories?post=120532"},{"taxonomy":"post_tag","embeddable":true,"href":"https:\/\/www.europesays.com\/fi\/wp-json\/wp\/v2\/tags?post=120532"}],"curies":[{"name":"wp","href":"https:\/\/api.w.org\/{rel}","templated":true}]}}