{"id":120534,"date":"2025-12-19T11:22:08","date_gmt":"2025-12-19T11:22:08","guid":{"rendered":"https:\/\/www.europesays.com\/fi\/120534\/"},"modified":"2025-12-19T11:22:08","modified_gmt":"2025-12-19T11:22:08","slug":"kummipoikansa-raiskanneen-miehen-tuomio-koveni-hovioikeudessa","status":"publish","type":"post","link":"https:\/\/www.europesays.com\/fi\/120534\/","title":{"rendered":"Kummipoikansa raiskanneen miehen tuomio koveni hovioikeudessa"},"content":{"rendered":"<p>Tuomiot|Helsingin hovioikeus korotti kolmekymppisen miehen tuomiota. Mies k\u00e4ytti vuosien ajan hyv\u00e4kseen kummipoikaansa.<\/p>\n<p>Lue tiivistelm\u00e4<\/p>\n<p class=\"article-body mb-nof-24 px-nof-16 sndp-summary-bullet-point-font\">Helsingin hovioikeus korotti kolmekymppisen miehen tuomiota kahdella vuodella kymmeneen vuoden vankeuteen.<\/p>\n<p class=\"article-body mb-nof-24 px-nof-16 sndp-summary-bullet-point-font\">Mies raiskasi ja k\u00e4ytti seksuaalisesti hyv\u00e4kseen kummipoikaansa l\u00e4hes 200 kertaa p\u00e4\u00e4kaupunkiseudulla vuosina 2019\u20132023.<\/p>\n<p class=\"article-body mb-nof-24 px-nof-16 sndp-summary-bullet-point-font\">Uhri oli tekojen alkaessa 12-vuotias, ja hovioikeus katsoi miehen ansaitsevan ankaramman rangaistuksen tekojen suuren lukum\u00e4\u00e4r\u00e4n ja uhrin kontrolloinnin vuoksi.<\/p>\n<p class=\"article-body mb-nof-24 px-nof-16\">Kolmekymppinen mies hyv\u00e4ksik\u00e4ytti kummipoikaansa vuosien ajan. It\u00e4-Uudenmaan k\u00e4r\u00e4j\u00e4oikeus tuomitsi miehen viime vuonna kahdeksan vuoden vankeuteen lukuisista erillisist\u00e4 lapseen kohdistuneista seksuaalirikoksista, kuten t\u00f6rkeist\u00e4 lapsenraiskauksista.<\/p>\n<p class=\"article-body mb-nof-24 px-nof-16\">Hovioikeus korotti miehen tuomiota kahdella vuodella.<\/p>\n<p class=\"article-body mb-nof-24 px-nof-16\">Rikokset tapahtuivat p\u00e4\u00e4kaupunkiseudulla vuosina 2019\u20132023. Tekokertoja oli l\u00e4hes 200.<\/p>\n<p class=\"article-body mb-nof-24 px-nof-16\">Uhri oli tekojen alkaessa 12-vuotias ja ik\u00e4eroa heill\u00e4 oli miehen kanssa 16 vuotta. Teot paljastuivat, kun 15-vuotias uhri ei en\u00e4\u00e4 halunnut menn\u00e4 miehen luo kyl\u00e4\u00e4n.<\/p>\n<p class=\"article-body mb-nof-24 px-nof-16\">Sit\u00e4 ennen uhri oli viett\u00e4nyt runsaasti aikaa miehen kanssa, etenkin viikonloppuisin ja lomilla. He my\u00f6s y\u00f6pyiv\u00e4t usein yhdess\u00e4. Mies oli l\u00e4heinen koko perheelle.<\/p>\n<p class=\"article-body mb-nof-24 px-nof-16\">K\u00e4r\u00e4j\u00e4oikeudessa katsottiin, ett\u00e4 mies oli pitk\u00e4aikaisesti ja toistuvasti k\u00e4ytt\u00e4nyt uhria eri tavoin t\u00f6rke\u00e4sti seksuaalisesti hyv\u00e4kseen.<\/p>\n<p class=\"article-body mb-nof-24 px-nof-16\">Miehen puhelimelta l\u00f6ytyi my\u00f6s videoita uhrista. Niiden vuoksi mies tuomittiin my\u00f6s sukupuolisiveellisyytt\u00e4 loukkaavan lasta esitt\u00e4v\u00e4n kuvan hallussapidosta ja lasta seksuaalisesti esitt\u00e4v\u00e4n kuvan hallussapidosta.<\/p>\n<p class=\"article-body mb-nof-24 px-nof-16\">Mies valitti tuomiostaan hovioikeuteen. Miehen mukaan sukupuoliyhteydest\u00e4 tai koskettelusta ei ollut esitetty n\u00e4ytt\u00f6\u00e4. Miehen mukaan uhri valehteli, koska t\u00e4m\u00e4 oli h\u00e4mmentynyt omasta seksuaalisuudestaan ja tullut torjutuksi miehen puolelta.<\/p>\n<p class=\"article-body mb-nof-24 px-nof-16\">Helsingin hovioikeus katsoi, ett\u00e4 mies ansaitsee ankaramman rangaistuksen. T\u00e4m\u00e4n puolesta puhuivat muun muassa tekojen suuri lukum\u00e4\u00e4r\u00e4, moninaisuus sek\u00e4 se, ett\u00e4 mies pyrki my\u00f6s kontrolloimaan uhria sek\u00e4 lahjoi t\u00e4t\u00e4 rahalla ja lahjoilla.<\/p>\n<p class=\"article-body mb-nof-24 px-nof-16\">Vuonna 1991 syntyneen miehen rangaistusta korotettiin kymmenen vuoden vankeudeksi. HS ei julkaise tuomitun nime\u00e4 tai tekojen tapahtumapaikkaa uhrin yksityisyyden suojaamiseksi.<\/p>\n<p class=\"article-body mb-nof-24 px-nof-16\">K\u00e4r\u00e4j\u00e4oikeuden m\u00e4\u00e4r\u00e4\u00e4m\u00e4t 62\u202f000 euron k\u00e4rsimyskorvaukset pojalle pysyiv\u00e4t ennallaan my\u00f6s hovissa.<\/p>\n","protected":false},"excerpt":{"rendered":"Tuomiot|Helsingin hovioikeus korotti kolmekymppisen miehen tuomiota. Mies k\u00e4ytti vuosien ajan hyv\u00e4kseen kummipoikaansa. Lue tiivistelm\u00e4 Helsingin hovioikeus korotti kolmekymppisen&hellip;\n","protected":false},"author":2,"featured_media":96697,"comment_status":"","ping_status":"","sticky":false,"template":"","format":"standard","meta":{"footnotes":""},"categories":[12],"tags":[22,23,26,27,33,31,30,17,46,24,25,28,29,15,18,21,32,19,20,16],"class_list":{"0":"post-120534","1":"post","2":"type-post","3":"status-publish","4":"format-standard","5":"has-post-thumbnail","7":"category-suomi","8":"tag-breaking-news","9":"tag-breakingnews","10":"tag-featured-news","11":"tag-featurednews","12":"tag-fi","13":"tag-finland","14":"tag-finnish","15":"tag-headlines","16":"tag-helsingin-sanomat","17":"tag-latest-news","18":"tag-latestnews","19":"tag-main-news","20":"tag-mainnews","21":"tag-news","22":"tag-otsikot","23":"tag-paauutiset","24":"tag-suomi","25":"tag-top-stories","26":"tag-topstories","27":"tag-uutiset"},"share_on_mastodon":{"url":"https:\/\/pubeurope.com\/@fi\/115745976947900349","error":""},"_links":{"self":[{"href":"https:\/\/www.europesays.com\/fi\/wp-json\/wp\/v2\/posts\/120534","targetHints":{"allow":["GET"]}}],"collection":[{"href":"https:\/\/www.europesays.com\/fi\/wp-json\/wp\/v2\/posts"}],"about":[{"href":"https:\/\/www.europesays.com\/fi\/wp-json\/wp\/v2\/types\/post"}],"author":[{"embeddable":true,"href":"https:\/\/www.europesays.com\/fi\/wp-json\/wp\/v2\/users\/2"}],"replies":[{"embeddable":true,"href":"https:\/\/www.europesays.com\/fi\/wp-json\/wp\/v2\/comments?post=120534"}],"version-history":[{"count":0,"href":"https:\/\/www.europesays.com\/fi\/wp-json\/wp\/v2\/posts\/120534\/revisions"}],"wp:featuredmedia":[{"embeddable":true,"href":"https:\/\/www.europesays.com\/fi\/wp-json\/wp\/v2\/media\/96697"}],"wp:attachment":[{"href":"https:\/\/www.europesays.com\/fi\/wp-json\/wp\/v2\/media?parent=120534"}],"wp:term":[{"taxonomy":"category","embeddable":true,"href":"https:\/\/www.europesays.com\/fi\/wp-json\/wp\/v2\/categories?post=120534"},{"taxonomy":"post_tag","embeddable":true,"href":"https:\/\/www.europesays.com\/fi\/wp-json\/wp\/v2\/tags?post=120534"}],"curies":[{"name":"wp","href":"https:\/\/api.w.org\/{rel}","templated":true}]}}