{"id":120537,"date":"2025-12-19T11:35:12","date_gmt":"2025-12-19T11:35:12","guid":{"rendered":"https:\/\/www.europesays.com\/fi\/120537\/"},"modified":"2025-12-19T11:35:12","modified_gmt":"2025-12-19T11:35:12","slug":"tis-toni-saapui-oikeuteen-myhaillen-tuomari-ei-saastellyt-sanojaan","status":"publish","type":"post","link":"https:\/\/www.europesays.com\/fi\/120537\/","title":{"rendered":"TIS-Toni saapui oikeuteen myh\u00e4illen \u2013 Tuomari ei s\u00e4\u00e4stellyt sanojaan"},"content":{"rendered":"<p>Tuomari m\u00e4\u00e4r\u00e4si TIS-Tonille ankaran uhkasakon ja huomautti, ett\u00e4 jos se j\u00e4\u00e4 maksamatta, mies joutuu telkien taa.<\/p>\n<p class=\"paragraph\">Poliisivartijat saattoivat Temptation Island Suomi -realitysarjasta tutun <strong>Toni Varpelaiden<\/strong>, 29, Helsingin k\u00e4r\u00e4j\u00e4oikeuden istuntoon perjantaiaamuna.<\/p>\n<p class=\"paragraph\">Takakautta saliin tuotu Varpelaide istahti k\u00e4skyst\u00e4 todistajan penkille ja katseli paikalla olleita kuvaajia itsekseen myh\u00e4illen.<\/p>\n<p class=\"paragraph\">Tuomari totesi heti aluksi, ett\u00e4 <a href=\"https:\/\/www.iltalehti.fi\/kotimaa\/ec093050-233d-4d23-84cb-d387e425b6db\" rel=\"nofollow noopener\" target=\"_blank\">Varpelaide oli kutsuttu saapumaan istuntoon jo 10. joulukuuta<\/a>. H\u00e4n kysyi, miksei mies saapunut paikalle.<\/p>\n<p class=\"paragraph\">\u2013 Ei ollut, ei jotenkin&#8230; M\u00e4 en muista, ett\u00e4 olisin saanut tuollaisen haasteen.<\/p>\n<p class=\"paragraph\">\u2013 Pit\u00e4\u00e4 muistaa t\u00e4llaiset asiat, tuomari tylytti lis\u00e4ten:<\/p>\n<p class=\"paragraph\">\u2013 Se on sun kansalaisvelvollisuus tulla t\u00e4nne silloin, kun t\u00e4nne m\u00e4\u00e4r\u00e4t\u00e4\u00e4n tultavaksi.<\/p>\n<p><img decoding=\"async\" class=\"image image-show image-preview\" src=\"https:\/\/www.europesays.com\/fi\/wp-content\/uploads\/2025\/12\/11a12fcefddbb812a196335fce3bb004235ee69dc369558e3452b6515ecc82a8.jpg\" alt=\"\"\/><img decoding=\"async\" class=\"image image-show\" src=\"https:\/\/www.europesays.com\/fi\/wp-content\/uploads\/2025\/12\/1766144112_686_11a12fcefddbb812a196335fce3bb004235ee69dc369558e3452b6515ecc82a8.jpg\" alt=\"\"\/><\/p>\n<p>Toni Varpelaide saatiin viimein todistamaan pitkittyneeseen oikeudenk\u00e4yntiin. Henri K\u00e4rkk\u00e4inen<\/p>\n<p class=\"paragraph\">Saapumatta j\u00e4tt\u00e4minen ei j\u00e4\u00e4nyt ilman seurauksia. Tuomari m\u00e4\u00e4r\u00e4si Varpelaidelle maksettavaksi 600 euron uhkasakon.<\/p>\n<p class=\"paragraph\">\u2013 Se tulee maksaa. Jos ei sit\u00e4 maksa, se t\u00e4ytyy istua pois, tuomari huomautti.<\/p>\n<p class=\"paragraph\">Poliisit ottivat Varpelaiden kiinni Herttoniemest\u00e4 viime maanantaina sivullisen tekemien ilmoitusten perusteella. <a href=\"https:\/\/www.iltalehti.fi\/kotimaa\/c24c2077-1f6d-44d5-8c86-9dcd4db04997\" rel=\"nofollow noopener\" target=\"_blank\">Kiinniotettavaksi m\u00e4\u00e4r\u00e4tty mies nukkui autossa<\/a> kauppakeskus Hertsin parkkihallissa.<\/p>\n<p>TIS-Toni nukkui autossa, kun poliisit hakivat h\u00e4net viime maanantaina. Lukijan kuva<\/p>\n<p class=\"paragraph\">K\u00e4r\u00e4j\u00e4oikeudessa puidaan perjantaina Kalasataman turmaa vuodelta 2023. Varpelaide ei ole oikeudenk\u00e4ynniss\u00e4 syytetyn roolissa, vaan todistajan.<\/p>\n<p class=\"paragraph\">H\u00e4n oli paikalla Kalasatamassa 20. elokuuta, kun 29-vuotias <strong>Dani Lingman<\/strong> menetti henkens\u00e4.<\/p>\n<p class=\"paragraph\">Iltalehti on kertonut kohtalokkaista tapahtumista tarkemmin muun muassa <a href=\"https:\/\/www.iltalehti.fi\/kotimaa\/36e911da-c81c-4777-a640-1176206c13f1\" rel=\"nofollow noopener\" target=\"_blank\">t\u00e4ss\u00e4 jutussa<\/a>.<\/p>\n<p>Viiv\u00e4styminen lis\u00e4nnyt omaisten tuskaa<\/p>\n<p>Nico Lingmanin Dani-veli kuoli Kalasatamassa traagisesti elokuussa 2023. Asian k\u00e4sittely on edelleen kesken. Atte Kajova<\/p>\n<p class=\"paragraph\">Kalasataman tapahtumista syytet\u00e4\u00e4n 30-vuotiasta helsinkil\u00e4isnaista. Syytt\u00e4j\u00e4 vaatii naiselle rangaistusta muun muassa t\u00f6rke\u00e4st\u00e4 kuolemantuottamuksesta ja t\u00f6rke\u00e4st\u00e4 liikenneturvallisuuden vaarantamisesta.<\/p>\n<p class=\"paragraph\">Asian k\u00e4sittely on viiv\u00e4stynyt siksi, etteiv\u00e4t asianosaiset ole saapuneet oikeudenk\u00e4yntiin: ensin t\u00f6rkeist\u00e4 rikoksista syytetty nainen <a href=\"https:\/\/www.iltalehti.fi\/kotimaa\/16e79c57-bc4e-4fd7-b416-8f9137bf2b7f\" rel=\"nofollow noopener\" target=\"_blank\">j\u00e4tti saapumatta k\u00e4r\u00e4j\u00e4oikeuden istuntoon<\/a>, sitten Varpelaide.<\/p>\n<p class=\"paragraph\">Viiv\u00e4styminen on aiheuttanut ylim\u00e4\u00e4r\u00e4ist\u00e4 tuskaa turmassa kuolleen Danin omaisille, veli <strong>Nico Lingman<\/strong> <a href=\"https:\/\/www.iltalehti.fi\/kotimaa\/d2070e37-0402-4061-ad55-1ddaf89861da\" rel=\"nofollow noopener\" target=\"_blank\">kuvaili Iltalehdelle reilu viikko sitten<\/a>.<\/p>\n<p class=\"paragraph\">\u2013 Niin kauan kuin t\u00e4m\u00e4 roikkuu ilmassa niin joutuu miettim\u00e4\u00e4n, mit\u00e4 tapahtuu seuraavaksi. Olen sellainen ihminen, ett\u00e4 kun tulee mustaa valkoisella, niin asiat ovat helpompia. Sitten ei tarvitse en\u00e4\u00e4 mietti\u00e4, mit\u00e4 tulee k\u00e4ym\u00e4\u00e4n.<\/p>\n<p>Varpelaide oli Kalasataman turman tapahtuessa 28-vuotiaan kaverinsa seurassa. Nyt 30-vuotiasta naista syytet\u00e4\u00e4n t\u00f6rkeist\u00e4 rikoksista. poliisin esitutkintamateriaali<\/p>\n<p class=\"paragraph\">Kun 30-vuotias syytetty j\u00e4tti saapumatta oikeuteen, m\u00e4\u00e4r\u00e4si k\u00e4r\u00e4j\u00e4oikeus h\u00e4net tavattaessa kiinniotettavaksi. <a href=\"https:\/\/www.iltalehti.fi\/kotimaa\/36e911da-c81c-4777-a640-1176206c13f1\" rel=\"nofollow noopener\" target=\"_blank\">Poliisi otti naisen kiinni L\u00e4nsiv\u00e4yl\u00e4lt\u00e4 seuraavana y\u00f6n\u00e4<\/a>.<\/p>\n<p class=\"paragraph\">Nainen sai kuitenkin poistua oikeudenk\u00e4ynnist\u00e4 vapaalla jalalla. H\u00e4net vangittiin Helsingin k\u00e4r\u00e4j\u00e4oikeuden p\u00e4\u00e4t\u00f6ksell\u00e4 viikkoa my\u00f6hemmin uusien rikosep\u00e4ilyjen vuoksi.<\/p>\n<p class=\"paragraph\">Naista ep\u00e4ill\u00e4\u00e4n t\u00e4ll\u00e4 hetkell\u00e4 t\u00f6rke\u00e4st\u00e4 moottorikulkuneuvon k\u00e4ytt\u00f6varkaudesta sek\u00e4 t\u00f6rkeist\u00e4 liikennerikoksista. Poliisi ep\u00e4ilee naisen anastaneen 72\u00a0000 euron arvoisen Range Rover -auton.<\/p>\n","protected":false},"excerpt":{"rendered":"Tuomari m\u00e4\u00e4r\u00e4si TIS-Tonille ankaran uhkasakon ja huomautti, ett\u00e4 jos se j\u00e4\u00e4 maksamatta, mies joutuu telkien taa. Poliisivartijat saattoivat&hellip;\n","protected":false},"author":2,"featured_media":120538,"comment_status":"","ping_status":"","sticky":false,"template":"","format":"standard","meta":{"footnotes":""},"categories":[136],"tags":[35,407,137,33,31,30,408,53,121,52,38,32,128,109],"class_list":{"0":"post-120537","1":"post","2":"type-post","3":"status-publish","4":"format-standard","5":"has-post-thumbnail","7":"category-julkkikset","8":"tag-24h","9":"tag-celebrities","10":"tag-entertainment","11":"tag-fi","12":"tag-finland","13":"tag-finnish","14":"tag-julkkikset","15":"tag-laki-oikeus-ja-rikos","16":"tag-liikenne-ja-kuljetus","17":"tag-poliisi","18":"tag-rikos","19":"tag-suomi","20":"tag-tieliikenne","21":"tag-viihde"},"share_on_mastodon":{"url":"https:\/\/pubeurope.com\/@fi\/115746028095817199","error":""},"_links":{"self":[{"href":"https:\/\/www.europesays.com\/fi\/wp-json\/wp\/v2\/posts\/120537","targetHints":{"allow":["GET"]}}],"collection":[{"href":"https:\/\/www.europesays.com\/fi\/wp-json\/wp\/v2\/posts"}],"about":[{"href":"https:\/\/www.europesays.com\/fi\/wp-json\/wp\/v2\/types\/post"}],"author":[{"embeddable":true,"href":"https:\/\/www.europesays.com\/fi\/wp-json\/wp\/v2\/users\/2"}],"replies":[{"embeddable":true,"href":"https:\/\/www.europesays.com\/fi\/wp-json\/wp\/v2\/comments?post=120537"}],"version-history":[{"count":0,"href":"https:\/\/www.europesays.com\/fi\/wp-json\/wp\/v2\/posts\/120537\/revisions"}],"wp:featuredmedia":[{"embeddable":true,"href":"https:\/\/www.europesays.com\/fi\/wp-json\/wp\/v2\/media\/120538"}],"wp:attachment":[{"href":"https:\/\/www.europesays.com\/fi\/wp-json\/wp\/v2\/media?parent=120537"}],"wp:term":[{"taxonomy":"category","embeddable":true,"href":"https:\/\/www.europesays.com\/fi\/wp-json\/wp\/v2\/categories?post=120537"},{"taxonomy":"post_tag","embeddable":true,"href":"https:\/\/www.europesays.com\/fi\/wp-json\/wp\/v2\/tags?post=120537"}],"curies":[{"name":"wp","href":"https:\/\/api.w.org\/{rel}","templated":true}]}}