{"id":120539,"date":"2025-12-19T11:38:12","date_gmt":"2025-12-19T11:38:12","guid":{"rendered":"https:\/\/www.europesays.com\/fi\/120539\/"},"modified":"2025-12-19T11:38:12","modified_gmt":"2025-12-19T11:38:12","slug":"tanaan-tvssa-kuin-kesaaamu-sateen-jalkeen-upea-elokuva-vuodelta-2022","status":"publish","type":"post","link":"https:\/\/www.europesays.com\/fi\/120539\/","title":{"rendered":"T\u00e4n\u00e4\u00e4n tv:ss\u00e4: &#8221;Kuin kes\u00e4aamu sateen j\u00e4lkeen&#8221; \u2013 Upea elokuva vuodelta 2022"},"content":{"rendered":"<p>T\u00e4n\u00e4\u00e4n n\u00e4hd\u00e4\u00e4n televisiossa vuonna 2022 valmistunut ranskalainen elokuva Kaunis aamu (Un beau matin).<\/p>\n<p>Sandra (<strong>L\u00e9a Seydoux<\/strong>) on 8-vuotiaan Linnin (<strong>Camille Leban Martins<\/strong>) yksinhuoltaja\u00e4iti, joka ty\u00f6skentelee simultaanitulkkina. Samalla h\u00e4n huolehtii muistisairaudesta k\u00e4rsiv\u00e4st\u00e4 is\u00e4st\u00e4\u00e4n (<strong>Pascal Greggory<\/strong>), jonka tila on alkanut nopeasti huonontua.<\/p>\n<p>Sandran is\u00e4, Georg, on entinen filosofian opettaja, jonka koko el\u00e4m\u00e4 on perustunut lukemiselle, kirjoittamiselle ja ajattelulle. Nyt sanat ja muistot alkavat lipua pois, eik\u00e4 Georg tied\u00e4 kuinka suunnistaa t\u00e4ss\u00e4 uudessa todellisuudessa.<\/p>\n<p>Georg ei en\u00e4\u00e4 p\u00e4rj\u00e4\u00e4 omillaan ja h\u00e4net pit\u00e4isi saada hoitokotiin. Siedett\u00e4v\u00e4\u00e4 paikkaa ei tunnu Pariisista l\u00f6ytyv\u00e4n. Yhdell\u00e4 tasolla elokuva kommentoikin vanhustenhoidon tasoa Ranskassa. Sandra ja h\u00e4nen \u00e4itins\u00e4 (<strong>Nicole Garcia<\/strong>) vierailevat karuissa hoitolaitoksissa, joissa muistisairaat asukkaat vaeltelevat eksynein\u00e4 k\u00e4yt\u00e4vill\u00e4 kiireisen hoitohenkil\u00f6kunnan huomaamatta.<\/p>\n<p>Nuorena leskeksi j\u00e4\u00e4nyt Sandra t\u00f6rm\u00e4\u00e4 er\u00e4\u00e4n\u00e4 p\u00e4iv\u00e4n\u00e4 sattumalta edesmenneen miehens\u00e4 yst\u00e4v\u00e4\u00e4n Cl\u00e9mentiin (<strong>Melvil Poupaud<\/strong>). Heid\u00e4n v\u00e4lilleen kehittyy ep\u00e4todenn\u00e4k\u00f6inen rakkaustarina, jota monimutkaistaa se, ett\u00e4 Cl\u00e9ment on naimisissa.<\/p>\n<p>Lue my\u00f6s: <a href=\"https:\/\/www.episodi.fi\/uutiset\/88-vuotias-jack-nicholson-piipahti-yllattaen-kansan-pariin-katso-video-taalta\/\" title=\"88-vuotias Jack Nicholson piipahti yll\u00e4tt\u00e4en kansan pariin \u2013 Katso video t\u00e4\u00e4lt\u00e4\" class=\"underline-custom !font-montserrat !font-bold !underline-offset-4 !decoration-4 !decoration-episodi-blue !text-md\" rel=\"nofollow noopener\" target=\"_blank\">88-vuotias Jack Nicholson piipahti yll\u00e4tt\u00e4en kansan pariin \u2013 Katso video t\u00e4\u00e4lt\u00e4<\/a><\/p>\n<p>Heill\u00e4 on siis vain kauniit, varastetut hetket silloin kun se on Cl\u00e9mentille mahdollista. Sandra haluaisi kuitenkin el\u00e4m\u00e4\u00e4ns\u00e4 jotain pysyv\u00e4\u00e4, ja suhteen aaltoliike repii h\u00e4nt\u00e4 rikki. H\u00e4n pelk\u00e4\u00e4 menett\u00e4v\u00e4ns\u00e4 Cl\u00e9mentin samoin kuin on menett\u00e4m\u00e4ss\u00e4 is\u00e4ns\u00e4. L\u00e9a Seydoux tekee Sandran roolin \u00e4\u00e4rimm\u00e4isell\u00e4 herkkyydell\u00e4, jolloin Sandran sis\u00e4inen maailma k\u00e4\u00e4ntyy katsojan havaittavaksi.<\/p>\n<p><strong>Mia Hansen-L\u00f8ven<\/strong> ohjaama elokuva on pieni helmi, joka on katsomiskokemuksena suuri. Se on arkinen tarina, joka ulottuu koko ihmisi\u00e4n mittaiselle kaarelle. El\u00e4m\u00e4n kauneus on pieniss\u00e4, ohikiit\u00e4viss\u00e4 hetkiss\u00e4, ja sen Hansen-L\u00f8ve onnistuu elokuvassaan n\u00e4ytt\u00e4m\u00e4\u00e4n. Dialogi on erityisen toimivaa, muutamin sanoin onnistutaan viestim\u00e4\u00e4n paljon suurista teemoista.<\/p>\n<p>Edellisess\u00e4 elokuvassaan Kohtauksia er\u00e4\u00e4lt\u00e4 saarelta (2021) Hansen-L\u00f8ve k\u00e4sitteli parisuhteen dynamiikkaa ja taiteen luomisprosessia kuuluisalla F\u00e5r\u00f6n saarella, jossa Ingmar Bergman kuvasi useita elokuviaan. My\u00f6s Kaunis aamu tuo esille parisuhteen haasteet, et\u00e4isyyden ja l\u00e4heisyyden vaihtelun ja niiden v\u00e4lisen tasapainon etsimisen.<\/p>\n<p>Sandra hakee yhteytt\u00e4 kahteen mieheen, jotka eiv\u00e4t ole t\u00e4ysin tavoitettavissa. Is\u00e4 on lipumassa pois, eik\u00e4 Cl\u00e9ment voi olla t\u00e4ysin h\u00e4nen. Ratkaisu l\u00f6ytyy ehk\u00e4 niiden hetkien vaalimisesta, joita muistiin on tallennettu ja joita voi viel\u00e4 odottaa.<\/p>\n<p>Hansen-L\u00f8ven elokuva on kuin kes\u00e4aamu sateen j\u00e4lkeen. Erityisen hienosti se k\u00e4sittelee luopumisen hyv\u00e4ksymist\u00e4 ja uusia alkuja. Jokin kaunis alkaa v\u00e4hitellen versoa siell\u00e4, miss\u00e4 jotain arvokasta menetettiin.<\/p>\n<p>Kaunis aamu juhlistaa arjen kauneutta ja pienten hetkien suuruutta. Elokuva esitet\u00e4\u00e4n Yle Teemalla torstaina 18.12.2025 klo 22.15. Areenassa 17.3.2026 saakka. Katso traileri alta. <\/p>\n<p>Arvio: Susanna Bono<\/p>\n<p><img loading=\"lazy\" decoding=\"async\" alt=\"YouTube video\" width=\"480\" height=\"360\" data-pin-nopin=\"true\" nopin=\"nopin\" class=\"perfmatters-lazy\" src=\"https:\/\/www.europesays.com\/fi\/wp-content\/uploads\/2025\/12\/1766144292_260_hqdefault.jpg\"\/><\/p>\n<p>Lue my\u00f6s: <a href=\"https:\/\/www.episodi.fi\/uutiskirje\/?uutiskirjemainos=tekstilinkkimainos\" title=\"Tilaa Episodin uutiskirje ja voit voittaa leffalippuja! Nappaa tv-vinkit suoraan s\u00e4hk\u00f6postiin t\u00e4st\u00e4.\" class=\"underline-custom !font-montserrat !font-bold !underline-offset-4 !decoration-4 !decoration-episodi-blue !text-md\" rel=\"nofollow noopener\" target=\"_blank\">Tilaa Episodin uutiskirje ja voit voittaa leffalippuja! Nappaa katseluvinkit suoraan s\u00e4hk\u00f6postiin t\u00e4st\u00e4.<\/a><\/p>\n","protected":false},"excerpt":{"rendered":"T\u00e4n\u00e4\u00e4n n\u00e4hd\u00e4\u00e4n televisiossa vuonna 2022 valmistunut ranskalainen elokuva Kaunis aamu (Un beau matin). Sandra (L\u00e9a Seydoux) on 8-vuotiaan&hellip;\n","protected":false},"author":2,"featured_media":120540,"comment_status":"","ping_status":"","sticky":false,"template":"","format":"standard","meta":{"footnotes":""},"categories":[133],"tags":[137,33,31,30,32,206,139,156,109,913],"class_list":{"0":"post-120539","1":"post","2":"type-post","3":"status-publish","4":"format-standard","5":"has-post-thumbnail","7":"category-televisiot","8":"tag-entertainment","9":"tag-fi","10":"tag-finland","11":"tag-finnish","12":"tag-suomi","13":"tag-televisiot","14":"tag-tv-ohjelmat","15":"tag-tv","16":"tag-viihde","17":"tag-yle-areena"},"share_on_mastodon":{"url":"https:\/\/pubeurope.com\/@fi\/115746040025107999","error":""},"_links":{"self":[{"href":"https:\/\/www.europesays.com\/fi\/wp-json\/wp\/v2\/posts\/120539","targetHints":{"allow":["GET"]}}],"collection":[{"href":"https:\/\/www.europesays.com\/fi\/wp-json\/wp\/v2\/posts"}],"about":[{"href":"https:\/\/www.europesays.com\/fi\/wp-json\/wp\/v2\/types\/post"}],"author":[{"embeddable":true,"href":"https:\/\/www.europesays.com\/fi\/wp-json\/wp\/v2\/users\/2"}],"replies":[{"embeddable":true,"href":"https:\/\/www.europesays.com\/fi\/wp-json\/wp\/v2\/comments?post=120539"}],"version-history":[{"count":0,"href":"https:\/\/www.europesays.com\/fi\/wp-json\/wp\/v2\/posts\/120539\/revisions"}],"wp:featuredmedia":[{"embeddable":true,"href":"https:\/\/www.europesays.com\/fi\/wp-json\/wp\/v2\/media\/120540"}],"wp:attachment":[{"href":"https:\/\/www.europesays.com\/fi\/wp-json\/wp\/v2\/media?parent=120539"}],"wp:term":[{"taxonomy":"category","embeddable":true,"href":"https:\/\/www.europesays.com\/fi\/wp-json\/wp\/v2\/categories?post=120539"},{"taxonomy":"post_tag","embeddable":true,"href":"https:\/\/www.europesays.com\/fi\/wp-json\/wp\/v2\/tags?post=120539"}],"curies":[{"name":"wp","href":"https:\/\/api.w.org\/{rel}","templated":true}]}}