{"id":120547,"date":"2025-12-19T11:43:09","date_gmt":"2025-12-19T11:43:09","guid":{"rendered":"https:\/\/www.europesays.com\/fi\/120547\/"},"modified":"2025-12-19T11:43:09","modified_gmt":"2025-12-19T11:43:09","slug":"antti-j-jokinen-romahti-kesken-kuvausten-5-vuotta-sitten-nain-han-voi-nyt","status":"publish","type":"post","link":"https:\/\/www.europesays.com\/fi\/120547\/","title":{"rendered":"Antti J. Jokinen romahti kesken kuvausten 5 vuotta sitten \u2013 N\u00e4in h\u00e4n voi nyt"},"content":{"rendered":"<p>Antti J. Jokisen ohjaama Kalevala: Kullervon tarina saa ensi-iltansa 16. tammikuuta.<\/p>\n<p><img decoding=\"async\" class=\"image image-show image-preview\" src=\"https:\/\/www.europesays.com\/fi\/wp-content\/uploads\/2025\/12\/7c622883aeb7f91007d1f2ccfb7b3f0f70c913e80d37022a6cb26f660cfcda2f.jpg\" alt=\"\"\/><img decoding=\"async\" class=\"image image-show\" src=\"https:\/\/www.europesays.com\/fi\/wp-content\/uploads\/2025\/12\/1766144589_591_7c622883aeb7f91007d1f2ccfb7b3f0f70c913e80d37022a6cb26f660cfcda2f.jpg\" alt=\"\"\/><\/p>\n<p>Antti J. Jokinen joutui keskeytt\u00e4m\u00e4\u00e4n Omerta 6\/12 -suurelokuvan kuvaukset kohun saattelemana vuonna 2020. Nyt alkuvuodesta valkokankaalle ilmestyv\u00e4 Kalevala: Kullervon tarina on h\u00e4nen ensimm\u00e4inen ohjausty\u00f6ns\u00e4 sen j\u00e4lkeen. Antti Rastivo<\/p>\n<p class=\"paragraph\"><a href=\"https:\/\/www.iltalehti.fi\/henkilot\/Antti J. Jokinen\" class=\"article-link-person-page\" rel=\"nofollow noopener\" target=\"_blank\">Antti J. Jokinen<\/a> istuu intoa piukeana elokuvateatterissa. H\u00e4nell\u00e4 on takanaan Kalevala: Kullervon tarina -elokuvan kutsuvierasn\u00e4yt\u00f6s, joka on h\u00e4nen uusin ohjausty\u00f6ns\u00e4.<\/p>\n<p class=\"paragraph\">Se on samalla ensimm\u00e4inen valmistunut ohjaus sen j\u00e4lkeen, kun h\u00e4n j\u00e4i sairauslomalle kesken kohua her\u00e4tt\u00e4neen Omerta 6\/12 -elokuvan kuvausten. Nyt Jokinen on kuitenkin t\u00e4ysiss\u00e4 sielun ja ruumiin voimissaan. H\u00e4nen mukaansa paluu ohjausty\u00f6h\u00f6n tuntui erityisen upealta.<\/p>\n<p class=\"paragraph\">\u2013 Tuntui todella kivalta. Olen saanut el\u00e4m\u00e4ni j\u00e4rjestykseen ja tietysti ty\u00f6psykologit auttoivat siin\u00e4, ettei minulle tule uudestaan loppuunpalamista, h\u00e4n kertoo.<\/p>\n<p class=\"paragraph\">Jokinen kuvaa, kuinka \u201dnuoruuden into\u201d on palannut ja ty\u00f6 tuntuu taas erityisen mielekk\u00e4\u00e4lt\u00e4.<\/p>\n<p class=\"paragraph\">\u2013 V\u00e4h\u00e4n niin kuin silloin aikoinaan, jolloin ty\u00f6 ei maistu en\u00e4\u00e4 ty\u00f6lt\u00e4, h\u00e4n hehkuttaa.<\/p>\n<p class=\"paragraph\">H\u00e4n muistuttaa, ett\u00e4 elokuvan tekemiseen tarvitaan intoa, sill\u00e4 ilman sit\u00e4 laatu k\u00e4rsii.<\/p>\n<p class=\"paragraph\">\u2013 T\u00e4m\u00e4 ei ole helppoa, joten sinun t\u00e4ytyy olla innostunut siit\u00e4. Joskus sanon kuvausryhm\u00e4llekin, ett\u00e4 joku myy autovakuutuksia, mutta me teemme elokuvaa, joten nautitaan t\u00e4st\u00e4. Olemme lapsuutemme unelman parissa, h\u00e4n kertoo hymyillen.<\/p>\n<p class=\"paragraph\">Jokinen kuvailee k\u00e4yneens\u00e4 l\u00e4pi suuria muutoksia el\u00e4m\u00e4ss\u00e4\u00e4n ja ty\u00f6tavoissaan ennen palaamistaan t\u00f6ihin. Merkitt\u00e4vin muutos oli ty\u00f6n siirt\u00e4minen pois kotoa toimistolle, mik\u00e4 auttoi selkeytt\u00e4m\u00e4\u00e4n ty\u00f6n ja vapaa-ajan v\u00e4lisi\u00e4 rajoja. Aiemmin kotona ollut ty\u00f6huone ja jatkuva ty\u00f6asioiden n\u00e4keminen kuormittivat henkisesti.<\/p>\n<p>Jokinen kuvailee, ettei ohjaaminen ole en\u00e4\u00e4 osa h\u00e4nen identiteetti\u00e4\u00e4n, vaan ihan tavallista ty\u00f6t\u00e4 muiden joukossa. Rauno Ronkainen<\/p>\n<p class=\"paragraph\">\u2013 Kannattaa kuunnella ammattilaisia, kyll\u00e4 he tiet\u00e4v\u00e4t mist\u00e4 puhuvat. Ty\u00f6uupumuskin on hyvin yleist\u00e4, h\u00e4n toteaa.<\/p>\n<p class=\"paragraph\">Jokinen kertoo my\u00f6s, ett\u00e4 aiemmin h\u00e4n oli harhautunut ajattelemaan, ett\u00e4 elokuvaohjaaminen olisi osa h\u00e4nen identiteetti\u00e4\u00e4n.<\/p>\n<p class=\"paragraph\">\u2013 Tajusin, ett\u00e4 itse asiassa se on minun ty\u00f6t\u00e4ni. Antti Jokinen on jotain aivan muuta, perheenis\u00e4, aviomies ja muuta vastaavaa.<\/p>\n<p class=\"paragraph\">Uudella tavalla ty\u00f6h\u00f6n asennoituminen hellitti ohjaajan taakkaa merkitt\u00e4v\u00e4sti.<\/p>\n<p class=\"paragraph\">\u2013 Se vapautti jollain tavalla my\u00f6s omaa tunne-el\u00e4m\u00e4\u00e4ni. Suhtautumiseni oli muuttunut niin, etten en\u00e4\u00e4 kantanut mukanani asioita, joihin en pystynyt vaikuttamaan. Aiemmin reagoin voimakkaasti, jos jokin meni huonosti, mutta nyt suhtautumiseni koko ty\u00f6h\u00f6n oli j\u00e4rkev\u00f6itynyt.<\/p>\n<p class=\"paragraph\">Jokinen kuvaa palanneensa perusasioiden \u00e4\u00e4relle. Ty\u00f6 ei ole en\u00e4\u00e4 kiveen kirjoitettu suunnitelma, vaan kulkee mukana luonnollisesti ja joustavasti.<\/p>\n<p class=\"paragraph\">Jokinen antaa elokuvan ik\u00e4\u00e4n kuin \u201dtulla h\u00e4nt\u00e4 kohti\u201d ja hyv\u00e4ksyy olosuhteet sellaisina kuin ne ovat, tehden niist\u00e4 aina parhaan mahdollisen version.<\/p>\n<p class=\"paragraph\">\u2013 Elokuvaohjaajat ovat usein aika suuria egoisteja, vaikka eiv\u00e4t toki kaikki. Jossain vaiheessa oma identiteetti ja ty\u00f6 voivat alkaa sekoittua, eik\u00e4 se ole kovin fiksua. Silloin ihminen lokeroi itse\u00e4\u00e4n yh\u00e4 ahtaammin. Nyt lokeroita ei en\u00e4\u00e4 ollut, oli vain ajatus siit\u00e4, ett\u00e4 tehd\u00e4\u00e4n elokuva, h\u00e4n kiteytt\u00e4\u00e4.<\/p>\n<p>Jokisen vaimo Krista Kosonen n\u00e4yttelee my\u00f6s elokuvassa. Mikko Huisko<\/p>\n<p class=\"paragraph\">Kalevala: Kullervon tarina -elokuvan k\u00e4sikirjoitus valmistui ensimm\u00e4isen kerran jo viisitoista vuotta sitten, mutta tuolloin rahoitusta ei l\u00f6ytynyt. Nyt budjetti on arviolta 4,9\u00a0miljoonaa euroa. Jokinen kertoo kuitenkin, etteiv\u00e4t paineet ty\u00f6n teossa olleet samanlaisia kuin ennen.<\/p>\n<p class=\"paragraph\">\u2013 En ota paineita siit\u00e4, ett\u00e4 elokuva on kuitenkin vain elokuva. Sit\u00e4 ei pit\u00e4isi ottaa liian vakavasti omassa p\u00e4\u00e4ss\u00e4, ja t\u00e4ll\u00e4 kertaa en ottanut.<\/p>\n<p class=\"paragraph\">Lopulta elokuvasta ei tullut lainkaan sit\u00e4, mit\u00e4 h\u00e4n alun perin suunnitteli \u2013 ja hyv\u00e4 niin. Fantasiasis\u00e4ll\u00f6st\u00e4 luovuttiin, ja elokuva perustuu nyt <a href=\"https:\/\/www.iltalehti.fi\/henkilot\/Elias L\u00f6nnrot\" class=\"article-link-person-page\" rel=\"nofollow noopener\" target=\"_blank\">Elias L\u00f6nnrotin<\/a> todellisilta ihmisilt\u00e4 ker\u00e4\u00e4miin tarinoihin, vaikka mytologia ja sen teemat s\u00e4ilyv\u00e4t teoksessa.<\/p>\n<p class=\"paragraph\">Nyt elokuva on valkokankaalla, ja Jokinen toivoo sille jopa kansainv\u00e4list\u00e4 menestyst\u00e4. H\u00e4n my\u00f6s uskoo sen olevan t\u00e4ysin mahdollista.<\/p>\n<p class=\"paragraph\">\u2013 Suomen kieli ei ole en\u00e4\u00e4 sellainen m\u00f6rk\u00f6. Viisitoista vuotta sitten t\u00e4llaisesta budjetista ei olisi ollut puhettakaan, h\u00e4n arvioi.<\/p>\n<p class=\"paragraph\">Striimauspalvelut ovat h\u00e4nen mukaansa tehneet hyv\u00e4\u00e4 suomalaiselle elokuvalle, sill\u00e4 katsojat ovat tottuneet my\u00f6s ulkomaankieliseen sis\u00e4lt\u00f6\u00f6n, mik\u00e4 avaa uusia mahdollisuuksia kansainv\u00e4liseen myyntiin ja n\u00e4kyvyyteen.<\/p>\n<p>Elokuvaa t\u00e4hditt \u00e4v\u00e4t Eero Aho ja Elias Salonen. marek sabogal<\/p>\n","protected":false},"excerpt":{"rendered":"Antti J. Jokisen ohjaama Kalevala: Kullervon tarina saa ensi-iltansa 16. tammikuuta. Antti J. Jokinen joutui keskeytt\u00e4m\u00e4\u00e4n Omerta 6\/12&hellip;\n","protected":false},"author":2,"featured_media":120548,"comment_status":"","ping_status":"","sticky":false,"template":"","format":"standard","meta":{"footnotes":""},"categories":[130],"tags":[35,153,137,33,31,30,379,718,32,485,140,109],"class_list":{"0":"post-120547","1":"post","2":"type-post","3":"status-publish","4":"format-standard","5":"has-post-thumbnail","7":"category-viihde","8":"tag-24h","9":"tag-audiovisuaalinen-media","10":"tag-entertainment","11":"tag-fi","12":"tag-finland","13":"tag-finnish","14":"tag-kirjallisuus","15":"tag-nayttamotaide","16":"tag-suomi","17":"tag-taide-yleista","18":"tag-tv-ja-elokuvat","19":"tag-viihde"},"share_on_mastodon":{"url":"https:\/\/pubeurope.com\/@fi\/115746059467772152","error":""},"_links":{"self":[{"href":"https:\/\/www.europesays.com\/fi\/wp-json\/wp\/v2\/posts\/120547","targetHints":{"allow":["GET"]}}],"collection":[{"href":"https:\/\/www.europesays.com\/fi\/wp-json\/wp\/v2\/posts"}],"about":[{"href":"https:\/\/www.europesays.com\/fi\/wp-json\/wp\/v2\/types\/post"}],"author":[{"embeddable":true,"href":"https:\/\/www.europesays.com\/fi\/wp-json\/wp\/v2\/users\/2"}],"replies":[{"embeddable":true,"href":"https:\/\/www.europesays.com\/fi\/wp-json\/wp\/v2\/comments?post=120547"}],"version-history":[{"count":0,"href":"https:\/\/www.europesays.com\/fi\/wp-json\/wp\/v2\/posts\/120547\/revisions"}],"wp:featuredmedia":[{"embeddable":true,"href":"https:\/\/www.europesays.com\/fi\/wp-json\/wp\/v2\/media\/120548"}],"wp:attachment":[{"href":"https:\/\/www.europesays.com\/fi\/wp-json\/wp\/v2\/media?parent=120547"}],"wp:term":[{"taxonomy":"category","embeddable":true,"href":"https:\/\/www.europesays.com\/fi\/wp-json\/wp\/v2\/categories?post=120547"},{"taxonomy":"post_tag","embeddable":true,"href":"https:\/\/www.europesays.com\/fi\/wp-json\/wp\/v2\/tags?post=120547"}],"curies":[{"name":"wp","href":"https:\/\/api.w.org\/{rel}","templated":true}]}}