{"id":120549,"date":"2025-12-19T11:46:14","date_gmt":"2025-12-19T11:46:14","guid":{"rendered":"https:\/\/www.europesays.com\/fi\/120549\/"},"modified":"2025-12-19T11:46:14","modified_gmt":"2025-12-19T11:46:14","slug":"osuuskauppa-peeassa-aloittaa-iisalmen-prismassa-65-miljoonan-euron-remontin-samalla-lisataan-noutolokeroita-pohjois-savo","status":"publish","type":"post","link":"https:\/\/www.europesays.com\/fi\/120549\/","title":{"rendered":"Osuuskauppa Pee\u00e4ss\u00e4 aloittaa Iisalmen Prismassa 6,5 miljoonan euron remontin \u2013 samalla lis\u00e4t\u00e4\u00e4n noutolokeroita | Pohjois-Savo"},"content":{"rendered":"<p class=\"aw-1gybjub aw-5vja16 kEtdKx kmuxyA yle__article__paragraph\">Iisalmen Prisman remontti alkaa tammikuussa ja sis\u00e4tilojen uudistus on valmis toukokuun loppuun menness\u00e4. Kauppa pysyy auki muutost\u00f6iden ajan.<\/p>\n<p><img decoding=\"async\" alt=\"Prisman verkkokaupan noutopiste eli vihreit\u00e4 numeroituja kaappeja sek\u00e4 n\u00e4ytt\u00f6ruutu.\" src=\"https:\/\/www.europesays.com\/fi\/wp-content\/uploads\/2025\/12\/39-932099623b108740079.jpeg\" class=\"aw-1l9m598 hKVVvP\"\/><\/p>\n<p>Avaa kuvien katselu<\/p>\n<p>Iisalmen Prisma remontoidaan ensi vuonna. Uudistuksessa lis\u00e4t\u00e4\u00e4n my\u00f6s verkkokauppaa varten noutolokeroita. Kuvituskuva. Kuva: Petri Niemi \/ Yle<\/p>\n<p class=\"aw-1gybjub aw-1p7kakr kEtdKx cEmitX yle__article__paragraph\">Iisalmen Prismassa alkaa tammikuussa remontti, joka maksaa Osuuskauppa Pee\u00e4ss\u00e4n tiedotteen mukaan 6,5 miljoonaa euroa.<\/p>\n<p class=\"aw-1gybjub aw-1p7kakr kEtdKx cEmitX yle__article__paragraph\">Remontissa Iisalmen Prisman yhteyteen rakennetaan Pee\u00e4ss\u00e4n oma parturi-kampaamo. Emotion, S-pankki, Buffa ja Presso ja 24-Pesula jatkavat toimintaa nykyisill\u00e4 liikepaikoillaan. Uudistuksessa lis\u00e4t\u00e4\u00e4n verkkokauppaa varten noutolokeroita.<\/p>\n<p class=\"aw-1gybjub aw-1p7kakr kEtdKx cEmitX yle__article__paragraph\">Talven ja kev\u00e4\u00e4n aikana uusitaan kylm\u00e4kalusteet ja p\u00e4ivitet\u00e4\u00e4n myym\u00e4l\u00e4. Remontti valmistuu sis\u00e4tilojen osalta toukokuussa.<\/p>\n<p class=\"aw-1gybjub aw-1p7kakr kEtdKx cEmitX yle__article__paragraph\">Pee\u00e4ss\u00e4 toteuttaa remontin yhteydess\u00e4 Savon Voiman kanssa Prismaan kaksisuuntaisen kaukol\u00e4mm\u00f6n toimituksen. Myym\u00e4l\u00e4 saa kaukol\u00e4mp\u00f6\u00e4 normaalisti kaukol\u00e4mp\u00f6verkosta, mutta jatkossa my\u00f6s Prisma tuottaa l\u00e4mp\u00f6\u00e4 kaukol\u00e4mp\u00f6verkkoon.<\/p>\n<p class=\"aw-1gybjub aw-1p7kakr kEtdKx cEmitX yle__article__paragraph\">Syksyll\u00e4 uudistetaan viel\u00e4 piha-alueen liikennej\u00e4rjestelyj\u00e4. Iisalmen Prisma pysyy avoinna koko remontin ajan.<\/p>\n","protected":false},"excerpt":{"rendered":"Iisalmen Prisman remontti alkaa tammikuussa ja sis\u00e4tilojen uudistus on valmis toukokuun loppuun menness\u00e4. Kauppa pysyy auki muutost\u00f6iden ajan.&hellip;\n","protected":false},"author":2,"featured_media":120550,"comment_status":"","ping_status":"","sticky":false,"template":"","format":"standard","meta":{"footnotes":""},"categories":[76],"tags":[79,77,33,31,30,4892,3871,21730,1136,12898,3231,6304,21731,32,78,2440,1356],"class_list":{"0":"post-120549","1":"post","2":"type-post","3":"status-publish","4":"format-standard","5":"has-post-thumbnail","7":"category-talous","8":"tag-business","9":"tag-economy","10":"tag-fi","11":"tag-finland","12":"tag-finnish","13":"tag-iisalmi","14":"tag-kaukolampo","15":"tag-osuuskauppa-peeassa","16":"tag-pohjois-savo","17":"tag-prisma-kauppaketju","18":"tag-remontti","19":"tag-s-ryhma","20":"tag-sok-konserni","21":"tag-suomi","22":"tag-talous","23":"tag-verkkokauppa","24":"tag-yritykset"},"share_on_mastodon":{"url":"https:\/\/pubeurope.com\/@fi\/115746071344209109","error":""},"_links":{"self":[{"href":"https:\/\/www.europesays.com\/fi\/wp-json\/wp\/v2\/posts\/120549","targetHints":{"allow":["GET"]}}],"collection":[{"href":"https:\/\/www.europesays.com\/fi\/wp-json\/wp\/v2\/posts"}],"about":[{"href":"https:\/\/www.europesays.com\/fi\/wp-json\/wp\/v2\/types\/post"}],"author":[{"embeddable":true,"href":"https:\/\/www.europesays.com\/fi\/wp-json\/wp\/v2\/users\/2"}],"replies":[{"embeddable":true,"href":"https:\/\/www.europesays.com\/fi\/wp-json\/wp\/v2\/comments?post=120549"}],"version-history":[{"count":0,"href":"https:\/\/www.europesays.com\/fi\/wp-json\/wp\/v2\/posts\/120549\/revisions"}],"wp:featuredmedia":[{"embeddable":true,"href":"https:\/\/www.europesays.com\/fi\/wp-json\/wp\/v2\/media\/120550"}],"wp:attachment":[{"href":"https:\/\/www.europesays.com\/fi\/wp-json\/wp\/v2\/media?parent=120549"}],"wp:term":[{"taxonomy":"category","embeddable":true,"href":"https:\/\/www.europesays.com\/fi\/wp-json\/wp\/v2\/categories?post=120549"},{"taxonomy":"post_tag","embeddable":true,"href":"https:\/\/www.europesays.com\/fi\/wp-json\/wp\/v2\/tags?post=120549"}],"curies":[{"name":"wp","href":"https:\/\/api.w.org\/{rel}","templated":true}]}}