{"id":12055,"date":"2025-08-21T11:05:06","date_gmt":"2025-08-21T11:05:06","guid":{"rendered":"https:\/\/www.europesays.com\/fi\/12055\/"},"modified":"2025-08-21T11:05:06","modified_gmt":"2025-08-21T11:05:06","slug":"vaarallinen-sinimerietana-sulki-suomalaistenkin-suosiman-rannan","status":"publish","type":"post","link":"https:\/\/www.europesays.com\/fi\/12055\/","title":{"rendered":"Vaarallinen sinimerietana sulki suomalaistenkin suosiman rannan"},"content":{"rendered":"<p class=\"ai-optimize-6 ai-optimize-introduction\">Kaikkiaan seitsem\u00e4n kilometri\u00e4 rantoja julistettiin uimakieltoon Espanjan it\u00e4rannikolla. Alicanten maakunnassa sijaitsevassa, my\u00f6s suomalaisille tutussa Guardamar del Seguran lomakohteessa l\u00f6ydettiin vaarallista sinimerietanaa.<\/p>\n<p class=\"ai-optimize-7\">Guardamar sijaitsee reilut kymmenen kilometri\u00e4 Torreviejan kaupungista pohjoiseen.<\/p>\n<p class=\"ai-optimize-8\">Laji, Glaucus atlanticus, tunnetaan huomiota her\u00e4tt\u00e4v\u00e4st\u00e4 sinisest\u00e4 ulkon\u00e4\u00f6st\u00e4\u00e4n. Englanniksi sit\u00e4 kutsutaankin nimell\u00e4 blue dragon eli sininen lohik\u00e4\u00e4rme.<\/p>\n<p class=\"ai-optimize-8\">Sinimerietana sy\u00f6 myrkyllisi\u00e4 lajeja, kuten tappavaa portugalinsotalaivaa, jota my\u00f6s ajoittain havaitaan Espanjan rannikkoalueilla. Otus varastoi ravinnokseen ottamansa polttiaissolut tiivistetyss\u00e4 muodossa, jolloin merietanan pisto on voimakkaampi kuin sen saaliin, Daily Mail <a href=\"https:\/\/www.dailymail.co.uk\/news\/article-15020465\/Urgent-warning-Brit-tourists-seven-mile-stretch-Costa-Blanca-coast-closed-swimmers.html\" target=\"_blank\" rel=\"noopener nofollow\">kertoo<\/a>.<\/p>\n<p class=\"ai-optimize-8\">Tyypillisi\u00e4 merietanan piston oireita ovat pahoinvointi, kipu, oksentelu ja akuutti kosketusihottuma.<\/p>\n<p class=\"ai-optimize-8\">Guardamar del Seguran pormestari <strong>Jos\u00e9 Luis S\u00e1ez<\/strong> tiedotti virallisella X-tilill\u00e4\u00e4n uimakiellosta keskiviikkona, kun yhdelt\u00e4 alueen rannalta oli l\u00f6ydetty kaksi Glaucus atlanticus -yksil\u00f6\u00e4. H\u00e4n muistutti, ett\u00e4 vaikka el\u00e4in on kirkkaan v\u00e4rinen ja vain noin nelj\u00e4n sentin kokoinen, siit\u00e4 tulee pysy\u00e4 erossa.<\/p>\n<p class=\"ai-optimize-8\">T\u00e4n\u00e4\u00e4n iltap\u00e4iv\u00e4ll\u00e4 S\u00e1ez kertoi, ett\u00e4 rantojen punainen lippu on lievennetty keltaiseen, ja sinimerietanahavainnon vuoksi aloitettu valvontaoperaatio on saatu p\u00e4\u00e4t\u00f6kseen.<\/p>\n<p class=\"ai-optimize-8\">\u2013 Kunnan palvelut, poliisi ja hengenpelastajat seuraavat tilannetta valppaina, h\u00e4n sanoi.<\/p>\n<blockquote class=\"twitter-tweet\" data-width=\"550\" data-dnt=\"true\">\n<p lang=\"es\" dir=\"ltr\">Bandera AMARILLA en las playas de Guardamar tras el cierre del operativo de vigilancia especial, por la presencia de dos ejemplares de Drag\u00f3n Azul.<\/p>\n<p>Los servicios municipales, polic\u00eda y socorrismo, siguen atentos a la evoluci\u00f3n de la situaci\u00f3n. <a href=\"https:\/\/twitter.com\/hashtag\/Playas?src=hash&amp;ref_src=twsrc%5Etfw\" rel=\"nofollow noopener\" target=\"_blank\">#Playas<\/a> <a href=\"https:\/\/twitter.com\/hashtag\/MedioAmbiente?src=hash&amp;ref_src=twsrc%5Etfw\" rel=\"nofollow noopener\" target=\"_blank\">#MedioAmbiente<\/a> <a href=\"https:\/\/twitter.com\/hashtag\/Seguridad?src=hash&amp;ref_src=twsrc%5Etfw\" rel=\"nofollow noopener\" target=\"_blank\">#Seguridad<\/a> <a href=\"https:\/\/t.co\/v3bPRRQwuD\" rel=\"nofollow\">pic.twitter.com\/v3bPRRQwuD<\/a><\/p>\n<p>\u2014 Jos\u00e9 Luis S\u00e1ez (@JoseLSaezPastor) <a href=\"https:\/\/twitter.com\/JoseLSaezPastor\/status\/1958473932257763822?ref_src=twsrc%5Etfw\" rel=\"nofollow noopener\" target=\"_blank\">August 21, 2025<\/a><\/p>\n<\/blockquote>\n<blockquote class=\"twitter-tweet\" data-width=\"550\" data-dnt=\"true\">\n<p lang=\"es\" dir=\"ltr\">Bandera ROJA en las playas de Guardamar PROHIBIDO el BA\u00d1O tras la aparici\u00f3n en Playa Vivers de dos ejemplares de Glaucus atlanticus, conocido como Drag\u00f3n Azul. <a href=\"https:\/\/t.co\/Ksy21uADmO\" rel=\"nofollow\">pic.twitter.com\/Ksy21uADmO<\/a><\/p>\n<p>\u2014 Jos\u00e9 Luis S\u00e1ez (@JoseLSaezPastor) <a href=\"https:\/\/twitter.com\/JoseLSaezPastor\/status\/1958223961176543601?ref_src=twsrc%5Etfw\" rel=\"nofollow noopener\" target=\"_blank\">August 20, 2025<\/a><\/p>\n<\/blockquote>\n<p>\t\t\t\t<script async src=\"https:\/\/platform.twitter.com\/widgets.js\" charset=\"utf-8\"><\/script><\/p>\n","protected":false},"excerpt":{"rendered":"Kaikkiaan seitsem\u00e4n kilometri\u00e4 rantoja julistettiin uimakieltoon Espanjan it\u00e4rannikolla. Alicanten maakunnassa sijaitsevassa, my\u00f6s suomalaisille tutussa Guardamar del Seguran lomakohteessa&hellip;\n","protected":false},"author":2,"featured_media":12056,"comment_status":"","ping_status":"","sticky":false,"template":"","format":"standard","meta":{"footnotes":""},"categories":[117],"tags":[33,31,30,72,1478,476,118,32,119,477],"class_list":{"0":"post-12055","1":"post","2":"type-post","3":"status-publish","4":"format-standard","5":"has-post-thumbnail","7":"category-luonto","8":"tag-fi","9":"tag-finland","10":"tag-finnish","11":"tag-luonto","12":"tag-matkailu","13":"tag-nature","14":"tag-science","15":"tag-suomi","16":"tag-tiede","17":"tag-wildlife"},"share_on_mastodon":{"url":"","error":""},"_links":{"self":[{"href":"https:\/\/www.europesays.com\/fi\/wp-json\/wp\/v2\/posts\/12055","targetHints":{"allow":["GET"]}}],"collection":[{"href":"https:\/\/www.europesays.com\/fi\/wp-json\/wp\/v2\/posts"}],"about":[{"href":"https:\/\/www.europesays.com\/fi\/wp-json\/wp\/v2\/types\/post"}],"author":[{"embeddable":true,"href":"https:\/\/www.europesays.com\/fi\/wp-json\/wp\/v2\/users\/2"}],"replies":[{"embeddable":true,"href":"https:\/\/www.europesays.com\/fi\/wp-json\/wp\/v2\/comments?post=12055"}],"version-history":[{"count":0,"href":"https:\/\/www.europesays.com\/fi\/wp-json\/wp\/v2\/posts\/12055\/revisions"}],"wp:featuredmedia":[{"embeddable":true,"href":"https:\/\/www.europesays.com\/fi\/wp-json\/wp\/v2\/media\/12056"}],"wp:attachment":[{"href":"https:\/\/www.europesays.com\/fi\/wp-json\/wp\/v2\/media?parent=12055"}],"wp:term":[{"taxonomy":"category","embeddable":true,"href":"https:\/\/www.europesays.com\/fi\/wp-json\/wp\/v2\/categories?post=12055"},{"taxonomy":"post_tag","embeddable":true,"href":"https:\/\/www.europesays.com\/fi\/wp-json\/wp\/v2\/tags?post=12055"}],"curies":[{"name":"wp","href":"https:\/\/api.w.org\/{rel}","templated":true}]}}