{"id":120553,"date":"2025-12-19T11:48:08","date_gmt":"2025-12-19T11:48:08","guid":{"rendered":"https:\/\/www.europesays.com\/fi\/120553\/"},"modified":"2025-12-19T11:48:08","modified_gmt":"2025-12-19T11:48:08","slug":"traktori-tormasi-lentokoneeseen-helsinki-vantaalla-pieni-toytaisy-paikalliset","status":"publish","type":"post","link":"https:\/\/www.europesays.com\/fi\/120553\/","title":{"rendered":"Traktori t\u00f6rm\u00e4si lentokoneeseen Helsinki-Vantaalla \u2013 \u201dPieni t\u00f6yt\u00e4isy\u201d | Paikalliset"},"content":{"rendered":"<p>Ty\u00f6nt\u00f6traktori t\u00f6rm\u00e4si lentokoneeseen Helsinki-Vantaan lentoasemalla perjantaiaamup\u00e4iv\u00e4ll\u00e4 puoli kahdentoista aikoihin.<\/p>\n<p>T\u00f6rm\u00e4ys ei aiheuttanut henkil\u00f6vahinkoja eik\u00e4 siivottavaa, tiedottaa Keski-Uudenmaan pelastuslaitos.<\/p>\n<p>Finavian viestint\u00e4p\u00e4\u00e4llikk\u00f6 <strong>Pia Fast<\/strong> kertoo Vantaan Sanomille, ett\u00e4 onnettomuus tapahtui terminaalin asematasolla.<\/p>\n<p>\u2013\u2009L\u00e4hd\u00f6ss\u00e4 oleva kone t\u00f6rm\u00e4si asematason ajoneuvoon. Ymm\u00e4rt\u00e4\u00e4kseni se oli pieni t\u00f6yt\u00e4isy, Fast sanoo.<\/p>\n<p>Lentoasemantiell\u00e4 sattuneen t\u00f6rm\u00e4yksen syy ei ole viel\u00e4 tiedossa.<\/p>\n<p>\u2013\u2009Selvittelemme viel\u00e4 tilannetta ja tapahtumankulkua.<\/p>\n<p>T\u00f6rm\u00e4ykseen joutuneen SAS:n lentokoneen oli tarkoitus l\u00e4hte\u00e4 kohti K\u00f6\u00f6penhaminaa. Koneessa oli turman aikaan matkustajia.<\/p>\n<p>\u2013\u2009Nyt selvitell\u00e4\u00e4n, p\u00e4\u00e4seek\u00f6 kone jatkamaan matkaa vai reititet\u00e4\u00e4nk\u00f6 matkustajat toiselle lennolle. Koneen matkustajam\u00e4\u00e4r\u00e4st\u00e4 minulla ei ole tarkempaa tietoa, Fast kertoo.<\/p>\n<p>Tapauksella ei ole Fastin mukaan vaikutusta lentoaseman muuhun toimintaan.<\/p>\n<p>Keski-Uudenmaan pelastuslaitos sai h\u00e4lytyksen pienest\u00e4 ilmaliikenneonnettomuudesta noin varttia vaille kaksitoista.<\/p>\n<p>Pelastuslaitosta ei lopulta tarvittu paikalla eik\u00e4 sen yksik\u00f6it\u00e4 l\u00e4htenyt kohteeseen.<\/p>\n<p>\u2013\u2009Paikalla oli lentoaseman oma pelastustoimi ja poliisikin k\u00e4vi paikalla toteamassa tilanteen, Fast kertoo.<\/p>\n<p>P\u00e4ivitetty 19.12. klo 12.53: Lis\u00e4tty juttuun Finavian viestint\u00e4p\u00e4\u00e4llik\u00f6n kommentit.<\/p>\n<p><strong>Vantaan Sanomat on mukana vantaalaisten arjessa ja kertoo vantaalaisten tarinaa.<\/strong> <a href=\"https:\/\/www.vantaansanomat.fi\/asenna\/\" rel=\"nofollow noopener\" target=\"_blank\">Lataa Vantaan Sanomien sovellus t\u00e4\u00e4lt\u00e4<\/a><strong> ja saat arjen kiinnostavimmat uutiset k\u00e4den ulottuville.<\/strong><\/p>\n","protected":false},"excerpt":{"rendered":"Ty\u00f6nt\u00f6traktori t\u00f6rm\u00e4si lentokoneeseen Helsinki-Vantaan lentoasemalla perjantaiaamup\u00e4iv\u00e4ll\u00e4 puoli kahdentoista aikoihin. T\u00f6rm\u00e4ys ei aiheuttanut henkil\u00f6vahinkoja eik\u00e4 siivottavaa, tiedottaa Keski-Uudenmaan pelastuslaitos.&hellip;\n","protected":false},"author":2,"featured_media":120554,"comment_status":"","ping_status":"","sticky":false,"template":"","format":"standard","meta":{"footnotes":""},"categories":[12],"tags":[22,23,26,27,33,31,30,17,405,24,25,121,990,28,29,15,837,120,18,21,32,19,20,16,2359,2360],"class_list":{"0":"post-120553","1":"post","2":"type-post","3":"status-publish","4":"format-standard","5":"has-post-thumbnail","7":"category-suomi","8":"tag-breaking-news","9":"tag-breakingnews","10":"tag-featured-news","11":"tag-featurednews","12":"tag-fi","13":"tag-finland","14":"tag-finnish","15":"tag-headlines","16":"tag-helsingin-seutukunta","17":"tag-latest-news","18":"tag-latestnews","19":"tag-liikenne-ja-kuljetus","20":"tag-liikenneonnettomuudet","21":"tag-main-news","22":"tag-mainnews","23":"tag-news","24":"tag-onnettomuudet","25":"tag-onnettomuustapaus","26":"tag-otsikot","27":"tag-paauutiset","28":"tag-suomi","29":"tag-top-stories","30":"tag-topstories","31":"tag-uutiset","32":"tag-vantaa","33":"tag-vantaan-sanomat"},"share_on_mastodon":{"url":"https:\/\/pubeurope.com\/@fi\/115746079250514899","error":""},"_links":{"self":[{"href":"https:\/\/www.europesays.com\/fi\/wp-json\/wp\/v2\/posts\/120553","targetHints":{"allow":["GET"]}}],"collection":[{"href":"https:\/\/www.europesays.com\/fi\/wp-json\/wp\/v2\/posts"}],"about":[{"href":"https:\/\/www.europesays.com\/fi\/wp-json\/wp\/v2\/types\/post"}],"author":[{"embeddable":true,"href":"https:\/\/www.europesays.com\/fi\/wp-json\/wp\/v2\/users\/2"}],"replies":[{"embeddable":true,"href":"https:\/\/www.europesays.com\/fi\/wp-json\/wp\/v2\/comments?post=120553"}],"version-history":[{"count":0,"href":"https:\/\/www.europesays.com\/fi\/wp-json\/wp\/v2\/posts\/120553\/revisions"}],"wp:featuredmedia":[{"embeddable":true,"href":"https:\/\/www.europesays.com\/fi\/wp-json\/wp\/v2\/media\/120554"}],"wp:attachment":[{"href":"https:\/\/www.europesays.com\/fi\/wp-json\/wp\/v2\/media?parent=120553"}],"wp:term":[{"taxonomy":"category","embeddable":true,"href":"https:\/\/www.europesays.com\/fi\/wp-json\/wp\/v2\/categories?post=120553"},{"taxonomy":"post_tag","embeddable":true,"href":"https:\/\/www.europesays.com\/fi\/wp-json\/wp\/v2\/tags?post=120553"}],"curies":[{"name":"wp","href":"https:\/\/api.w.org\/{rel}","templated":true}]}}