{"id":120555,"date":"2025-12-19T11:49:10","date_gmt":"2025-12-19T11:49:10","guid":{"rendered":"https:\/\/www.europesays.com\/fi\/120555\/"},"modified":"2025-12-19T11:49:10","modified_gmt":"2025-12-19T11:49:10","slug":"arsi-ruuskasen-olympiapaikalle-sinetti-suomen-joukkue-taydentyi-kahdeksalla-urheilijalla-urheilua-lyhyesti","status":"publish","type":"post","link":"https:\/\/www.europesays.com\/fi\/120555\/","title":{"rendered":"Arsi Ruuskasen olympiapaikalle sinetti \u2013 Suomen joukkue t\u00e4ydentyi kahdeksalla urheilijalla | Urheilua lyhyesti"},"content":{"rendered":"<p class=\"aw-1gybjub aw-5vja16 kEtdKx kmuxyA yle__article__paragraph\">Suomen olympiajoukkuetta Milano-Cortinaan t\u00e4ydennettiin perjantaina. <\/p>\n<p><img decoding=\"async\" alt=\"Arsi Ruuskanen Rukalla 29.11.2024.\" src=\"https:\/\/www.europesays.com\/fi\/wp-content\/uploads\/2025\/12\/39-13884606749f4c79fded.jpeg\" class=\"aw-1l9m598 hKVVvP\"\/><\/p>\n<p>Avaa kuvien katselu<\/p>\n<p>Arsi Ruuskanen sivakoi olympialaduilla. Kuva: Tomi H\u00e4nninen \/ Chilipictures<\/p>\n<p>12:22\u2022P\u00e4ivitetty 12:27<\/p>\n<p class=\"aw-1gybjub aw-1p7kakr kEtdKx cEmitX yle__article__paragraph\">Suomen olympiajoukkue Milano-Cortinan kisoihin t\u00e4ydentyi perjantaina kahdeksalla urheilijalla. Maastohiihtoon valittiin <strong class=\"aw-ak79eh KyCXm yle__article__strong\">Johanna Matintalo<\/strong> ja <strong class=\"aw-ak79eh KyCXm yle__article__strong\">Arsi Ruuskanen<\/strong>, yhdistettyyn <strong class=\"aw-ak79eh KyCXm yle__article__strong\">Eero Hirvonen<\/strong>, alppihiihtoon <strong class=\"aw-ak79eh KyCXm yle__article__strong\">Eduard Hallberg<\/strong>, <strong class=\"aw-ak79eh KyCXm yle__article__strong\">Elian Lehto<\/strong> ja <strong class=\"aw-ak79eh KyCXm yle__article__strong\">Erika Pyk\u00e4l\u00e4inen<\/strong> sek\u00e4 taitoluisteluun j\u00e4\u00e4tanssipari <strong class=\"aw-ak79eh KyCXm yle__article__strong\">Juulia Turkkila<\/strong> \/ <strong class=\"aw-ak79eh KyCXm yle__article__strong\">Matthias Versluis<\/strong>.<\/p>\n<p class=\"aw-1gybjub aw-1p7kakr kEtdKx cEmitX yle__article__paragraph\">Kisajoukkueeseen nimettiin jo aiemmin <strong class=\"aw-ak79eh KyCXm yle__article__strong\">Suvi Minkkinen<\/strong>, <strong class=\"aw-ak79eh KyCXm yle__article__strong\">Anni K\u00e4r\u00e4v\u00e4<\/strong>, <strong class=\"aw-ak79eh KyCXm yle__article__strong\">Elias Syrj\u00e4<\/strong>, <strong class=\"aw-ak79eh KyCXm yle__article__strong\">Jasmi Joensuu<\/strong>, <strong class=\"aw-ak79eh KyCXm yle__article__strong\">Iivo Niskanen<\/strong>, <strong class=\"aw-ak79eh KyCXm yle__article__strong\">Kerttu Niskanen<\/strong>, <strong class=\"aw-ak79eh KyCXm yle__article__strong\">Krista P\u00e4rm\u00e4koski<\/strong>, <strong class=\"aw-ak79eh KyCXm yle__article__strong\">Lauri Vuorinen<\/strong> ja <strong class=\"aw-ak79eh KyCXm yle__article__strong\">Ilkka Herola<\/strong>.<\/p>\n<p class=\"aw-1gybjub aw-1p7kakr kEtdKx cEmitX yle__article__paragraph\">\u2013 Kokonaisuutena Suomen olympiajoukkueen koko tulee olemaan noin 100 urheilijaa, mik\u00e4 on samaa suuruusluokkaan kuin 2000-luvulla keskim\u00e4\u00e4rin. El\u00e4mme kiivainta n\u00e4ytt\u00f6jen antamisen aikaa, Olympiakomitean huippu-urheilujohtaja <strong class=\"aw-ak79eh KyCXm yle__article__strong\">Janne H\u00e4nninen<\/strong> kommentoi.<\/p>\n<p class=\"aw-1gybjub aw-1p7kakr kEtdKx cEmitX yle__article__paragraph\">J\u00e4\u00e4kiekon olympiajoukkueet julkistetaan 2. tammikuuta. Viimeiset valinnat tehd\u00e4\u00e4n 23. tammikuuta. Milano-Cortinan olympialaiset j\u00e4rjestet\u00e4\u00e4n Italiassa 6.-22. helmikuuta.<\/p>\n","protected":false},"excerpt":{"rendered":"Suomen olympiajoukkuetta Milano-Cortinaan t\u00e4ydennettiin perjantaina. Avaa kuvien katselu Arsi Ruuskanen sivakoi olympialaduilla. Kuva: Tomi H\u00e4nninen \/ Chilipictures 12:22\u2022P\u00e4ivitetty&hellip;\n","protected":false},"author":2,"featured_media":120556,"comment_status":"","ping_status":"","sticky":false,"template":"","format":"standard","meta":{"footnotes":""},"categories":[5],"tags":[10129,22,23,26,27,33,31,30,17,2095,2096,24,25,28,29,15,2776,18,21,2668,32,4993,13138,19,20,160,16,5587],"class_list":{"0":"post-120555","1":"post","2":"type-post","3":"status-publish","4":"format-standard","5":"has-post-thumbnail","7":"category-otsikot","8":"tag-alppihiihto","9":"tag-breaking-news","10":"tag-breakingnews","11":"tag-featured-news","12":"tag-featurednews","13":"tag-fi","14":"tag-finland","15":"tag-finnish","16":"tag-headlines","17":"tag-hiihto","18":"tag-hiihtolajit","19":"tag-latest-news","20":"tag-latestnews","21":"tag-main-news","22":"tag-mainnews","23":"tag-news","24":"tag-olympialaiset","25":"tag-otsikot","26":"tag-paauutiset","27":"tag-pohjoismaiset-hiihtolajit","28":"tag-suomi","29":"tag-taitoluistelu","30":"tag-talviolympialaiset-milano-cortina-2026","31":"tag-top-stories","32":"tag-topstories","33":"tag-urheilu","34":"tag-uutiset","35":"tag-yhdistetty"},"share_on_mastodon":{"url":"https:\/\/pubeurope.com\/@fi\/115746082935193263","error":""},"_links":{"self":[{"href":"https:\/\/www.europesays.com\/fi\/wp-json\/wp\/v2\/posts\/120555","targetHints":{"allow":["GET"]}}],"collection":[{"href":"https:\/\/www.europesays.com\/fi\/wp-json\/wp\/v2\/posts"}],"about":[{"href":"https:\/\/www.europesays.com\/fi\/wp-json\/wp\/v2\/types\/post"}],"author":[{"embeddable":true,"href":"https:\/\/www.europesays.com\/fi\/wp-json\/wp\/v2\/users\/2"}],"replies":[{"embeddable":true,"href":"https:\/\/www.europesays.com\/fi\/wp-json\/wp\/v2\/comments?post=120555"}],"version-history":[{"count":0,"href":"https:\/\/www.europesays.com\/fi\/wp-json\/wp\/v2\/posts\/120555\/revisions"}],"wp:featuredmedia":[{"embeddable":true,"href":"https:\/\/www.europesays.com\/fi\/wp-json\/wp\/v2\/media\/120556"}],"wp:attachment":[{"href":"https:\/\/www.europesays.com\/fi\/wp-json\/wp\/v2\/media?parent=120555"}],"wp:term":[{"taxonomy":"category","embeddable":true,"href":"https:\/\/www.europesays.com\/fi\/wp-json\/wp\/v2\/categories?post=120555"},{"taxonomy":"post_tag","embeddable":true,"href":"https:\/\/www.europesays.com\/fi\/wp-json\/wp\/v2\/tags?post=120555"}],"curies":[{"name":"wp","href":"https:\/\/api.w.org\/{rel}","templated":true}]}}