{"id":120559,"date":"2025-12-19T12:01:11","date_gmt":"2025-12-19T12:01:11","guid":{"rendered":"https:\/\/www.europesays.com\/fi\/120559\/"},"modified":"2025-12-19T12:01:11","modified_gmt":"2025-12-19T12:01:11","slug":"essi-hellen-huomasi-elavansa-painajaistaan-kun-hanta-ei-paastetty-lentokoneeseen-costa-ricassa-puoli-seitseman","status":"publish","type":"post","link":"https:\/\/www.europesays.com\/fi\/120559\/","title":{"rendered":"Essi Hell\u00e9n huomasi el\u00e4v\u00e4ns\u00e4 painajaistaan, kun h\u00e4nt\u00e4 ei p\u00e4\u00e4stetty lentokoneeseen Costa Ricassa | Puoli seitsem\u00e4n"},"content":{"rendered":"<p class=\"aw-1gybjub aw-5vja16 kEtdKx kmuxyA yle__article__paragraph\">Nuori Essi Hell\u00e9n p\u00e4\u00e4si Costa Ricaan unelmareissulle opiskelukavereiden kanssa. Kotiinpaluusta tulikin kauhutarina, joka saa naisen sykkeen edelleen nousemaan.<\/p>\n<p><img decoding=\"async\" alt=\"Essi Hellen irvistelee muistellessaan el\u00e4m\u00e4ns\u00e4 mokaa.\" src=\"https:\/\/www.europesays.com\/fi\/wp-content\/uploads\/2025\/12\/39-1570939694181fb19b34.jpeg\" class=\"aw-1l9m598 hKVVvP\"\/><\/p>\n<p>Avaa kuvien katselu<\/p>\n<p>Nuoruuden kokemus lentokent\u00e4ll\u00e4 saa Essi Hell\u00e9nin syd\u00e4men edelleen tykytt\u00e4m\u00e4\u00e4n. Yli 15 vuotta sitten tapahtuma aiheutti my\u00f6s nolostumista. Kuva: Jaani Lampinen \/ Yle<\/p>\n<p class=\"aw-1gybjub aw-1p7kakr kEtdKx cEmitX yle__article__paragraph\">El\u00e4m\u00e4ni moka -juttusarjassa julkisuudesta tuttu ihminen muistelee kommellustaan. T\u00e4ll\u00e4 kertaa mokansa kertoo n\u00e4yttelij\u00e4 ja kustantaja <strong class=\"aw-ak79eh KyCXm yle__article__strong\">Essi Hell\u00e9n<\/strong>.<\/p>\n<p class=\"aw-1gybjub aw-1p7kakr kEtdKx cEmitX yle__article__paragraph\">\u201dOlimme olleet kaveriporukalla aivan ihanalla matkalla Costa Ricassa, V\u00e4li-Amerikassa. Kuukauden surffasimme ja joimme rannalla kookosdrinkkej\u00e4.<\/p>\n<p class=\"aw-1gybjub aw-1p7kakr kEtdKx cEmitX yle__article__paragraph\">Olimme palaamassa jouluaatoksi takaisin kotiin, kun San Jos\u00e9n lentokent\u00e4ll\u00e4 tajusimme, ett\u00e4 me ollaan kusessa.<\/p>\n<p class=\"aw-1gybjub aw-1p7kakr kEtdKx cEmitX yle__article__paragraph\">Vuosi oli 2009 ja olin silloin n\u00e4yttelij\u00e4opiskelija Teatterikorkeakoulussa. Olin vasta alkanut seurustella tulevan aviopuolisoni <strong class=\"aw-ak79eh KyCXm yle__article__strong\">Mikko Virtasen<\/strong> kanssa ja l\u00e4hdimme reissuun opiskeluporukalla. Kuukauden aikana k\u00e4ytimme kaikki rahamme.<\/p>\n<p class=\"aw-1gybjub aw-1p7kakr kEtdKx cEmitX yle__article__paragraph\">Tiesimme, ett\u00e4 meill\u00e4 on lentokoneessa ruokaa ja ett\u00e4 p\u00e4rj\u00e4\u00e4mme ilman rahaa siihen asti, ett\u00e4 p\u00e4\u00e4semme kotiin.<\/p>\n<p class=\"aw-1gybjub aw-1p7kakr kEtdKx cEmitX yle__article__paragraph\">Lentokent\u00e4ll\u00e4 k\u00e4vi ilmi, ett\u00e4 meid\u00e4n pit\u00e4\u00e4 maksaa jokin vero, ett\u00e4 p\u00e4\u00e4semme maasta pois.<\/p>\n<p class=\"aw-1gybjub aw-1p7kakr kEtdKx cEmitX yle__article__paragraph\">Kenell\u00e4k\u00e4\u00e4n ei ollut rahaa eik\u00e4 meill\u00e4 ollut luottokortteja siihen aikaan, meh\u00e4n olimme viel\u00e4 opiskelijoitakin. Summa ei ollut mik\u00e4\u00e4n ihan pienik\u00e4\u00e4n, muistelisin, ett\u00e4 suunnilleen 125 dollaria per henkil\u00f6. Ainakin useita satasia yhteens\u00e4.<\/p>\n<p class=\"aw-1gybjub aw-1p7kakr kEtdKx cEmitX yle__article__paragraph\">Costa Ricassa oli p\u00e4iv\u00e4 ja Suomessa y\u00f6. Piti saada joku Suomesta kiinni siirt\u00e4m\u00e4\u00e4n meille rahaa. Silloin k\u00e4nnyk\u00f6it\u00e4 ei noin vain ulkomailla k\u00e4ytetty ja siin\u00e4 oli ihan kamala h\u00e4ss\u00e4kk\u00e4, kiire ja stressi.<\/p>\n<p class=\"aw-1gybjub aw-1p7kakr kEtdKx cEmitX yle__article__paragraph\">American Airlinesin virkailija l\u00e4hti viem\u00e4\u00e4n minua lentokent\u00e4n takatilaan, josta sain soittaa lankapuhelimella kotiin. Onneksi \u00e4iti her\u00e4si puheluun, silloin taisi olla tavallisempaa pit\u00e4\u00e4 puhelimessa \u00e4\u00e4net p\u00e4\u00e4ll\u00e4. H\u00e4n siirsi rahaa ja p\u00e4\u00e4simme lentokoneeseen.<\/p>\n<p class=\"aw-1gybjub aw-1p7kakr kEtdKx cEmitX yle__article__paragraph\">Kommellukset eiv\u00e4t kuitenkaan loppuneet.<\/p>\n<p class=\"aw-1gybjub aw-1p7kakr kEtdKx cEmitX yle__article__paragraph\">Meill\u00e4 oli vaihto Miamissa ja aivan sikakiire jatkolennolle. Virkailija tuli hakemaan meid\u00e4t koneesta ja kuljetti meid\u00e4t supervauhtia golfk\u00e4rryll\u00e4 l\u00e4ht\u00f6portille.<\/p>\n<p class=\"aw-1gybjub aw-1p7kakr kEtdKx cEmitX yle__article__paragraph\">Ajoimme matkalaukkualueen l\u00e4pi ja virkailija kysyi, onko meid\u00e4n matkalaukut l\u00e4ht\u00f6selvitetty. Vastasimme, ett\u00e4 totta kai on, normihomma.<\/p>\n<p class=\"aw-1gybjub aw-1p7kakr kEtdKx cEmitX yle__article__paragraph\">K\u00e4vi ilmi, ett\u00e4 laukkumme olikin l\u00e4ht\u00f6selvitetty vain Miamiin asti, ei Suomeen. Jouduimme palaamaan er\u00e4\u00e4nlaiseen v\u00e4litilaan no man\u2019s landille, jossa ne laukut olivat. Se oli todella h\u00e4mment\u00e4v\u00e4\u00e4, en ole koskaan n\u00e4hnyt sellaista. Ja kiire oli aivan hirve\u00e4.<\/p>\n<p class=\"aw-1gybjub aw-1p7kakr kEtdKx cEmitX yle__article__paragraph\">Mietimme, tunnistaako kukaan meist\u00e4 kaikkien laukkuja, sill\u00e4 vain Mikko sai luvan l\u00e4hte\u00e4 niit\u00e4 etsim\u00e4\u00e4n. Yksi laukku oli ehditty vied\u00e4 kokonaan alueelta pois ja sit\u00e4 piti etsi\u00e4 kauempaa.<\/p>\n<p class=\"aw-1gybjub aw-1p7kakr kEtdKx cEmitX yle__article__paragraph\">Lopulta ehdimme jouluksi kotiin, mutta hyi, mun syd\u00e4n alkaa nytkin hakata. Olen aika kova kontrolloimaan kaikkea. Pahin painajaiseni on, kun asiat murenevat pala palalta.<\/p>\n<p class=\"aw-1gybjub aw-1p7kakr kEtdKx cEmitX yle__article__paragraph\">Onneksi puhalsimme siin\u00e4 tilanteessa yhteen hiileen ja aloimme yhdess\u00e4 selvitt\u00e4\u00e4, mist\u00e4 raavimme rahat kokoon. Olimme kaikki sit\u00e4 mielt\u00e4, ett\u00e4 olemme idiootteja, kun emme ottaneet t\u00e4llaista huomioon.<\/p>\n<p class=\"aw-1gybjub aw-1p7kakr kEtdKx cEmitX yle__article__paragraph\">Ovat ajat toki muuttuneet. Nyky\u00e4\u00e4n voi muutamassa sekunnissa katsoa k\u00e4nnyk\u00e4st\u00e4, mit\u00e4 pit\u00e4\u00e4 huomioida, kun matkustaa Costa Ricaan. Ei silloin tullut ajatelleeksikaan, ett\u00e4 t\u00e4llaista voi selvitt\u00e4\u00e4. Meill\u00e4 oli Lonely Planetin Costa Rican matkaopas, jonka turvin reissasimme.<\/p>\n<p class=\"aw-1gybjub aw-1p7kakr kEtdKx cEmitX yle__article__paragraph\">Nyky\u00e4\u00e4n minulla on luottokortti ja kun l\u00e4hden kaukomatkoille, niin aina on my\u00f6s jokin varasuunnitelma!\u201d<\/p>\n<p>Essi Hell\u00e9n, 37<\/p>\n<p class=\"aw-1gybjub aw-1p7kakr kEtdKx cEmitX yle__article__paragraph\">Helsinkil\u00e4inen n\u00e4yttelij\u00e4, joka muistetaan muun muassa tv-sarjoista Putous ja Ex-onnelliset.<\/p>\n<p class=\"aw-1gybjub aw-1p7kakr kEtdKx cEmitX yle__article__paragraph\">N\u00e4yttelij\u00e4n ty\u00f6n ohella ty\u00f6skentelee kustantajana.<\/p>\n<p class=\"aw-1gybjub aw-1p7kakr kEtdKx cEmitX yle__article__paragraph\">On mukana ensi-iltaan 25.12. tulevassa lastenelokuvassa Supermarsu ja suuri huijaus yhdess\u00e4 tytt\u00e4rens\u00e4 <strong class=\"aw-ak79eh KyCXm yle__article__strong\">Siiri Virtasen<\/strong> kanssa.<\/p>\n<p class=\"aw-1gybjub aw-1p7kakr kEtdKx cEmitX yle__article__paragraph\">Essi Hell\u00e9n vieraili Puoli seitsem\u00e4n -ohjelmassa 16. joulukuuta:<\/p>\n<p><img decoding=\"async\" alt=\"\" src=\"https:\/\/www.europesays.com\/fi\/wp-content\/uploads\/2025\/12\/13-1-73836952-1765905104255.jpeg\" class=\"aw-1l9m598 hKVVvP\"\/><\/p>\n<p class=\"aw-1gybjub aw-1p7kakr kEtdKx cEmitX yle__article__paragraph\">Puoli seitsem\u00e4n -ohjelman viikon parhaat palat n\u00e4hd\u00e4\u00e4n aina perjantaisin Yle TV2:ssa ja <a class=\"aw-iao6s4 iHOxEa yle__article__link\" href=\"https:\/\/areena.yle.fi\/1-73836973\" role=\"link\" rel=\"nofollow noopener\" target=\"_blank\">Yle Areenassa.<\/a><\/p>\n","protected":false},"excerpt":{"rendered":"Nuori Essi Hell\u00e9n p\u00e4\u00e4si Costa Ricaan unelmareissulle opiskelukavereiden kanssa. Kotiinpaluusta tulikin kauhutarina, joka saa naisen sykkeen edelleen nousemaan.&hellip;\n","protected":false},"author":2,"featured_media":120560,"comment_status":"","ping_status":"","sticky":false,"template":"","format":"standard","meta":{"footnotes":""},"categories":[136],"tags":[407,137,4633,33,31,30,408,20517,1478,5853,32,2107,109],"class_list":{"0":"post-120559","1":"post","2":"type-post","3":"status-publish","4":"format-standard","5":"has-post-thumbnail","7":"category-julkkikset","8":"tag-celebrities","9":"tag-entertainment","10":"tag-essi-hellen","11":"tag-fi","12":"tag-finland","13":"tag-finnish","14":"tag-julkkikset","15":"tag-lomailu","16":"tag-matkailu","17":"tag-puoli-seitseman","18":"tag-suomi","19":"tag-vapaa-aika","20":"tag-viihde"},"share_on_mastodon":{"url":"https:\/\/pubeurope.com\/@fi\/115746130262327508","error":""},"_links":{"self":[{"href":"https:\/\/www.europesays.com\/fi\/wp-json\/wp\/v2\/posts\/120559","targetHints":{"allow":["GET"]}}],"collection":[{"href":"https:\/\/www.europesays.com\/fi\/wp-json\/wp\/v2\/posts"}],"about":[{"href":"https:\/\/www.europesays.com\/fi\/wp-json\/wp\/v2\/types\/post"}],"author":[{"embeddable":true,"href":"https:\/\/www.europesays.com\/fi\/wp-json\/wp\/v2\/users\/2"}],"replies":[{"embeddable":true,"href":"https:\/\/www.europesays.com\/fi\/wp-json\/wp\/v2\/comments?post=120559"}],"version-history":[{"count":0,"href":"https:\/\/www.europesays.com\/fi\/wp-json\/wp\/v2\/posts\/120559\/revisions"}],"wp:featuredmedia":[{"embeddable":true,"href":"https:\/\/www.europesays.com\/fi\/wp-json\/wp\/v2\/media\/120560"}],"wp:attachment":[{"href":"https:\/\/www.europesays.com\/fi\/wp-json\/wp\/v2\/media?parent=120559"}],"wp:term":[{"taxonomy":"category","embeddable":true,"href":"https:\/\/www.europesays.com\/fi\/wp-json\/wp\/v2\/categories?post=120559"},{"taxonomy":"post_tag","embeddable":true,"href":"https:\/\/www.europesays.com\/fi\/wp-json\/wp\/v2\/tags?post=120559"}],"curies":[{"name":"wp","href":"https:\/\/api.w.org\/{rel}","templated":true}]}}