{"id":120582,"date":"2025-12-19T12:34:09","date_gmt":"2025-12-19T12:34:09","guid":{"rendered":"https:\/\/www.europesays.com\/fi\/120582\/"},"modified":"2025-12-19T12:34:09","modified_gmt":"2025-12-19T12:34:09","slug":"kupsn-superhyokkaaja-saattaa-nostaa-kytkinta-katsotaan-mita-tapahtuu","status":"publish","type":"post","link":"https:\/\/www.europesays.com\/fi\/120582\/","title":{"rendered":"KuPS:n superhy\u00f6kk\u00e4\u00e4j\u00e4 saattaa nostaa kytkint\u00e4 \u2013\u2009\u201dKatsotaan, mit\u00e4 tapahtuu\u201d"},"content":{"rendered":"<p>Piotr Parzyszek ei halunnut viel\u00e4 tehd\u00e4 p\u00e4\u00e4t\u00f6st\u00e4 jatkostaan. <\/p>\n<p><img decoding=\"async\" class=\"image image-show image-preview\" src=\"https:\/\/www.europesays.com\/fi\/wp-content\/uploads\/2025\/12\/9da1cb3237e11bfe1f34c5832c0754183cf3b572fbaef6e8afe8061148cc2b7f.jpg\" alt=\"\"\/><img decoding=\"async\" class=\"image image-show\" src=\"https:\/\/www.europesays.com\/fi\/wp-content\/uploads\/2025\/12\/1766147649_982_9da1cb3237e11bfe1f34c5832c0754183cf3b572fbaef6e8afe8061148cc2b7f.jpg\" alt=\"\"\/><\/p>\n<p>Piotr Parzyszek on KuPS:n paras euromaalintekij\u00e4 kolmella t\u00e4ysosumallaan. AOP<\/p>\n<p class=\"paragraph\">KuPS:n eurosensaatiolla on monta sankaria.<\/p>\n<p class=\"paragraph\">Mutta yksi suurimmista on eitt\u00e4m\u00e4tt\u00e4 puolalaisk\u00e4rki <strong>Piotr Parzyszek<\/strong>, joka eilenkin tempaisi arvokkaan 1\u20131-tasoituksen.<\/p>\n<p class=\"paragraph\">\u2013\u2009Aivan uskomaton fiilis. Ennen ottelua kukaan ei antanut meille mahdollisuuksia, mutta loppujen lopuksi t\u00e4llaista on jalkapallo, Parzyszek sanoi.<\/p>\n<p class=\"paragraph\">\u2013\u2009Vastassa oli Valioliigan viides. Tauolla p\u00e4\u00e4timme pelata vain omaa peli\u00e4mme. Lopulta ansaitsimme tasapelin ja jatkopaikan.<\/p>\n<p class=\"paragraph\">Hy\u00f6kk\u00e4\u00e4j\u00e4t el\u00e4v\u00e4t maaleista. Parzyszek on todellakin puhjennut kukkaan Kuopiossa.<\/p>\n<p class=\"paragraph\">\u2013\u2009En olisi voinut uskoa, kun saavuin KuPS:iin elokuussa, ett\u00e4 kausi kruunataan t\u00e4ll\u00e4 tavalla. T\u00e4m\u00e4 menee todella korkealle omalla listallani.<\/p>\n<p class=\"paragraph\">\u2013\u2009KuPS tarjosi kes\u00e4ll\u00e4 euro-otteluita. Tiesin, ett\u00e4 pystyn edelleen pelaamaan t\u00e4ll\u00e4 tasolla.<\/p>\n<p class=\"paragraph\">Parzyszekilla on sopimus, joka kattaa my\u00f6s ensi kev\u00e4\u00e4n. Mutta todenn\u00e4k\u00f6isesti siin\u00e4 on ehtoja, joiden takia hy\u00f6kk\u00e4\u00e4j\u00e4 saisi vaihtaa maisemaa tammikuussa.<\/p>\n<p class=\"paragraph\">H\u00e4n ei siis v\u00e4ltt\u00e4m\u00e4tt\u00e4 ole en\u00e4\u00e4 mukana, kun KuPS jatkaa euroseikkailuaan helmikuussa.<\/p>\n<p class=\"paragraph\">\u2013\u2009Katsotaan, mit\u00e4 tapahtuu seuraavien kahden viikon aikana. Sen j\u00e4lkeen tied\u00e4mme.<\/p>\n","protected":false},"excerpt":{"rendered":"Piotr Parzyszek ei halunnut viel\u00e4 tehd\u00e4 p\u00e4\u00e4t\u00f6st\u00e4 jatkostaan. Piotr Parzyszek on KuPS:n paras euromaalintekij\u00e4 kolmella t\u00e4ysosumallaan. AOP KuPS:n&hellip;\n","protected":false},"author":2,"featured_media":120583,"comment_status":"","ping_status":"","sticky":false,"template":"","format":"standard","meta":{"footnotes":""},"categories":[158],"tags":[35,33,31,30,43,42,41,159,32,160,161,45],"class_list":{"0":"post-120582","1":"post","2":"type-post","3":"status-publish","4":"format-standard","5":"has-post-thumbnail","7":"category-urheilu","8":"tag-24h","9":"tag-fi","10":"tag-finland","11":"tag-finnish","12":"tag-jalkapallo","13":"tag-jalkapalloon-perustuvat-lajit","14":"tag-liikunta-ja-urheilu","15":"tag-sports","16":"tag-suomi","17":"tag-urheilu","18":"tag-urheilutapahtumat","19":"tag-veikkausliiga"},"share_on_mastodon":{"url":"https:\/\/pubeurope.com\/@fi\/115746260164808246","error":""},"_links":{"self":[{"href":"https:\/\/www.europesays.com\/fi\/wp-json\/wp\/v2\/posts\/120582","targetHints":{"allow":["GET"]}}],"collection":[{"href":"https:\/\/www.europesays.com\/fi\/wp-json\/wp\/v2\/posts"}],"about":[{"href":"https:\/\/www.europesays.com\/fi\/wp-json\/wp\/v2\/types\/post"}],"author":[{"embeddable":true,"href":"https:\/\/www.europesays.com\/fi\/wp-json\/wp\/v2\/users\/2"}],"replies":[{"embeddable":true,"href":"https:\/\/www.europesays.com\/fi\/wp-json\/wp\/v2\/comments?post=120582"}],"version-history":[{"count":0,"href":"https:\/\/www.europesays.com\/fi\/wp-json\/wp\/v2\/posts\/120582\/revisions"}],"wp:featuredmedia":[{"embeddable":true,"href":"https:\/\/www.europesays.com\/fi\/wp-json\/wp\/v2\/media\/120583"}],"wp:attachment":[{"href":"https:\/\/www.europesays.com\/fi\/wp-json\/wp\/v2\/media?parent=120582"}],"wp:term":[{"taxonomy":"category","embeddable":true,"href":"https:\/\/www.europesays.com\/fi\/wp-json\/wp\/v2\/categories?post=120582"},{"taxonomy":"post_tag","embeddable":true,"href":"https:\/\/www.europesays.com\/fi\/wp-json\/wp\/v2\/tags?post=120582"}],"curies":[{"name":"wp","href":"https:\/\/api.w.org\/{rel}","templated":true}]}}