{"id":120584,"date":"2025-12-19T12:35:13","date_gmt":"2025-12-19T12:35:13","guid":{"rendered":"https:\/\/www.europesays.com\/fi\/120584\/"},"modified":"2025-12-19T12:35:13","modified_gmt":"2025-12-19T12:35:13","slug":"ei-tarpeeksi-dallas-arviossa-gillian-andersonin-ja-lena-headeyn-tahdittama-lannensarja-hillittomat","status":"publish","type":"post","link":"https:\/\/www.europesays.com\/fi\/120584\/","title":{"rendered":"Ei tarpeeksi Dallas \u2013 arviossa Gillian Andersonin ja Lena Headeyn t\u00e4hditt\u00e4m\u00e4 l\u00e4nnensarja Hillitt\u00f6m\u00e4t"},"content":{"rendered":"<p class=\"p1\">En voi ymm\u00e4rt\u00e4\u00e4 mill\u00e4 logiikalla The Abandons on k\u00e4\u00e4nnetty <a href=\"https:\/\/www.netflix.com\/fi\/title\/81485923\" rel=\"nofollow noopener\" target=\"_blank\">Hillitt\u00f6miksi<\/a>. Teko\u00e4ly ep\u00e4ili, ett\u00e4 kyseess\u00e4 on kaupallinen ratkaisu. Sen mukaan \u201dHyl\u00e4tyt\u201d olisi liian passiivinen ja synkk\u00e4 otsikko, ja n\u00e4in ollen v\u00e4hemm\u00e4n myyv\u00e4. Teko\u00e4lyn mukaan \u201dHillitt\u00f6m\u00e4t\u201d korostaa hahmojen kapinallisuutta ja s\u00e4\u00e4nt\u00f6jen rikkomista, mik\u00e4 sopii paremmin sarjan henkeen, kuten moraalin rajojen koettelemiseen.<\/p>\n<p class=\"p1\">Joka tapauksessa sarjan englanninkielinen otsikko on jo The Abandons, ja synk\u00e4t ja passiiviset nimet kuuluvat l\u00e4nkk\u00e4reihin. Eik\u00e4 Hillitt\u00f6m\u00e4t ole mik\u00e4\u00e4n vet\u00e4vin l\u00e4nkk\u00e4rin nimi, paitsi negatiivisessa mieless\u00e4, kun katsoja miettii Netflixin tarjontaa selatessaan: \u201dMit\u00e4s tyhm\u00e4\u00e4 t\u00e4m\u00e4 on?\u201d<\/p>\n<p class=\"p1\" style=\"text-align: center;\">* *<\/p>\n<p class=\"p1\">Sarja alkaa, kun mustapukuinen hahmo ratsastaa vuoren kupeessa n\u00f6k\u00f6tt\u00e4v\u00e4\u00e4n pikkukaupunkiin. Tyypillinen l\u00e4nkk\u00e4rin aloitus, paitsi ett\u00e4 t\u00e4ll\u00e4 kertaa tulija on nainen.<\/p>\n<p class=\"p1\">Karjavarkaiden hy\u00f6kk\u00e4ys her\u00e4tt\u00e4\u00e4 perheen keskell\u00e4 y\u00f6t\u00e4 ja perheenp\u00e4\u00e4 kutsuu kaikki koolle pelastamaan el\u00e4imet. Toinen tyypillinen l\u00e4nkk\u00e4rin avaus, paitsi ett\u00e4 perheenp\u00e4\u00e4 on nainen.<\/p>\n<p class=\"p1\">Hillitt\u00f6m\u00e4t kertoo vahvoista ja periksiantamattomista naisista. Kaksi sukua, k\u00f6yh\u00e4 ja varakas, ottavat yhteen. Kumpikin tahtoo perheens\u00e4 ja yhteis\u00f6ns\u00e4 parasta, mutta toisen olisi per\u00e4\u00e4nnytt\u00e4v\u00e4 toisen edest\u00e4.<\/p>\n<p class=\"p1\">K\u00e4sikirjoitus kompuroi kun se yritt\u00e4\u00e4 olla v\u00e4h\u00e4n kaikkea. On Romeo ja Julia -tyyppinen romanssi, arvoituksia ja tietysti kosto. Hillitt\u00f6m\u00e4t on kuvattu Kanadassa, Calgaryn liepeill\u00e4. Vuoristomaisemat ovat komeita, ja poikkeavat tyypillisist\u00e4 l\u00e4nnenelokuvien keskil\u00e4nnen- ja etel\u00e4n maisemista.<\/p>\n<p class=\"p1\" style=\"text-align: center;\">* *<\/p>\n<p class=\"p1\">Hillitt\u00f6miss\u00e4 yhden surma johtaa toiseen, ja sen j\u00e4lkeen sit\u00e4 seuraavaan, ja synnytt\u00e4\u00e4 tahattoman koomisen lumipalloefektin. Mieleen tulee <b>David Lynchin<\/b> Mulholland Drive -elokuvan tappaja Joe Messing, joka sotkeutuu toistuvasti uusiin murhiin.<\/p>\n<p class=\"p1\">Aina silloin t\u00e4ll\u00f6in sarjan p\u00e4\u00e4henkil\u00f6t ratsastavat toisen pihaan aukomaan p\u00e4\u00e4t\u00e4\u00e4n, ja v\u00e4list\u00e4 heristell\u00e4\u00e4n nyrkkej\u00e4 kaupungilla. Sarjassa ei ammuta tarpeeksi, jotta se t\u00e4ytt\u00e4isi t\u00e4ysverisen l\u00e4nkk\u00e4rin mitat. Viides ja viimeinen jakso v\u00e4h\u00e4n paikkaavat puutetta, mutta eiv\u00e4t riitt\u00e4v\u00e4sti.<\/p>\n<p class=\"p1\">Ja sitten t\u00f6ks. Kausi p\u00e4\u00e4ttyy cliffhangeriin. Sarja olisi ollut mahdollista p\u00e4\u00e4tt\u00e4\u00e4 seitsem\u00e4nnen jakson loppuun, mutta jostain syyst\u00e4 lopetus on p\u00e4\u00e4tetty venytt\u00e4\u00e4 toiseen kauteen. En jaksa uskoa ett\u00e4 sarjan idea kantaa niin pitk\u00e4lle.<\/p>\n<p class=\"p1\">Kenties Hillitt\u00f6m\u00e4t yritt\u00e4\u00e4 olla passeli sek\u00e4 mies- ett\u00e4 naiskatsojille, v\u00e4h\u00e4n niin kuin Dallas. Sarja ei vain ole tarpeeksi saippuaa eik\u00e4 tarpeeksi l\u00e4nkk\u00e4ri, ett\u00e4 t\u00e4ytt\u00e4isi molempien lajityyppien lokerot, vaan putoaa katsojakuntien v\u00e4liin.<\/p>\n<p class=\"p1\" style=\"text-align: right;\">Petri H\u00e4nninen<\/p>\n","protected":false},"excerpt":{"rendered":"En voi ymm\u00e4rt\u00e4\u00e4 mill\u00e4 logiikalla The Abandons on k\u00e4\u00e4nnetty Hillitt\u00f6miksi. Teko\u00e4ly ep\u00e4ili, ett\u00e4 kyseess\u00e4 on kaupallinen ratkaisu. Sen&hellip;\n","protected":false},"author":2,"featured_media":120585,"comment_status":"","ping_status":"","sticky":false,"template":"","format":"standard","meta":{"footnotes":""},"categories":[130],"tags":[137,33,31,30,13921,21734,21735,21736,217,32,109,21737,7130],"class_list":{"0":"post-120584","1":"post","2":"type-post","3":"status-publish","4":"format-standard","5":"has-post-thumbnail","7":"category-viihde","8":"tag-entertainment","9":"tag-fi","10":"tag-finland","11":"tag-finnish","12":"tag-gillian-anderson","13":"tag-hillittomat","14":"tag-kurt-sutter","15":"tag-lannensarjat","16":"tag-netflix","17":"tag-suomi","18":"tag-viihde","19":"tag-villi-lansi","20":"tag-western"},"share_on_mastodon":{"url":"https:\/\/pubeurope.com\/@fi\/115746263724695505","error":""},"_links":{"self":[{"href":"https:\/\/www.europesays.com\/fi\/wp-json\/wp\/v2\/posts\/120584","targetHints":{"allow":["GET"]}}],"collection":[{"href":"https:\/\/www.europesays.com\/fi\/wp-json\/wp\/v2\/posts"}],"about":[{"href":"https:\/\/www.europesays.com\/fi\/wp-json\/wp\/v2\/types\/post"}],"author":[{"embeddable":true,"href":"https:\/\/www.europesays.com\/fi\/wp-json\/wp\/v2\/users\/2"}],"replies":[{"embeddable":true,"href":"https:\/\/www.europesays.com\/fi\/wp-json\/wp\/v2\/comments?post=120584"}],"version-history":[{"count":0,"href":"https:\/\/www.europesays.com\/fi\/wp-json\/wp\/v2\/posts\/120584\/revisions"}],"wp:featuredmedia":[{"embeddable":true,"href":"https:\/\/www.europesays.com\/fi\/wp-json\/wp\/v2\/media\/120585"}],"wp:attachment":[{"href":"https:\/\/www.europesays.com\/fi\/wp-json\/wp\/v2\/media?parent=120584"}],"wp:term":[{"taxonomy":"category","embeddable":true,"href":"https:\/\/www.europesays.com\/fi\/wp-json\/wp\/v2\/categories?post=120584"},{"taxonomy":"post_tag","embeddable":true,"href":"https:\/\/www.europesays.com\/fi\/wp-json\/wp\/v2\/tags?post=120584"}],"curies":[{"name":"wp","href":"https:\/\/api.w.org\/{rel}","templated":true}]}}