{"id":120590,"date":"2025-12-19T12:39:11","date_gmt":"2025-12-19T12:39:11","guid":{"rendered":"https:\/\/www.europesays.com\/fi\/120590\/"},"modified":"2025-12-19T12:39:11","modified_gmt":"2025-12-19T12:39:11","slug":"maerskin-rahtilaiva-kulki-punaisenmeren-halki-ensimmaista-kertaa-kahteen-vuoteen-uutisia-lyhyesti","status":"publish","type":"post","link":"https:\/\/www.europesays.com\/fi\/120590\/","title":{"rendered":"Maerskin rahtilaiva kulki Punaisenmeren halki ensimm\u00e4ist\u00e4 kertaa kahteen vuoteen | Uutisia lyhyesti"},"content":{"rendered":"<p class=\"aw-1gybjub aw-5vja16 kEtdKx kmuxyA yle__article__paragraph\">Punaisenmeren laivaliikennett\u00e4 h\u00e4iritsev\u00e4t huthikapinalliset ovat v\u00e4hent\u00e4neet veneiskuja Gazaan solmitun tulitauon j\u00e4llkeen. <\/p>\n<p><img decoding=\"async\" alt=\"Rahtilaiva on lastattu konteilla.\" src=\"https:\/\/www.europesays.com\/fi\/wp-content\/uploads\/2025\/12\/39-15028046890d360e2d31.jpeg\" class=\"aw-1l9m598 hKVVvP\"\/><\/p>\n<p>Avaa kuvien katselu<\/p>\n<p>Maerskin rahtilaiva. Kuvituskuva. Kuva: Oliver Hoslet \/ AOP<\/p>\n<p>12:41\u2022P\u00e4ivitetty 12:45<\/p>\n<p class=\"aw-1gybjub aw-1p7kakr kEtdKx cEmitX yle__article__paragraph\">Maailman suurin rahtilaivavarustamo Maersk kertoo yhti\u00f6n rahtilaivan kulkeneen Punaisenmeren l\u00e4pi ensimm\u00e4ist\u00e4 kertaa kahteen vuoteen.<\/p>\n<p class=\"aw-1gybjub aw-1p7kakr kEtdKx cEmitX yle__article__paragraph\">Punaisenmeren rahtilaivaliikenne v\u00e4heni rajusti syksyll\u00e4 2023. Jemenin huthikapinalliset alkoivat tuolloin iske\u00e4 kauppalaivoihin vastatoimena Israelin sotatoimille Gazan kaistalla.<\/p>\n<p class=\"aw-1gybjub aw-1p7kakr kEtdKx cEmitX yle__article__paragraph\">Punainenmeri on rahtiliikenteell\u00e4 elint\u00e4rke\u00e4, koska Suezin kanava yhdist\u00e4\u00e4 sen V\u00e4limereen &#8211; ja mahdollistaa siten Euroopan ja Aasian v\u00e4lisen vesiliikenteen ilman Afrikan kiert\u00e4mist\u00e4.<\/p>\n<p class=\"aw-1gybjub aw-1p7kakr kEtdKx cEmitX yle__article__paragraph\">Muun muassa tanskalainen Maersk p\u00e4\u00e4tti lopettaa Punaisenmeren liikenteen kokonaan ja ohjasi rahtilaivansa kiert\u00e4m\u00e4\u00e4n Afrikan ymp\u00e4ri huthien aloitettua iskunsa.<\/p>\n<p class=\"aw-1gybjub aw-1p7kakr kEtdKx cEmitX yle__article__paragraph\">Nyt Maerskin Maersk Sebarok -rahtilaiva on kulkenut kapean Bab el Mandeb -salmen l\u00e4pi Punaisellemerelle. Maersk sanoo matkan tapahtuneen \u201dtehokkaimpien mahdollisten turvallisuustoimien\u201d suojassa.<\/p>\n<p class=\"aw-1gybjub aw-1p7kakr kEtdKx cEmitX yle__article__paragraph\">Maersk ei kuitenkaan viel\u00e4 uudelleenaloita laajamittaisesti Suezin kanavan k\u00e4ytt\u00f6\u00e4, vaan aikoo palata reitille askelittain, jos sen turvallisuus n\u00e4ytt\u00e4\u00e4 pit\u00e4v\u00e4n.<\/p>\n<p class=\"aw-1gybjub aw-1p7kakr kEtdKx cEmitX yle__article__paragraph\">L\u00e4hde: Reuters<\/p>\n","protected":false},"excerpt":{"rendered":"Punaisenmeren laivaliikennett\u00e4 h\u00e4iritsev\u00e4t huthikapinalliset ovat v\u00e4hent\u00e4neet veneiskuja Gazaan solmitun tulitauon j\u00e4llkeen. Avaa kuvien katselu Maerskin rahtilaiva. Kuvituskuva. Kuva:&hellip;\n","protected":false},"author":2,"featured_media":120591,"comment_status":"","ping_status":"","sticky":false,"template":"","format":"standard","meta":{"footnotes":""},"categories":[14],"tags":[22,23,26,27,33,31,30,994,505,17,4260,21739,993,4259,992,24,25,28,29,15,18,21,8667,5970,21738,32,19,20,56,16,1824,2568,59,60,61],"class_list":{"0":"post-120590","1":"post","2":"type-post","3":"status-publish","4":"format-standard","5":"has-post-thumbnail","7":"category-ulkomaat","8":"tag-breaking-news","9":"tag-breakingnews","10":"tag-featured-news","11":"tag-featurednews","12":"tag-fi","13":"tag-finland","14":"tag-finnish","15":"tag-gazan-kaista","16":"tag-gazan-sota","17":"tag-headlines","18":"tag-huthit","19":"tag-intian-valtameri","20":"tag-israel","21":"tag-jemen","22":"tag-lahi-ita","23":"tag-latest-news","24":"tag-latestnews","25":"tag-main-news","26":"tag-mainnews","27":"tag-news","28":"tag-otsikot","29":"tag-paauutiset","30":"tag-punainenmeri","31":"tag-rahtilaivat","32":"tag-suezin-kanava","33":"tag-suomi","34":"tag-top-stories","35":"tag-topstories","36":"tag-ulkomaat","37":"tag-uutiset","38":"tag-valimeri","39":"tag-vesiliikenne","40":"tag-world","41":"tag-world-news","42":"tag-worldnews"},"share_on_mastodon":{"url":"https:\/\/pubeurope.com\/@fi\/115746279695797439","error":""},"_links":{"self":[{"href":"https:\/\/www.europesays.com\/fi\/wp-json\/wp\/v2\/posts\/120590","targetHints":{"allow":["GET"]}}],"collection":[{"href":"https:\/\/www.europesays.com\/fi\/wp-json\/wp\/v2\/posts"}],"about":[{"href":"https:\/\/www.europesays.com\/fi\/wp-json\/wp\/v2\/types\/post"}],"author":[{"embeddable":true,"href":"https:\/\/www.europesays.com\/fi\/wp-json\/wp\/v2\/users\/2"}],"replies":[{"embeddable":true,"href":"https:\/\/www.europesays.com\/fi\/wp-json\/wp\/v2\/comments?post=120590"}],"version-history":[{"count":0,"href":"https:\/\/www.europesays.com\/fi\/wp-json\/wp\/v2\/posts\/120590\/revisions"}],"wp:featuredmedia":[{"embeddable":true,"href":"https:\/\/www.europesays.com\/fi\/wp-json\/wp\/v2\/media\/120591"}],"wp:attachment":[{"href":"https:\/\/www.europesays.com\/fi\/wp-json\/wp\/v2\/media?parent=120590"}],"wp:term":[{"taxonomy":"category","embeddable":true,"href":"https:\/\/www.europesays.com\/fi\/wp-json\/wp\/v2\/categories?post=120590"},{"taxonomy":"post_tag","embeddable":true,"href":"https:\/\/www.europesays.com\/fi\/wp-json\/wp\/v2\/tags?post=120590"}],"curies":[{"name":"wp","href":"https:\/\/api.w.org\/{rel}","templated":true}]}}