{"id":120592,"date":"2025-12-19T12:40:09","date_gmt":"2025-12-19T12:40:09","guid":{"rendered":"https:\/\/www.europesays.com\/fi\/120592\/"},"modified":"2025-12-19T12:40:09","modified_gmt":"2025-12-19T12:40:09","slug":"stubb-kommentoi-silmienvenyttelykohua-ilta-sanomat","status":"publish","type":"post","link":"https:\/\/www.europesays.com\/fi\/120592\/","title":{"rendered":"Stubb kommentoi silmienvenyttelykohua &#8211; Ilta-Sanomat"},"content":{"rendered":"<p>Tasavallan presidentti nosti esille oman huolensa.<\/p>\n<p class=\"article-body mb-nof-24 px-nof-16\">Tasavallan presidentin <a class=\"article-personlink\" href=\"https:\/\/www.is.fi\/haku\/?query=Alexander%20Stubbin\" rel=\"nofollow noopener\" target=\"_blank\">Alexander Stubbin<\/a> mielest\u00e4 on surullista, ett\u00e4 viime vuonna t\u00e4h\u00e4n aikaan Suomessa oli Lucia-neitoon liittyv\u00e4 rasismikeskustelu.<\/p>\n<p class=\"article-body mb-nof-24 px-nof-16\">\u2013 Nyt t\u00e4n\u00e4 vuonna sama toistuu uudestaan, Stubb sanoi.<\/p>\n<p class=\"article-body mb-nof-24 px-nof-16\">Presidentin mielipidett\u00e4 viime p\u00e4ivin\u00e4 k\u00e4ydyst\u00e4 rasismikeskustelusta kysyttiin joululahjojen vastaanottamisen yhteydess\u00e4.<\/p>\n<p class=\"article-body mb-nof-24 px-nof-16\">Kyse on perussuomalaisten kansanedustajien <a class=\"article-personlink\" href=\"https:\/\/www.is.fi\/haku\/?query=Juho%20Eerolan\" rel=\"nofollow noopener\" target=\"_blank\">Juho Eerolan <\/a>ja <a class=\"article-personlink\" href=\"https:\/\/www.is.fi\/haku\/?query=Kaisa%20Garedew%E2%80%99n\" rel=\"nofollow noopener\" target=\"_blank\">Kaisa Garedew\u2019n<\/a> sek\u00e4 europarlamentaarikko <a class=\"article-personlink\" href=\"https:\/\/www.is.fi\/haku\/?query=Sebastian%20Tynkkysen\" rel=\"nofollow noopener\" target=\"_blank\">Sebastian Tynkkysen<\/a> (ps) silmienvenyttelykuvista.<\/p>\n<p class=\"article-body mb-nof-24 px-nof-16\">\u2013 Omasta mielest\u00e4ni suomalaisessa yhteiskunnassa rasismilla ei ole mink\u00e4\u00e4nlaista tilaa. Se ei ole hyv\u00e4ksytt\u00e4v\u00e4\u00e4, presidentti linjasi.<\/p>\n<p class=\"article-body mb-nof-24 px-nof-16\">Stubb sanoi, ett\u00e4 h\u00e4nt\u00e4 itse\u00e4\u00e4n huolestuttaa, ett\u00e4 Suomessa on edelleen rasismia etnisi\u00e4 v\u00e4hemmist\u00f6j\u00e4 kohtaan.<\/p>\n<p class=\"article-body mb-nof-24 px-nof-16\">\u2013 Toisekseen t\u00e4m\u00e4 aiheuttaa meille kansainv\u00e4list\u00e4 mainehaittaa. Jotenkin toivoisin, ett\u00e4 olisimme yhteiskuntana niin kypsi\u00e4, ett\u00e4 voisimme t\u00e4llaiset ajat taakse j\u00e4tt\u00e4\u00e4, Stubb sanoi.<\/p>\n<p class=\"article-body mb-nof-24 px-nof-16\">Eerola ja Garedew pyysiv\u00e4t torstaina anteeksi loukkaamiltaan ihmisilt\u00e4 ja perussuomalaisten eduskuntaryhm\u00e4n puheenjohtaja Jani M\u00e4kel\u00e4 pyysi anteeksi aiheutunutta vahinkoa.<\/p>\n<p class=\"article-body mb-nof-24 px-nof-16\">Eerola ja Garedew saivat eduskuntaryhm\u00e4lt\u00e4\u00e4n vakavat huomautukset.<\/p>\n","protected":false},"excerpt":{"rendered":"Tasavallan presidentti nosti esille oman huolensa. Tasavallan presidentin Alexander Stubbin mielest\u00e4 on surullista, ett\u00e4 viime vuonna t\u00e4h\u00e4n aikaan&hellip;\n","protected":false},"author":2,"featured_media":120593,"comment_status":"","ping_status":"","sticky":false,"template":"","format":"standard","meta":{"footnotes":""},"categories":[12],"tags":[22,23,26,27,33,31,30,17,34,24,25,28,29,15,18,21,32,19,20,16],"class_list":{"0":"post-120592","1":"post","2":"type-post","3":"status-publish","4":"format-standard","5":"has-post-thumbnail","7":"category-suomi","8":"tag-breaking-news","9":"tag-breakingnews","10":"tag-featured-news","11":"tag-featurednews","12":"tag-fi","13":"tag-finland","14":"tag-finnish","15":"tag-headlines","16":"tag-ilta-sanomat","17":"tag-latest-news","18":"tag-latestnews","19":"tag-main-news","20":"tag-mainnews","21":"tag-news","22":"tag-otsikot","23":"tag-paauutiset","24":"tag-suomi","25":"tag-top-stories","26":"tag-topstories","27":"tag-uutiset"},"share_on_mastodon":{"url":"https:\/\/pubeurope.com\/@fi\/115746283616312199","error":""},"_links":{"self":[{"href":"https:\/\/www.europesays.com\/fi\/wp-json\/wp\/v2\/posts\/120592","targetHints":{"allow":["GET"]}}],"collection":[{"href":"https:\/\/www.europesays.com\/fi\/wp-json\/wp\/v2\/posts"}],"about":[{"href":"https:\/\/www.europesays.com\/fi\/wp-json\/wp\/v2\/types\/post"}],"author":[{"embeddable":true,"href":"https:\/\/www.europesays.com\/fi\/wp-json\/wp\/v2\/users\/2"}],"replies":[{"embeddable":true,"href":"https:\/\/www.europesays.com\/fi\/wp-json\/wp\/v2\/comments?post=120592"}],"version-history":[{"count":0,"href":"https:\/\/www.europesays.com\/fi\/wp-json\/wp\/v2\/posts\/120592\/revisions"}],"wp:featuredmedia":[{"embeddable":true,"href":"https:\/\/www.europesays.com\/fi\/wp-json\/wp\/v2\/media\/120593"}],"wp:attachment":[{"href":"https:\/\/www.europesays.com\/fi\/wp-json\/wp\/v2\/media?parent=120592"}],"wp:term":[{"taxonomy":"category","embeddable":true,"href":"https:\/\/www.europesays.com\/fi\/wp-json\/wp\/v2\/categories?post=120592"},{"taxonomy":"post_tag","embeddable":true,"href":"https:\/\/www.europesays.com\/fi\/wp-json\/wp\/v2\/tags?post=120592"}],"curies":[{"name":"wp","href":"https:\/\/api.w.org\/{rel}","templated":true}]}}