{"id":120594,"date":"2025-12-19T12:41:10","date_gmt":"2025-12-19T12:41:10","guid":{"rendered":"https:\/\/www.europesays.com\/fi\/120594\/"},"modified":"2025-12-19T12:41:10","modified_gmt":"2025-12-19T12:41:10","slug":"rovaniemen-lentoasemalla-miljoonan-matkustajan-raja-rikki-lentoasemalla-odotti-iloinen-yllatys","status":"publish","type":"post","link":"https:\/\/www.europesays.com\/fi\/120594\/","title":{"rendered":"Rovaniemen lentoasemalla miljoonan matkustajan raja rikki \u2013 lentoasemalla odotti iloinen yll\u00e4tys"},"content":{"rendered":"<p>Rovaniemen lentoasemalla on t\u00e4n\u00e4\u00e4n 19. joulukuuta rikottu ensimm\u00e4ist\u00e4 kertaa lentoaseman historiassa miljoonan vuotuisen matkustajan raja. Rovaniemen lentoaseman matkustajam\u00e4\u00e4r\u00e4t ovat viime vuosina kasvaneet voimakkaasti, ja lentoasema on saavuttanut merkitt\u00e4v\u00e4n aseman eurooppalaisessa lentoasemaverkostossa. Miljoonas matkustaja saapui Rovaniemelle iltap\u00e4iv\u00e4ll\u00e4, ja lentoasemalla h\u00e4nt\u00e4 oli vastassa yll\u00e4tys.<\/p>\n<p>\u201dT\u00e4m\u00e4 p\u00e4iv\u00e4 on merkitt\u00e4v\u00e4 koko Rovaniemen lentoaseman historiassa. T\u00e4h\u00e4n hetkeen kulminoituu valtava m\u00e4\u00e4r\u00e4 ty\u00f6t\u00e4, jota on vuosikymmenten ajan tehty yhdess\u00e4 lentoasemayhteis\u00f6ss\u00e4 ja kumppaniemme kanssa. L\u00e4mmin kiitos kaikille niille ihmisille, jotka ovat vuosien aikana tehneet t\u00f6it\u00e4 Rovaniemen lentoaseman, lentoliikenteen ja Lapin vetovoiman eteen\u201d, sanoo Rovaniemen lentoasemanp\u00e4\u00e4llikk\u00f6 <strong>Johan Juuj\u00e4rvi <\/strong>Finaviasta.<\/p>\n<p>Lapin alueen kysynt\u00e4 on kasvanut matkailijoiden keskuudessa voimakkaasti viime vuosina. Lentoyhti\u00f6t ovat puolestaan vastanneet kysynt\u00e4\u00e4n avaamalla uusia reittej\u00e4 ja vahvistamalla olemassa olevia yhteyksi\u00e4. T\u00e4m\u00e4n lis\u00e4ksi Rovaniemell\u00e4 on otettu ensimm\u00e4iset askeleet kansainv\u00e4lisess\u00e4, ymp\u00e4rivuotista matkailussa. Eksoottinen ja klassinen Lappi onkin nyky\u00e4\u00e4n helposti saavutettavissa Etel\u00e4- ja Keski-Euroopasta suorilla reittilennoilla. Lis\u00e4ksi vaihtomatkustus Helsinki-Vantaan lentoaseman kattavan reittitarjonnan avulla mahdollistaa sujuvan matkustamisen Lappiin ymp\u00e4ri maailmaa.<\/p>\n<p>Rovaniemen lentoasemalla h\u00e4tyyteltiin miljoonan matkustajan rajaa jo viime vuonna, kun matkustajam\u00e4\u00e4r\u00e4 nousi 30 prosenttia ja lentoaseman kautta kulki yhteens\u00e4 l\u00e4hes 949 000 matkustajaa. T\u00e4n\u00e4 vuonna Rovaniemen lentoasemalla oli tammi-marraskuussa 2025 yhteens\u00e4 yli 810 000 matkustaa, mik\u00e4 oli 20 prosenttia enemm\u00e4n kuin samaan aikaan viime vuonna. <\/p>\n<p>Tammi-marraskuussa 2025 matkustajista 48 prosenttia oli kansainv\u00e4listen lentojen matkustajia. M\u00e4\u00e4r\u00e4llisesti suurin osa, 52 prosenttia, matkustajista saapui tammi-marraskuussa Helsinki-Vantaalta, mutta aikaisempien vuosian tapaan kansainv\u00e4listen lentojen matkustajam\u00e4\u00e4r\u00e4t ovat kasvaneet. Suurin osa kansainv\u00e4listen lentojen matkustajista saapui Iso-Britanniasta (21 %), Ranskasta (17 %) ja Italiasta (13 %). My\u00f6s muun muassa Saksasta ja Irlannista saapui paljon matkustajia. Eniten kansainv\u00e4lisi\u00e4 lentoja oli tammi-marraskuussa Iso-Britanniasta, josta lennettiin Rovaniemelle yhteens\u00e4 yli 300 lentoa.<\/p>\n<p>Urho \u2013 miljoonannen matkustajan kummiporo<\/p>\n<p>Alun perin Dubaista matkalle l\u00e4htenyt miljoonas matkustaja <strong>Tyla<\/strong> saapui Rovaniemen lentoasemalle Finnairin Helsinki-Rovaniemi-lennolla perjantaina 19.12. Rovaniemen lentoasemanp\u00e4\u00e4llikk\u00f6 Johan Juuj\u00e4rvi vastaanotti matkustajan ja h\u00e4nen lapsensa porttialueella. Finavia huomioi matkustajan <strong>Urho<\/strong>-nimisell\u00e4 kummiporolla, jonka kuulumisia ja liikkeit\u00e4 Lapin luonnossa matkustaja voi seurata tulevien vuosien aikana omistajan l\u00e4hett\u00e4mien tietojen avulla.<\/p>\n<p>\u201dOlemme todella innoissamme p\u00e4\u00e4stess\u00e4mme vierailemaan Lapissa ja Rovaniemell\u00e4. On erityisen merkityksellist\u00e4 olla osa t\u00e4t\u00e4 merkkipaalua ja unohtumatonta tapahtumaa\u201d, Tyla kommentoi Rovaniemen lentoasemalla.<\/p>\n<p>    <img decoding=\"async\" loading=\"lazy\" src=\"https:\/\/www.europesays.com\/fi\/wp-content\/uploads\/2025\/12\/finavia_rovaniemi_airport_Urho_the_reindeer_2025_1.JPG\" width=\"754\" height=\"502\" alt=\"Urho-poro porotilalla.\"\/><\/p>\n<p>Kummiporo Urho on syntynyt 15.5.2025 eli se on ik\u00e4ns\u00e4 puolesta kermikk\u00e4 eli el\u00e4\u00e4 el\u00e4m\u00e4ns\u00e4 ensimm\u00e4ist\u00e4 talvea. Ensimm\u00e4isen\u00e4 kes\u00e4n\u00e4\u00e4n Urho oli matkailijoiden ilona kotitilallaan, ja elokuulla se p\u00e4\u00e4stettiin em\u00e4ns\u00e4 kanssa palkimaan Pyh\u00e4-Kallion paliskuntaan. Loppukes\u00e4n ja syksyn aikana Urhon em\u00e4 opetti vasalleen, miten villiporona toimitaan ja mist\u00e4 l\u00f6yt\u00e4\u00e4 ruokaa ja toisia poroja.<\/p>\n<p>Lentoasemalla j\u00e4rjestetyn virallisen tilaisuuden j\u00e4lkeen matkustajalla oli mahdollisuus tavata uusi kummiporonsa sen omalla kotitilallaan. Lentoaseman l\u00e4hell\u00e4 toimivan Arctic Reindeer -porotilan edustajan <strong>Miia Ylinampan<\/strong> mukaan Urho on utelias ja yst\u00e4v\u00e4llinen vasa, joka pit\u00e4\u00e4 ihmisist\u00e4. Kummiporona Urho j\u00e4\u00e4 el\u00e4m\u00e4\u00e4n omaan laumaansa, jonka mukana se saa kes\u00e4isin vaeltaa vapaasti Lapin luonnonlaitumilla ja metsiss\u00e4.<\/p>\n<p>Urho-poron kuulumisia voi seurata my\u00f6s Finavian somekanavissa tulevien kuukausien aikana.<\/p>\n<p>Finavian investoinnit Rovaniemen ja Lapin lentoasemiin<\/p>\n<p>Finavia on investoinut Lapin lentoasemien kehitt\u00e4miseen kokonaisuudessaan yli 100 miljoonaa euroa viimeisen kymmenen vuoden aikana. Lapin kehitysohjelman aikana 2018\u20132020 Finavia kohdisti 25 miljoonaa euroa Rovaniemen lentoaseman terminaalin laajentamiseen, palvelutason nostamiseen ja lentoasemaprosessien kehitt\u00e4miseen. Vuonna 2025 Finavia investoi Rovaniemen lentoaseman l\u00e4ht\u00f6aulan laajentamiseen, maaliikennej\u00e4rjestelyihin ja lentoliikenteen infrastruktuuriin yhteens\u00e4 5,5 miljoonaa euroa.<\/p>\n<p>Finavia on tehnyt paljon kehitysty\u00f6t\u00e4 lentoasemien ymp\u00e4rist\u00f6vastuullisuuden eteen. Rovaniemen lentoasemalla kest\u00e4v\u00e4t ratkaisut on otettu huomioon esimerkiksi terminaalirakennusten l\u00e4mmitt\u00e4misess\u00e4, valaistuksessa ja lentoasemalla k\u00e4ytett\u00e4viss\u00e4 polttoaineissa. T\u00e4m\u00e4n ty\u00f6n tuloksena Rovaniemi ja muut Finavian Lapin lentoasemat saavuttivat hiilip\u00e4\u00e4st\u00f6jen nettonollatason vuonna 2024. Lis\u00e4ksi kaikilla Finavian Lapin lentoasemilla on Visit Finlandin kest\u00e4v\u00e4n matkailun sertifikaatti.<\/p>\n<p>FINAVIA OYJ <br \/>Viestint\u00e4 <\/p>\n<p>Lue lis\u00e4\u00e4 lentoasemalla tehdyst\u00e4 kehitysty\u00f6st\u00e4: <\/p>\n<p><a href=\"https:\/\/www.finavia.fi\/fi\/lapin-lentoasemien-kehittaminen?navref=paragraph\" rel=\"nofollow noopener\" target=\"_blank\">Lapin kehitysohjelma 2018\u20132020 \u2012j\u00e4tti-investointi Lapin matkailuun<\/a> <\/p>\n<p><a href=\"https:\/\/www.finavia.fi\/fi\/uutishuone\/2025\/rovaniemen-lentoaseman-lahtoaulan-laajennus-valmistunut\" rel=\"nofollow noopener\" target=\"_blank\">Lentoaseman l\u00e4ht\u00f6aulan laajennusprojekti vuonna 2025<\/a> <\/p>\n<p><a href=\"https:\/\/www.finavia.fi\/fi\/uutishuone\/2025\/rovaniemen-lentoasemassa-yhdistyvat-pitka-historia-ja-jatkuva-kehitys\" rel=\"nofollow noopener\" target=\"_blank\">Rovaniemen lentoasema \u2013 80 vuodessa sotilaskent\u00e4st\u00e4 kansainv\u00e4lisesti tunnetuksi lentoasemaksi<\/a> <\/p>\n<p>P\u00e4ivitys 19.12. klo 14.39: Tarkennettu, ett\u00e4 miljoonas matkustaja matkusti lastensa kanssa.<\/p>\n","protected":false},"excerpt":{"rendered":"Rovaniemen lentoasemalla on t\u00e4n\u00e4\u00e4n 19. joulukuuta rikottu ensimm\u00e4ist\u00e4 kertaa lentoaseman historiassa miljoonan vuotuisen matkustajan raja. Rovaniemen lentoaseman matkustajam\u00e4\u00e4r\u00e4t&hellip;\n","protected":false},"author":2,"featured_media":120595,"comment_status":"","ping_status":"","sticky":false,"template":"","format":"standard","meta":{"footnotes":""},"categories":[5],"tags":[22,23,26,27,33,31,30,17,24,25,28,29,15,18,21,32,19,20,16],"class_list":{"0":"post-120594","1":"post","2":"type-post","3":"status-publish","4":"format-standard","5":"has-post-thumbnail","7":"category-otsikot","8":"tag-breaking-news","9":"tag-breakingnews","10":"tag-featured-news","11":"tag-featurednews","12":"tag-fi","13":"tag-finland","14":"tag-finnish","15":"tag-headlines","16":"tag-latest-news","17":"tag-latestnews","18":"tag-main-news","19":"tag-mainnews","20":"tag-news","21":"tag-otsikot","22":"tag-paauutiset","23":"tag-suomi","24":"tag-top-stories","25":"tag-topstories","26":"tag-uutiset"},"share_on_mastodon":{"url":"https:\/\/pubeurope.com\/@fi\/115746287330732097","error":""},"_links":{"self":[{"href":"https:\/\/www.europesays.com\/fi\/wp-json\/wp\/v2\/posts\/120594","targetHints":{"allow":["GET"]}}],"collection":[{"href":"https:\/\/www.europesays.com\/fi\/wp-json\/wp\/v2\/posts"}],"about":[{"href":"https:\/\/www.europesays.com\/fi\/wp-json\/wp\/v2\/types\/post"}],"author":[{"embeddable":true,"href":"https:\/\/www.europesays.com\/fi\/wp-json\/wp\/v2\/users\/2"}],"replies":[{"embeddable":true,"href":"https:\/\/www.europesays.com\/fi\/wp-json\/wp\/v2\/comments?post=120594"}],"version-history":[{"count":0,"href":"https:\/\/www.europesays.com\/fi\/wp-json\/wp\/v2\/posts\/120594\/revisions"}],"wp:featuredmedia":[{"embeddable":true,"href":"https:\/\/www.europesays.com\/fi\/wp-json\/wp\/v2\/media\/120595"}],"wp:attachment":[{"href":"https:\/\/www.europesays.com\/fi\/wp-json\/wp\/v2\/media?parent=120594"}],"wp:term":[{"taxonomy":"category","embeddable":true,"href":"https:\/\/www.europesays.com\/fi\/wp-json\/wp\/v2\/categories?post=120594"},{"taxonomy":"post_tag","embeddable":true,"href":"https:\/\/www.europesays.com\/fi\/wp-json\/wp\/v2\/tags?post=120594"}],"curies":[{"name":"wp","href":"https:\/\/api.w.org\/{rel}","templated":true}]}}