{"id":120596,"date":"2025-12-19T12:52:11","date_gmt":"2025-12-19T12:52:11","guid":{"rendered":"https:\/\/www.europesays.com\/fi\/120596\/"},"modified":"2025-12-19T12:52:11","modified_gmt":"2025-12-19T12:52:11","slug":"nyt-tiedamme-millainen-on-tammikuussa-suomessa-myyntiin-tuleva-oneplus-15r","status":"publish","type":"post","link":"https:\/\/www.europesays.com\/fi\/120596\/","title":{"rendered":"Nyt tied\u00e4mme, millainen on tammikuussa Suomessa myyntiin tuleva OnePlus 15R"},"content":{"rendered":"<p class=\"is-style-dropcap\">OnePlus 15R on ensimm\u00e4inen globaalisti saatavilla oleva \u00e4lypuhelin, joka hy\u00f6dynt\u00e4\u00e4 Qualcomm Snapdragon 8 Gen 5 -j\u00e4rjestelm\u00e4piiri\u00e4. Piirin kerrotaan tarjoavan merkitt\u00e4vi\u00e4 parannuksia suorituskykyyn: prosessoriteho kasvaa jopa 36 prosenttia, grafiikkasuorituskyky 11 prosenttia ja teko\u00e4lylaskentatehokin 46 prosenttia verrattuna edelliseen sukupolveen. Kokonaisuuden t\u00e4ydent\u00e4v\u00e4t 12 gigatavua LPDDR5X Ultra -keskusmuistia ja 256 tai 512 gigatavua UFS 4.1 -tallennustilaa.<\/p>\n<p>Puhelin erottuu my\u00f6s 7400 milliampeeritunnin pii-pohjaisella akulla, joka tukee 80 watin Supervooc-pikalatausta. OnePlussan mukaan akku s\u00e4ilytt\u00e4\u00e4 v\u00e4hint\u00e4\u00e4n 80 prosenttia kapasiteetistaan nelj\u00e4n vuoden k\u00e4yt\u00f6n j\u00e4lkeen.<\/p>\n<p><a href=\"https:\/\/tekniikanmaailma.fi\/wp-content\/uploads\/2025\/12\/OnePlus-15R-vihrea.webp\" rel=\"nofollow noopener\" target=\"_blank\"><img loading=\"lazy\" decoding=\"async\" width=\"1536\" height=\"1536\"  src=\"https:\/\/www.europesays.com\/fi\/wp-content\/uploads\/2025\/12\/OnePlus-15R-vihrea-1536x1536.webp.webp\" alt=\"\" class=\"wp-image-2063633\" \/><\/a>Kuva: OnePlus<\/p>\n<p>N\u00e4yt\u00f6ss\u00e4 k\u00e4ytet\u00e4\u00e4n 6,83-tuumaista 1,5K-tarkkuuden LTPS AMOLED -paneelia, joka ylt\u00e4\u00e4 jopa 165 hertsin virkistystaajuuteen ja enint\u00e4\u00e4n 1800 nitin kirkkauteen.<\/p>\n<p>Kamerapuolella OnePlus 15R tarjoaa 50 megapikselin p\u00e4\u00e4kameran IMX906-kennolla, 8 megapikselin ultralaajakulmakameran sek\u00e4 32 megapikselin automaattitarkenteisen etukameran. Videokuvaus onnistuu 4K-tarkkuudella enint\u00e4\u00e4n 120 ruudun sekuntinopeudella.<\/p>\n<p>Puhelimen rakenteen kerrotaan olevan hyvin suojattu, ja puhelimella onkin IP66-, IP68-, IP69- ja IP69K-suojausluokitukset. Laite on saatavana hiilenmustana ja mintunvihre\u00e4n\u00e4 Velvet Glass -pinnalla. <\/p>\n<p>OnePlus 15R tulee valmistajan tiedotteen mukaan myyntiin Suomessa 15. tammikuuta. Hinnat ovat seuraavat: 699 euroa (12+256 Gt, vain musta) ja 799 euroa (12+512 Gt).<\/p>\n","protected":false},"excerpt":{"rendered":"OnePlus 15R on ensimm\u00e4inen globaalisti saatavilla oleva \u00e4lypuhelin, joka hy\u00f6dynt\u00e4\u00e4 Qualcomm Snapdragon 8 Gen 5 -j\u00e4rjestelm\u00e4piiri\u00e4. Piirin kerrotaan&hellip;\n","protected":false},"author":2,"featured_media":120597,"comment_status":"","ping_status":"","sticky":false,"template":"","format":"standard","meta":{"footnotes":""},"categories":[85],"tags":[562,33,31,30,419,418,844,32,91,92],"class_list":{"0":"post-120596","1":"post","2":"type-post","3":"status-publish","4":"format-standard","5":"has-post-thumbnail","7":"category-mobiili","8":"tag-alypuhelimet","9":"tag-fi","10":"tag-finland","11":"tag-finnish","12":"tag-mobiili","13":"tag-mobile","14":"tag-oneplus","15":"tag-suomi","16":"tag-technology","17":"tag-teknologia"},"share_on_mastodon":{"url":"https:\/\/pubeurope.com\/@fi\/115746330926230078","error":""},"_links":{"self":[{"href":"https:\/\/www.europesays.com\/fi\/wp-json\/wp\/v2\/posts\/120596","targetHints":{"allow":["GET"]}}],"collection":[{"href":"https:\/\/www.europesays.com\/fi\/wp-json\/wp\/v2\/posts"}],"about":[{"href":"https:\/\/www.europesays.com\/fi\/wp-json\/wp\/v2\/types\/post"}],"author":[{"embeddable":true,"href":"https:\/\/www.europesays.com\/fi\/wp-json\/wp\/v2\/users\/2"}],"replies":[{"embeddable":true,"href":"https:\/\/www.europesays.com\/fi\/wp-json\/wp\/v2\/comments?post=120596"}],"version-history":[{"count":0,"href":"https:\/\/www.europesays.com\/fi\/wp-json\/wp\/v2\/posts\/120596\/revisions"}],"wp:featuredmedia":[{"embeddable":true,"href":"https:\/\/www.europesays.com\/fi\/wp-json\/wp\/v2\/media\/120597"}],"wp:attachment":[{"href":"https:\/\/www.europesays.com\/fi\/wp-json\/wp\/v2\/media?parent=120596"}],"wp:term":[{"taxonomy":"category","embeddable":true,"href":"https:\/\/www.europesays.com\/fi\/wp-json\/wp\/v2\/categories?post=120596"},{"taxonomy":"post_tag","embeddable":true,"href":"https:\/\/www.europesays.com\/fi\/wp-json\/wp\/v2\/tags?post=120596"}],"curies":[{"name":"wp","href":"https:\/\/api.w.org\/{rel}","templated":true}]}}