{"id":120598,"date":"2025-12-19T12:53:10","date_gmt":"2025-12-19T12:53:10","guid":{"rendered":"https:\/\/www.europesays.com\/fi\/120598\/"},"modified":"2025-12-19T12:53:10","modified_gmt":"2025-12-19T12:53:10","slug":"helena-ahti-hallberg-suuret-menetykset-ajoivat-parisuhdeterapiaan","status":"publish","type":"post","link":"https:\/\/www.europesays.com\/fi\/120598\/","title":{"rendered":"Helena Ahti-Hallberg: suuret menetykset ajoivat parisuhdeterapiaan"},"content":{"rendered":"<p>\n            20250807, Helsinki. Tanssii t\u00e4htien kanssa vuoden 2025 pressi. Kuvassa Helena Ahti-Hallberg.<br \/>\n            Timo Korhonen\n        <\/p>\n<p class=\"subtitle \">Helena on ollut puolisonsa kanssa yli 30 vuoden ajan.<\/p>\n<p class=\"article-content article-content-width !bg-background\">Tanssii t\u00e4htien kanssa -sarjan t\u00e4htituomari ja tanssija  ja h\u00e4nen puolisonsa\u00a0h\u00e4nen puolisonsa\u00a0 ovat pit\u00e4neet yht\u00e4 pian 33 vuoden ajan.<\/p>\n<p class=\"font-weight-bold m-font-weight-bold article-content article-content-width !bg-background\">Katso video \u2013 Helena kertoo talostaan Espanjassa:<\/p>\n<p>Kohtasivat suuria suruja<\/p>\n<p class=\"article-content article-content-width !bg-background\">Helenalla ja Ericill\u00e4 on kaksi poikaa:  sek\u00e4 , joka on tuttu muun muassa Salatut el\u00e4m\u00e4t -sarjasta. Perheeseen kuuluu my\u00f6s seniorikoira Fixu.<\/p>\n<p class=\"article-content article-content-width !bg-background\"><a href=\"https:\/\/www.is.fi\/menaiset\/ihmiset-ja-suhteet\/art-2000011623263.html\" target=\"_blank\" rel=\"nofollow noopener\">Pariskunta antoi harvinaisen yhteishaastattelun Me Naisille<\/a>.<\/p>\n<p class=\"article-content article-content-width !bg-background\">Pariskunta avioitui vuonna 1993. Helnan odottaessa Emili\u00e4 (s. 1995) h\u00e4nen is\u00e4ns\u00e4 kuoli yll\u00e4tt\u00e4en vain 49-vuotiaana. J\u00e4rkytys oli niin raju, ett\u00e4 Helena joutui sairaalaan sill\u00e4 oireet viittasivat keskenmenoon.<\/p>\n<p>        <a itemprop=\"url\" href=\"https:\/\/www.seiska.fi\/katso\/jorma-uotiselta-suorat-sanat-johannes-holopaisen-ttk-voitosta\/2003756\" rel=\"nofollow noopener\" target=\"_blank\"><\/p>\n<p>\nJorma Uotinen\n<\/p>\n<p class=\"section-date\">\n        <strong class=\"article-section\" data-section=\"katso\"><br \/>\n            katso<br \/>\n        <\/strong><br \/>\n        25.11. 17:15\n    <\/p>\n<p>Jorma Uotiselta suorat sanat Johannes Holopaisen TTK-voitosta\n    <\/p>\n<p itemprop=\"description\" class=\"subtitle \">\n    \u2013 M\u00e4 en jaksa, tuohtunut Jorma Uotinen tilitt\u00e4\u00e4 Katsolle.\n<\/p>\n<p>        <\/a><\/p>\n<p class=\"article-content article-content-width !bg-background\">Muutamaa vuotta my\u00f6hemmin Ericin veli sairastui aivosy\u00f6p\u00e4\u00e4n ja menehtyi pitk\u00e4n sairauden j\u00e4lkeen vain 31-vuotiaana.<\/p>\n<p class=\"article-content article-content-width !bg-background\">\u2013 Se on ainoa kerta, kun k\u00e4vimme parisuhdeterapiassa. Menit vuodeksi kuplaan, jossa yritit vaan etsi\u00e4 apua veljellesi, Helena kertoo haastattelussa.<\/p>\n<p class=\"article-content article-content-width !bg-background\">\u2013 Veljeni kuolema teki minut kyyniseksi. En osannut surra esimerkiksi vanhempieni poismenoja en\u00e4\u00e4 sill\u00e4 tavalla kuin ehk\u00e4 olisi pit\u00e4nyt, Eric toteaa Me Naisille.<\/p>\n<p>        <a itemprop=\"url\" href=\"https:\/\/www.seiska.fi\/kotimaa\/helena-ahti-hallberg-onnellisia-uutisia\/2005696\" rel=\"nofollow noopener\" target=\"_blank\"><\/p>\n<p>\nHelena Ahti-Hallberg\n<\/p>\n<p class=\"section-date\">\n        <strong class=\"article-section\" data-section=\"kotimaa\"><br \/>\n            kotimaa<br \/>\n        <\/strong><br \/>\n        27.11. 17:00\n    <\/p>\n<p>Helena Ahti-Hallberg: onnellisia uutisia!\n    <\/p>\n<p itemprop=\"description\" class=\"subtitle \">\n    Helena jakoi ilouutiset Instagramissaan.\n<\/p>\n<p>        <\/a><\/p>\n<p>Joulu Espanjassa<\/p>\n<p class=\"article-content article-content-width !bg-background\">Helena viett\u00e4\u00e4 parhaillaan ansaittua lomaa pariskunnan Espanjan-kodissa kiireisen TTK-syksyn j\u00e4lkeen. Helena kertoo tuoreessa Instagram-julkaisussaan, ett\u00e4 Espanjassa sataa, mutta se ei kaksikkoa haittaa, sill\u00e4 loma on lomaa kelist\u00e4 riippumatta.<\/p>\n<p>        <a itemprop=\"url\" href=\"https:\/\/www.seiska.fi\/kotimaa\/ttkssa-lopettavalta-vappu-pimialta-yllattava-paljastus-teemu-rakkaasta\/1991172\" rel=\"nofollow noopener\" target=\"_blank\"><\/p>\n<p>\nHarvinainen haastattelu\n<\/p>\n<p class=\"section-date\">\n        <strong class=\"article-section\" data-section=\"kotimaa\"><br \/>\n            kotimaa<br \/>\n        <\/strong><br \/>\n        20.11. 05:00\n    <\/p>\n<p>TTK:ssa lopettavalta Vappu Pimi\u00e4lt\u00e4 yll\u00e4tt\u00e4v\u00e4 paljastus Teemu-rakkaasta\n    <\/p>\n<p itemprop=\"description\" class=\"subtitle \">\n    Suosikkijuontaja kertoo Seiskalle, mit\u00e4 aikoo tehd\u00e4 heti kameroiden sammuttua.\n<\/p>\n<p>        <\/a><\/p>\n<p class=\"article-content article-content-width !bg-background\">\u2013\u00a0\u00a0Ja \u00e4lk\u00e4\u00e4 nyt k\u00e4sitt\u00e4k\u00f6 v\u00e4\u00e4rin, rakastan ty\u00f6t\u00e4ni ja olen edelleen lapsellisen innostunut tanssinopettamisesta. Mutta el\u00e4m\u00e4 ilman aikatauluja on v\u00e4lill\u00e4 tarpeen, Helena toteaa.<\/p>\n<p class=\"article-content article-content-width !bg-background\">Pariskunta remontoi ja siivoaa Esapanjan-kotiaan kaikessa rauhassa.<\/p>\n<p class=\"article-content article-content-width !bg-background\">\u2013\u00a0 Jos tekee mieli l\u00f6k\u00f6ill\u00e4 s\u00e4ngyss\u00e4 v\u00e4h\u00e4n pidemp\u00e4\u00e4n tai menn\u00e4 k\u00e4velylle niin se on ihan ok.\u00a0Luvassa nyt kolme viikkoa palautumista, energian s\u00e4il\u00f6nt\u00e4\u00e4 ja valoa, Helena toteaa.<\/p>\n","protected":false},"excerpt":{"rendered":"20250807, Helsinki. Tanssii t\u00e4htien kanssa vuoden 2025 pressi. Kuvassa Helena Ahti-Hallberg. Timo Korhonen Helena on ollut puolisonsa kanssa&hellip;\n","protected":false},"author":2,"featured_media":120599,"comment_status":"","ping_status":"","sticky":false,"template":"","format":"standard","meta":{"footnotes":""},"categories":[136],"tags":[407,9115,137,4413,1819,33,31,30,4192,408,6858,98,651,32,903,109],"class_list":{"0":"post-120598","1":"post","2":"type-post","3":"status-publish","4":"format-standard","5":"has-post-thumbnail","7":"category-julkkikset","8":"tag-celebrities","9":"tag-emil-hallberg","10":"tag-entertainment","11":"tag-eric-hallberg","12":"tag-espanja","13":"tag-fi","14":"tag-finland","15":"tag-finnish","16":"tag-helena-ahti-hallberg","17":"tag-julkkikset","18":"tag-parisuhdeterapia","19":"tag-perhe","20":"tag-suhteet","21":"tag-suomi","22":"tag-tanssii-tahtien-kanssa","23":"tag-viihde"},"share_on_mastodon":{"url":"https:\/\/pubeurope.com\/@fi\/115746334440987627","error":""},"_links":{"self":[{"href":"https:\/\/www.europesays.com\/fi\/wp-json\/wp\/v2\/posts\/120598","targetHints":{"allow":["GET"]}}],"collection":[{"href":"https:\/\/www.europesays.com\/fi\/wp-json\/wp\/v2\/posts"}],"about":[{"href":"https:\/\/www.europesays.com\/fi\/wp-json\/wp\/v2\/types\/post"}],"author":[{"embeddable":true,"href":"https:\/\/www.europesays.com\/fi\/wp-json\/wp\/v2\/users\/2"}],"replies":[{"embeddable":true,"href":"https:\/\/www.europesays.com\/fi\/wp-json\/wp\/v2\/comments?post=120598"}],"version-history":[{"count":0,"href":"https:\/\/www.europesays.com\/fi\/wp-json\/wp\/v2\/posts\/120598\/revisions"}],"wp:featuredmedia":[{"embeddable":true,"href":"https:\/\/www.europesays.com\/fi\/wp-json\/wp\/v2\/media\/120599"}],"wp:attachment":[{"href":"https:\/\/www.europesays.com\/fi\/wp-json\/wp\/v2\/media?parent=120598"}],"wp:term":[{"taxonomy":"category","embeddable":true,"href":"https:\/\/www.europesays.com\/fi\/wp-json\/wp\/v2\/categories?post=120598"},{"taxonomy":"post_tag","embeddable":true,"href":"https:\/\/www.europesays.com\/fi\/wp-json\/wp\/v2\/tags?post=120598"}],"curies":[{"name":"wp","href":"https:\/\/api.w.org\/{rel}","templated":true}]}}