{"id":120605,"date":"2025-12-19T13:04:19","date_gmt":"2025-12-19T13:04:19","guid":{"rendered":"https:\/\/www.europesays.com\/fi\/120605\/"},"modified":"2025-12-19T13:04:19","modified_gmt":"2025-12-19T13:04:19","slug":"hjk-menettaa-huippupelaajansa-georgios-antzoulas-siirtyy-saksaan","status":"publish","type":"post","link":"https:\/\/www.europesays.com\/fi\/120605\/","title":{"rendered":"HJK menett\u00e4\u00e4 huippupelaajansa, Georgios Antzoulas siirtyy Saksaan"},"content":{"rendered":"<p><strong class=\"typography-bold\">Helsingin Jalkapalloklubin avainpuolustaja Georgios Antzoulas siirtyy MTV Urheilun tietojen mukaan saksalaisseura FC Ingolstadtin riveihin.<\/strong><\/p>\n<p>Antzoulas, 25, lukeutui menneell\u00e4 Veikkausliiga-kaudella HJK:n parhaimpiin pelaajiin ennen kauden p\u00e4\u00e4tt\u00e4nytt\u00e4 loukkaantumistaan syyskuussa.<\/p>\n<p>Kreikkalainen keskuspuolustaja pelasi 24 sarjaottelua, joissa h\u00e4n teki kolme maalia. Lis\u00e4ksi Antzoulasin lis\u00e4ajan 4\u20134-tasoitus Konferenssiliigan karsinnoissa NSI Runavikia vastaan valittiin HJK:n <a class=\"underline\" data-testid=\"external-link\" href=\"https:\/\/www.instagram.com\/p\/DSZ6zuyjDZv\/\" rel=\"noopener noreferrer nofollow\" data-sentry-component=\"ExternalLink\" data-sentry-source-file=\"ExternalLink.tsx\" target=\"_blank\">kauden t\u00e4htihetkeksi<\/a>.<\/p>\n<p>Kaikkiaan Antzoulas pelasi 50 ottelua HJK:n paidassa saavuttuaan Helsinkiin hein\u00e4kuussa 2024. Kreikkalaisen sopimus seuran kanssa umpeutuu vuodenvaihteessa, joten siirto Saksaan tapahtuu vapain paperein.<\/p>\n<p>Antzoulas hyv\u00e4steli HJK:n <a class=\"underline\" data-testid=\"external-link\" href=\"https:\/\/www.instagram.com\/stories\/giorgosantzoulas\/\" rel=\"noopener noreferrer nofollow\" target=\"_blank\" data-sentry-component=\"ExternalLink\" data-sentry-source-file=\"ExternalLink.tsx\">Instagram-tilins\u00e4 tarinat-osiossa<\/a> perjantaina.<\/p>\n<p>Lue my\u00f6s: <a class=\"cursor-pointer underline\" data-testid=\"internal-link\" role=\"link\" data-sentry-element=\"Link\" data-sentry-component=\"InternalLink\" data-sentry-source-file=\"InternalLink.tsx\" href=\"https:\/\/www.mtvuutiset.fi\/artikkeli\/tps-n-maalitykin-uusi-osoite-selvilla\/9269718\" rel=\"nofollow noopener\" target=\"_blank\">TPS:n maalitykin uusi osoite selvill\u00e4<\/a><\/p>\n<p>Ingolstadt pelaa Saksan kolmanneksi korkeimmalla sarjatasolla, jonne se putosi kauden 2021-22 j\u00e4lkeen. Edellisen kerran seura n\u00e4htiin Bundesliigassa kaudella 2016-17.<\/p>\n<p>Ingolstadtin puolustuksessa pelaa my\u00f6s Yhdysvalloissa syntynyt suomalaispuolustaja\u00a0<strong class=\"typography-bold\">Jasper Maljojoki<\/strong>. Baijerilaisseura hankki viimeksi pelaajan Veikkausliigasta viime kes\u00e4n\u00e4, kun\u00a0VPS-t\u00e4hti <strong class=\"typography-bold\">Mads Borchers<\/strong> siirtyi Saksaan. <strong class=\"typography-bold\">Ilmari Niskanen\u00a0<\/strong>siirtyi saksalaisjoukkueeseen KuPSista vuonna 2020.<\/p>\n<p>Juttua korjattu klo 12.33: Edellinen Veikkausliigasta Ingolstadtiin siirtynyt pelaaja on Mads Borchers.<\/p>\n<p><script async src=\"\/\/www.instagram.com\/embed.js\"><\/script><\/p>\n","protected":false},"excerpt":{"rendered":"Helsingin Jalkapalloklubin avainpuolustaja Georgios Antzoulas siirtyy MTV Urheilun tietojen mukaan saksalaisseura FC Ingolstadtin riveihin. Antzoulas, 25, lukeutui menneell\u00e4&hellip;\n","protected":false},"author":2,"featured_media":120606,"comment_status":"","ping_status":"","sticky":false,"template":"","format":"standard","meta":{"footnotes":""},"categories":[76],"tags":[79,77,33,31,30,32,78],"class_list":{"0":"post-120605","1":"post","2":"type-post","3":"status-publish","4":"format-standard","5":"has-post-thumbnail","7":"category-talous","8":"tag-business","9":"tag-economy","10":"tag-fi","11":"tag-finland","12":"tag-finnish","13":"tag-suomi","14":"tag-talous"},"share_on_mastodon":{"url":"https:\/\/pubeurope.com\/@fi\/115746377893080412","error":""},"_links":{"self":[{"href":"https:\/\/www.europesays.com\/fi\/wp-json\/wp\/v2\/posts\/120605","targetHints":{"allow":["GET"]}}],"collection":[{"href":"https:\/\/www.europesays.com\/fi\/wp-json\/wp\/v2\/posts"}],"about":[{"href":"https:\/\/www.europesays.com\/fi\/wp-json\/wp\/v2\/types\/post"}],"author":[{"embeddable":true,"href":"https:\/\/www.europesays.com\/fi\/wp-json\/wp\/v2\/users\/2"}],"replies":[{"embeddable":true,"href":"https:\/\/www.europesays.com\/fi\/wp-json\/wp\/v2\/comments?post=120605"}],"version-history":[{"count":0,"href":"https:\/\/www.europesays.com\/fi\/wp-json\/wp\/v2\/posts\/120605\/revisions"}],"wp:featuredmedia":[{"embeddable":true,"href":"https:\/\/www.europesays.com\/fi\/wp-json\/wp\/v2\/media\/120606"}],"wp:attachment":[{"href":"https:\/\/www.europesays.com\/fi\/wp-json\/wp\/v2\/media?parent=120605"}],"wp:term":[{"taxonomy":"category","embeddable":true,"href":"https:\/\/www.europesays.com\/fi\/wp-json\/wp\/v2\/categories?post=120605"},{"taxonomy":"post_tag","embeddable":true,"href":"https:\/\/www.europesays.com\/fi\/wp-json\/wp\/v2\/tags?post=120605"}],"curies":[{"name":"wp","href":"https:\/\/api.w.org\/{rel}","templated":true}]}}