{"id":120607,"date":"2025-12-19T13:05:09","date_gmt":"2025-12-19T13:05:09","guid":{"rendered":"https:\/\/www.europesays.com\/fi\/120607\/"},"modified":"2025-12-19T13:05:09","modified_gmt":"2025-12-19T13:05:09","slug":"uhka-nato-komentaja-varoittaa-aggressiivisesta-venajasta-meidan-on-taydennettava-ammusvarasto-hs-fi","status":"publish","type":"post","link":"https:\/\/www.europesays.com\/fi\/120607\/","title":{"rendered":"Uhka | Nato-komentaja varoittaa aggressiivisesta Ven\u00e4j\u00e4st\u00e4 \u2013 \u201dMeid\u00e4n on t\u00e4ydennett\u00e4v\u00e4 ammusvarasto\u201d &#8211; HS.fi"},"content":{"rendered":"<ol>\n<li><a href=\"https:\/\/news.google.com\/rss\/articles\/CBMiYEFVX3lxTE1aNFdobTJYOGtVSWIwTG40anB3ekNzQXA2anNVdktaMTFzWGRBM3IxOHNjNmhyNHhCRUg2ZkthYTFqUUgxb0p1aFpPcG01QkdFM1VSX01tNHJzU2ttT256Rg?oc=5\" target=\"_blank\" rel=\"nofollow noopener\">Uhka | Nato-komentaja varoittaa aggressiivisesta Ven\u00e4j\u00e4st\u00e4 \u2013 \u201dMeid\u00e4n on t\u00e4ydennett\u00e4v\u00e4 ammusvarasto\u201d<\/a>&nbsp;&nbsp;HS.fi<\/li>\n<li><a href=\"https:\/\/news.google.com\/rss\/articles\/CBMifEFVX3lxTE1IdmdiX0wtMVFGLXZJamVrLXpvaVZqRHpMcXVrWjFJeUEyX2JFa3YwR2Nsd2JuRmVubFhYMnJKSjg0NTM3TnlnT0l1bG1MRWJaMWlENG0zY0k1Q25LdnBralBiUUdrTldfTk9fNDV2bDBNSmI0MEZ1V0JsZTc?oc=5\" target=\"_blank\" rel=\"nofollow noopener\">Naton p\u00e4\u00e4sihteerilt\u00e4 kylm\u00e4\u00e4v\u00e4 varoitus: \u201dMe olemme Ven\u00e4j\u00e4n seuraava kohde\u201d<\/a>&nbsp;&nbsp;Iltalehti<\/li>\n<li><a href=\"https:\/\/news.google.com\/rss\/articles\/CBMie0FVX3lxTE5rZ2h5T3ZMMkliUTZOREtKWmNtRTlYQUdZaVp3V1pmUVFvNnByc1NrOW9adk1jckpIU2dLMzFxbVVMc2d1cjg4YklOX1lucVNBeHlWV3pnNTZfUDZvNUdram4xay1xVjdZYkJDczJVU1haMHc4cE5sQlE3MA?oc=5\" target=\"_blank\" rel=\"nofollow noopener\">Naton p\u00e4\u00e4sihteeri varoittaa suuresta sodasta: \u201dOlemme jo vaarassa\u201d<\/a>&nbsp;&nbsp;Uusi Suomi<\/li>\n<li><a href=\"https:\/\/news.google.com\/rss\/articles\/CBMiQkFVX3lxTE51bDRKQ1RrbUtrNEN0d0EwSUhUSnZiakVEbzRwRXo5M2szRGlCQ0hsZ3hhZW5TMG52QlVaNlZQdWVhQQ?oc=5\" target=\"_blank\" rel=\"nofollow noopener\">TV | Selkouutiset | perjantai 12.12.2025<\/a>&nbsp;&nbsp;Yle<\/li>\n<li><a href=\"https:\/\/news.google.com\/rss\/articles\/CBMiuwFBVV95cUxOLUFZMmdGTi1KT3hocjJOR3dGV0hSUldlUU0wOHBUbDZPMHlzUUhvLXFBSjdUaG5GNEM1ZmRlUk1oaXdvUEQyZDBiRHhpNXA5dWNwU2Exb29ieHNNMVFJRU91RjJXYS1qSG9tdjd5VXA2WFVQN0k5SXFsVnRDSVR2T2k0THFNanJZbmozSzl2cmx0SkxvVGhxQm01SS04UzRObW04NUt0bXZGVHNBUTBLdlhmOEJIZEpQTHdB?oc=5\" target=\"_blank\" rel=\"nofollow noopener\">P\u00e4ihittik\u00f6 Ukraina siirrollaan suurvaltajohtajat heid\u00e4n omassa peliss\u00e4\u00e4n?<\/a>&nbsp;&nbsp;Verkkouutiset<\/li>\n<\/ol>\n","protected":false},"excerpt":{"rendered":"Uhka | Nato-komentaja varoittaa aggressiivisesta Ven\u00e4j\u00e4st\u00e4 \u2013 \u201dMeid\u00e4n on t\u00e4ydennett\u00e4v\u00e4 ammusvarasto\u201d&nbsp;&nbsp;HS.fi Naton p\u00e4\u00e4sihteerilt\u00e4 kylm\u00e4\u00e4v\u00e4 varoitus: \u201dMe olemme Ven\u00e4j\u00e4n&hellip;\n","protected":false},"author":2,"featured_media":120608,"comment_status":"","ping_status":"","sticky":false,"template":"","format":"standard","meta":{"footnotes":""},"categories":[14],"tags":[22,23,26,27,33,31,30,17,46,24,25,28,29,15,18,21,32,19,20,56,16,59,60,61],"class_list":{"0":"post-120607","1":"post","2":"type-post","3":"status-publish","4":"format-standard","5":"has-post-thumbnail","7":"category-ulkomaat","8":"tag-breaking-news","9":"tag-breakingnews","10":"tag-featured-news","11":"tag-featurednews","12":"tag-fi","13":"tag-finland","14":"tag-finnish","15":"tag-headlines","16":"tag-helsingin-sanomat","17":"tag-latest-news","18":"tag-latestnews","19":"tag-main-news","20":"tag-mainnews","21":"tag-news","22":"tag-otsikot","23":"tag-paauutiset","24":"tag-suomi","25":"tag-top-stories","26":"tag-topstories","27":"tag-ulkomaat","28":"tag-uutiset","29":"tag-world","30":"tag-world-news","31":"tag-worldnews"},"share_on_mastodon":{"url":"https:\/\/pubeurope.com\/@fi\/115746381769842273","error":""},"_links":{"self":[{"href":"https:\/\/www.europesays.com\/fi\/wp-json\/wp\/v2\/posts\/120607","targetHints":{"allow":["GET"]}}],"collection":[{"href":"https:\/\/www.europesays.com\/fi\/wp-json\/wp\/v2\/posts"}],"about":[{"href":"https:\/\/www.europesays.com\/fi\/wp-json\/wp\/v2\/types\/post"}],"author":[{"embeddable":true,"href":"https:\/\/www.europesays.com\/fi\/wp-json\/wp\/v2\/users\/2"}],"replies":[{"embeddable":true,"href":"https:\/\/www.europesays.com\/fi\/wp-json\/wp\/v2\/comments?post=120607"}],"version-history":[{"count":0,"href":"https:\/\/www.europesays.com\/fi\/wp-json\/wp\/v2\/posts\/120607\/revisions"}],"wp:featuredmedia":[{"embeddable":true,"href":"https:\/\/www.europesays.com\/fi\/wp-json\/wp\/v2\/media\/120608"}],"wp:attachment":[{"href":"https:\/\/www.europesays.com\/fi\/wp-json\/wp\/v2\/media?parent=120607"}],"wp:term":[{"taxonomy":"category","embeddable":true,"href":"https:\/\/www.europesays.com\/fi\/wp-json\/wp\/v2\/categories?post=120607"},{"taxonomy":"post_tag","embeddable":true,"href":"https:\/\/www.europesays.com\/fi\/wp-json\/wp\/v2\/tags?post=120607"}],"curies":[{"name":"wp","href":"https:\/\/api.w.org\/{rel}","templated":true}]}}