{"id":120609,"date":"2025-12-19T13:06:08","date_gmt":"2025-12-19T13:06:08","guid":{"rendered":"https:\/\/www.europesays.com\/fi\/120609\/"},"modified":"2025-12-19T13:06:08","modified_gmt":"2025-12-19T13:06:08","slug":"lastenkulttuurikeskus-kotilo-ja-mll-pohjois-suomen-piiri-vahvistavat-lapsiperheiden-hyvinvointia-yhteistyolla","status":"publish","type":"post","link":"https:\/\/www.europesays.com\/fi\/120609\/","title":{"rendered":"Lastenkulttuurikeskus Kotilo ja MLL Pohjois-Suomen piiri vahvistavat lapsiperheiden hyvinvointia yhteisty\u00f6ll\u00e4"},"content":{"rendered":"<p>Lastenkulttuurikeskus Kotilo ja Mannerheimin Lastensuojeluliiton (MLL) Pohjois-Suomen piiri aloittavat yhteisty\u00f6n tammikuussa 2026, kun MLL:n PerhePes\u00e4\u00ae-toiminta aloittaa Kotilossa. PerhePes\u00e4\u00ae on ammatillisesti ohjattu, maksuton ja kaikille avoin kohtaamispaikka,\u00a0jossa lapsiperheet voivat tavata toisiaan, leikki\u00e4 ja osallistua toimintaan.<\/p>\n<p>PerhePes\u00e4n taustalla on vahva yhteisty\u00f6 alueen perhepalveluiden ja j\u00e4rjest\u00f6toimijoiden kanssa. PerhePes\u00e4ss\u00e4<strong>\u00a0<\/strong>vanhemmat voivat saada k\u00e4yt\u00e4nn\u00f6n vinkkej\u00e4 lapsiperheen arjessa vastaan tuleviin tilanteisiin. Toiminta suunnitellaan yhdess\u00e4 perheiden kanssa, heid\u00e4n toiveitaan ja tarpeitaan kuunnellen.<\/p>\n<p>\u201dYhteisty\u00f6 Kotilon ja MLL:n v\u00e4lill\u00e4 tarjoaa lapsiperheille entist\u00e4 enemm\u00e4n mahdollisuuksia osallistua yhteis\u00f6lliseen toimintaan. Se vahvistaa hyvinvointia ja luo turvallisia tiloja, joissa perheet voivat kohdata ja kokea yhdess\u00e4\u201d, kertoo PerhePes\u00e4\u00ae-koordinaattori Annika Ylitalo Mannerheimin Lastensuojeluliiton Pohjois-Suomen piirist\u00e4.\u00a0<\/p>\n<p>PerhePes\u00e4\u00ae Kotilossa \u2013 avoin kohtaamispaikka lapsiperheille<\/p>\n<p>Tulevana kev\u00e4\u00e4n\u00e4 PerhePes\u00e4n\u00ae vertaisryhmi\u00e4 jalkautuu Kotiloon perjantaiaamup\u00e4ivisin. Tarkemmista aikatauluista tiedotetaan MLL Pohjois-Suomen piirin ja Lastenkulttuurikeskus Kotilon nettisivuilla ja sosiaalisen median kanavissa.<\/p>\n<p>\u201dKotilo l\u00e4htee innolla kehitt\u00e4m\u00e4\u00e4n kumppanuutta yhdess\u00e4 Mannerheimin lastensuojeluliiton kanssa ja tarjoaa MLL:n toiminnalle mielikuvitusta ruokkivan kohtaamispaikan. Tulevaisuuden tavoitteena on solmia kumppanuuksia my\u00f6s lis\u00e4\u00e4. Uuden tilan ja kumppanuksien kautta lastenkulttuurikeskuksen toiminta tavoittaa toivottavasti uusia lapsiperheit\u00e4 mukaan toimintaan,\u201d iloitsee Kotilon vastaava tuottaja Tommi Nevala alkavasta yhteisty\u00f6st\u00e4.<\/p>\n<p>\u201dVuosien odotuksen j\u00e4lkeen Oulu saa oman tilan lastenkulttuurille, kun Kotilo avautuu tammikuussa 2026. Omien tilojen my\u00f6t\u00e4 Kotilo tarjoaa harrastusryhmien rinnalla my\u00f6s kodikkaita pajoja ja tapahtumia, joihin lapset ja perheet voivat piipahtaa mukaan maksutta ja ilman ennakkoilmoittautumista.\u201d<\/p>\n<p>Lastenkulttuurikeskus Kotilo avautuu keskustakirjasto Saaren nelj\u00e4nness\u00e4 kerroksessa 16.1.2026. Kotilon tavoitteena on tukea lasten kasvua taiteen \u00e4\u00e4relle, osallistaa lapsia taiteen tekij\u00f6in\u00e4 ja kokijoina sek\u00e4 rohkaista mielikuvituksen, oivalluksen ja luovuuden poluille. Kotilo toteuttaa my\u00f6s taidekasvatusta kouluille ja varhaiskasvatukseen sek\u00e4 lasten ja perheiden vapaa-aikaan.<\/p>\n","protected":false},"excerpt":{"rendered":"Lastenkulttuurikeskus Kotilo ja Mannerheimin Lastensuojeluliiton (MLL) Pohjois-Suomen piiri aloittavat yhteisty\u00f6n tammikuussa 2026, kun MLL:n PerhePes\u00e4\u00ae-toiminta aloittaa Kotilossa. PerhePes\u00e4\u00ae&hellip;\n","protected":false},"author":2,"featured_media":120610,"comment_status":"","ping_status":"","sticky":false,"template":"","format":"standard","meta":{"footnotes":""},"categories":[12],"tags":[22,23,26,27,33,31,30,17,24,25,28,29,15,18,21,32,19,20,16],"class_list":{"0":"post-120609","1":"post","2":"type-post","3":"status-publish","4":"format-standard","5":"has-post-thumbnail","7":"category-suomi","8":"tag-breaking-news","9":"tag-breakingnews","10":"tag-featured-news","11":"tag-featurednews","12":"tag-fi","13":"tag-finland","14":"tag-finnish","15":"tag-headlines","16":"tag-latest-news","17":"tag-latestnews","18":"tag-main-news","19":"tag-mainnews","20":"tag-news","21":"tag-otsikot","22":"tag-paauutiset","23":"tag-suomi","24":"tag-top-stories","25":"tag-topstories","26":"tag-uutiset"},"share_on_mastodon":{"url":"https:\/\/pubeurope.com\/@fi\/115746385715994009","error":""},"_links":{"self":[{"href":"https:\/\/www.europesays.com\/fi\/wp-json\/wp\/v2\/posts\/120609","targetHints":{"allow":["GET"]}}],"collection":[{"href":"https:\/\/www.europesays.com\/fi\/wp-json\/wp\/v2\/posts"}],"about":[{"href":"https:\/\/www.europesays.com\/fi\/wp-json\/wp\/v2\/types\/post"}],"author":[{"embeddable":true,"href":"https:\/\/www.europesays.com\/fi\/wp-json\/wp\/v2\/users\/2"}],"replies":[{"embeddable":true,"href":"https:\/\/www.europesays.com\/fi\/wp-json\/wp\/v2\/comments?post=120609"}],"version-history":[{"count":0,"href":"https:\/\/www.europesays.com\/fi\/wp-json\/wp\/v2\/posts\/120609\/revisions"}],"wp:featuredmedia":[{"embeddable":true,"href":"https:\/\/www.europesays.com\/fi\/wp-json\/wp\/v2\/media\/120610"}],"wp:attachment":[{"href":"https:\/\/www.europesays.com\/fi\/wp-json\/wp\/v2\/media?parent=120609"}],"wp:term":[{"taxonomy":"category","embeddable":true,"href":"https:\/\/www.europesays.com\/fi\/wp-json\/wp\/v2\/categories?post=120609"},{"taxonomy":"post_tag","embeddable":true,"href":"https:\/\/www.europesays.com\/fi\/wp-json\/wp\/v2\/tags?post=120609"}],"curies":[{"name":"wp","href":"https:\/\/api.w.org\/{rel}","templated":true}]}}