{"id":120615,"date":"2025-12-19T13:19:09","date_gmt":"2025-12-19T13:19:09","guid":{"rendered":"https:\/\/www.europesays.com\/fi\/120615\/"},"modified":"2025-12-19T13:19:09","modified_gmt":"2025-12-19T13:19:09","slug":"kruununprinsessa-mette-maritin-tila-heikkeni-nain-sairaus-on-oireillut-tana-vuonna","status":"publish","type":"post","link":"https:\/\/www.europesays.com\/fi\/120615\/","title":{"rendered":"Kruununprinsessa Mette-Maritin tila heikkeni \u2013 N\u00e4in sairaus on oireillut t\u00e4n\u00e4 vuonna"},"content":{"rendered":"<p>Vuonna 2018 hovi tiedotti, ett\u00e4 Mette-Marit sairastaa keuhkofibroosia.<\/p>\n<p><img decoding=\"async\" class=\"image image-show image-preview\" src=\"https:\/\/www.europesays.com\/fi\/wp-content\/uploads\/2025\/12\/582c0494ac826afba7196168ee4d344e26a5cfba11c97eb71e0bd4f7b8e25216.jpg\" alt=\"\"\/><img decoding=\"async\" class=\"image image-show\" src=\"https:\/\/www.europesays.com\/fi\/wp-content\/uploads\/2025\/12\/1766150349_856_582c0494ac826afba7196168ee4d344e26a5cfba11c97eb71e0bd4f7b8e25216.jpg\" alt=\"\"\/><\/p>\n<p>Mette-Maritin terveydentilasta tuli t\u00e4n\u00e4\u00e4n uusi huolestuttava tieto. AOP<\/p>\n<p class=\"paragraph\">Norjan hovi tiedotti perjantaina, ett\u00e4 keuhkofibroosia sairastavan kruununprinsessa <a href=\"https:\/\/www.iltalehti.fi\/henkilot\/Mette-Marit\" class=\"article-link-person-page\" rel=\"nofollow noopener\" target=\"_blank\">Mette-Maritin<\/a>, 52, terveydentila on <a href=\"https:\/\/www.iltalehti.fi\/kuninkaalliset\/7867c70c-12f5-4dc2-928a-eee4ddd0add8\" rel=\"nofollow noopener\" target=\"_blank\">heikentynyt vakavasti<\/a>. Tiedotteen mukaan h\u00e4nelle suunnitellaan nyt keuhkosiirtoa.<\/p>\n<p class=\"paragraph\">Kruununprinsessan kerrottiin jo vuonna 2018 sairastavan kroonista keuhkofibroosia. Hovi p\u00e4\u00e4tti tuolloin kertoa asiasta julkisesti, sill\u00e4 hoidot voivat aiheuttaa merkitt\u00e4vi\u00e4 sivuvaikutuksia.<\/p>\n<p class=\"paragraph\">\u2013 Aiemmat kokemukset ovat osoittaneet, ett\u00e4 l\u00e4\u00e4kitys voi aiheuttaa sivuvaikutuksia, jotka voivat vaikuttaa kruununprinsessan viralliseen ohjelmaan. Siksi pid\u00e4mme luonnollisena jakaa t\u00e4m\u00e4n tiedon t\u00e4ll\u00e4 kertaa, hovi kertoi tiedotteessaan.<\/p>\n<p class=\"paragraph\">Mette-Maritin terveydentila on vuosien varrella vaihdellut huomattavasti. Maaliskuussa hovi ilmoitti sairauden pahentuneen, mink\u00e4 arvioitiin vaikuttavan h\u00e4nen edustusteht\u00e4viins\u00e4.<\/p>\n<p class=\"paragraph\">\u2013 Kruununprinsessalla on p\u00e4ivitt\u00e4in oireita, jotka vaikuttavat h\u00e4nen kykyyns\u00e4 hoitaa teht\u00e4vi\u00e4\u00e4n. Kruununprinsessa tarvitsee enemm\u00e4n lepoa ja h\u00e4nen aikataulunsa voivat muuttua aiempaa nopeammin.<\/p>\n<p class=\"paragraph\">T\u00e4st\u00e4 huolimatta Mette-Marit <a href=\"https:\/\/www.iltalehti.fi\/viihdeuutiset\/cbf85baf-848e-4c7f-a726-a346c59763cd\" rel=\"nofollow noopener\" target=\"_blank\">osallistui<\/a> huhtikuun lopulla paavi <a href=\"https:\/\/www.iltalehti.fi\/henkilot\/Paavi Franciscus\" class=\"article-link-person-page\" rel=\"nofollow noopener\" target=\"_blank\">Franciscuksen<\/a> hautajaisiin. Viel\u00e4 elokuun alkupuolella h\u00e4n matkusti my\u00f6s Australiaan yhdess\u00e4 kruununprinssi <a href=\"https:\/\/www.iltalehti.fi\/henkilot\/Haakon Magnus\" class=\"article-link-person-page\" rel=\"nofollow noopener\" target=\"_blank\">Haakonin<\/a> kanssa tapaamaan tyt\u00e4rt\u00e4\u00e4n <strong>Ingrid Alexandraa<\/strong>, joka aloitti yliopisto-opintonsa Sydneyss\u00e4.<\/p>\n<p class=\"paragraph\"><a href=\"https:\/\/www.iltalehti.fi\/kuninkaalliset\/49215f90-eb28-495c-a9a1-2e431d574862\" rel=\"nofollow noopener\" target=\"_blank\">Syyskuussa hovi tiedotti<\/a>, ett\u00e4 kruununprinsessa joutui perumaan matkansa Yhdysvaltoihin. H\u00e4nen oli m\u00e4\u00e4r\u00e4 matkustaa sinne Haakonin kanssa lokakuun alussa, mutta l\u00e4\u00e4k\u00e4rit suosittelivat matkan peruuttamista.<\/p>\n<p class=\"paragraph\">\u2013 Kruununprinsessalle on suositeltu, ett\u00e4 h\u00e4n ei matkustaisi Yhdysvaltoihin kroonisen keuhkosairautensa vuoksi, ilmoitettiin hovin lausunnossa.<\/p>\n<p class=\"paragraph\"><a href=\"https:\/\/www.iltalehti.fi\/kuninkaalliset\/9d236fac-5047-4c07-9899-a8a3dd05487c\" rel=\"nofollow noopener\" target=\"_blank\">Viel\u00e4n saman kuun aikana kerrottiin<\/a>, ett\u00e4 Mette-Marit aloittaa kuukauden mittaisen keuhkokuntoutuksen ja j\u00e4\u00e4 lokakuuksi sairauslomalle.<\/p>\n<p class=\"paragraph\">\u2013 Kruununprinsessa ei siksi suorita virallisia teht\u00e4vi\u00e4 lokakuussa, mutta suunnitelmissa on joitakin poikkeuksia, kuten illallinen eduskunnan j\u00e4senille Kuninkaallisessa palatsissa 23. lokakuuta, tiedotteessa todettiin.<\/p>\n<p class=\"paragraph\">Kuitenkin 23. lokakuuta hovi kertoi, ett\u00e4 Mette-Marit on aloittanut uudelleen <a href=\"https:\/\/www.iltalehti.fi\/kuninkaalliset\/7929eb7f-3c14-4c50-bc4c-058660382dfc\" rel=\"nofollow noopener\" target=\"_blank\">keuhkofibroosin l\u00e4\u00e4kehoidon<\/a> ja j\u00e4\u00e4 viel\u00e4 viikoksi sairauslomalle.<\/p>\n<p class=\"paragraph\">\u2013 Aiemmat kokemukset ovat osoittaneet, ett\u00e4 l\u00e4\u00e4kitys voi aiheuttaa sivuvaikutuksia, jotka voivat vaikuttaa kruununprinsessan viralliseen ohjelmaan. Siksi pid\u00e4mme luonnollisena jakaa t\u00e4m\u00e4n tiedon t\u00e4ll\u00e4 kertaa, hovin tiedotteessa sanottiin.<\/p>\n<p class=\"paragraph\">Hovi kertoi tuolloin tiedottavansa erikseen mahdollisista muutoksista kruununprinsessan viralliseen ohjelmaan. T\u00e4n\u00e4\u00e4n julkaistussa uusimmassa terveydentilaa koskevassa tiedotteessa kerrottiin keuhkonsiirron olevan ajankohtainen.<\/p>\n<p>Mette-Maritille suunnitellaan keuhkosiirtoa. AOP<\/p>\n<p class=\"paragraph\">Dokumenttisarjassa Kronprinsparet \u2013 v\u00e5rt Norge (Kruununprinssipari \u2013 meid\u00e4n Norjamme) Mette-Marit kertoi vuonna 2023, ettei sairauden kanssa el\u00e4minen ole helppoa. H\u00e4n kuvaili turhauttavaksi sen, ettei kykene tekem\u00e4\u00e4n kaikkea, mit\u00e4 haluaisi.<\/p>\n<p class=\"paragraph\">Kruununprinssi Haakon on puolestaan todennut kirjassaan, ett\u00e4 vaikka tautia ei voida nykyhoidoilla parantaa, sen etenemist\u00e4 voidaan hidastaa.<\/p>\n<p class=\"paragraph\">\u2013 H\u00e4n ei parane, mutta h\u00e4nen tilansa ei my\u00f6sk\u00e4\u00e4n heikkene l\u00e4hitulevaisuudessa. Siihen l\u00e4\u00e4k\u00e4rit t\u00e4ht\u00e4\u00e4v\u00e4t, Haakon on kertonut.<\/p>\n<p class=\"paragraph\">Kruununprinsessan terveydentilaa eiv\u00e4t ole helpottaneet my\u00f6sk\u00e4\u00e4n h\u00e4nen poikansa <strong>Marius Borg H\u00f8ibyn<\/strong>, 28, rikossyytteet, jotka ovat j\u00e4rkytt\u00e4neet koko Norjaa. Poika on ollut t\u00e4n\u00e4 vuonna otsikoista useista eri syytteist\u00e4. Vyyhti alkoi, kun elokuussa uutisoitiin, ett\u00e4 H\u00f8ibya syytet\u00e4\u00e4n entisen tytt\u00f6yst\u00e4v\u00e4ns\u00e4 pahoinpitelyst\u00e4 ja vahingonteosta. My\u00f6hemmin syksyll\u00e4 h\u00e4net pid\u00e4tettiin ep\u00e4iltyn\u00e4 l\u00e4hestymiskiellon rikkomisesta ja tappouhkauksesta.<\/p>\n<p class=\"paragraph\">Kaiken kaikkiaan h\u00e4nt\u00e4 ep\u00e4ill\u00e4\u00e4n ep\u00e4ill\u00e4\u00e4n kahden entisen tytt\u00f6yst\u00e4v\u00e4ns\u00e4 pahoinpitelyst\u00e4, ilkivallasta, uhkailusta ja s\u00e4hk\u00f6potkulautavarkaudesta. Kaikkiaan nelj\u00e4 naista on ep\u00e4ilyjen mukaan joutunut Mariuksen uhriksi.<\/p>\n<p class=\"paragraph\">Norjan prinsessa Ingrid Alexandra, kertoi marraskuussa <a href=\"https:\/\/www.nrk.no\/norge\/xl\/prinsesse-ingrid-alexandra_-_-vanskelig-for-meg-som-soster-1.17633871#authors--expand\" target=\"_blank\" rel=\"noopener nofollow\">NRK:n haastattelussa<\/a>, ett\u00e4 on raskasta seurata sivusta \u00e4idin voinnin heikkenemist\u00e4. \u00c4iti ja tyt\u00e4r pit\u00e4v\u00e4t kuitenkin tiiviisti yhteytt\u00e4 puhelimitse.<\/p>\n<p class=\"paragraph\">Ingrid Alexandra on kruununprinsessa Mette-Maritin ja kruununprinssi Haakonin esikoinen. Parilla on my\u00f6s poika <a href=\"https:\/\/www.iltalehti.fi\/henkilot\/Sverre Magnus\" class=\"article-link-person-page\" rel=\"nofollow noopener\" target=\"_blank\">Sverre Magnus<\/a>. Marius on Mette-Maritin poika aiemmasta suhteesta.<\/p>\n","protected":false},"excerpt":{"rendered":"Vuonna 2018 hovi tiedotti, ett\u00e4 Mette-Marit sairastaa keuhkofibroosia. Mette-Maritin terveydentilasta tuli t\u00e4n\u00e4\u00e4n uusi huolestuttava tieto. AOP Norjan hovi&hellip;\n","protected":false},"author":2,"featured_media":120616,"comment_status":"","ping_status":"","sticky":false,"template":"","format":"standard","meta":{"footnotes":""},"categories":[136],"tags":[35,407,137,33,31,30,408,99,98,2461,764,32,765,502,109],"class_list":{"0":"post-120615","1":"post","2":"type-post","3":"status-publish","4":"format-standard","5":"has-post-thumbnail","7":"category-julkkikset","8":"tag-24h","9":"tag-celebrities","10":"tag-entertainment","11":"tag-fi","12":"tag-finland","13":"tag-finnish","14":"tag-julkkikset","15":"tag-lapset","16":"tag-perhe","17":"tag-sairaalat-ja-terveyskeskukset","18":"tag-sairaudet","19":"tag-suomi","20":"tag-taudit-ja-hairiot","21":"tag-terveydenhoito","22":"tag-viihde"},"share_on_mastodon":{"url":"https:\/\/pubeurope.com\/@fi\/115746437057542387","error":""},"_links":{"self":[{"href":"https:\/\/www.europesays.com\/fi\/wp-json\/wp\/v2\/posts\/120615","targetHints":{"allow":["GET"]}}],"collection":[{"href":"https:\/\/www.europesays.com\/fi\/wp-json\/wp\/v2\/posts"}],"about":[{"href":"https:\/\/www.europesays.com\/fi\/wp-json\/wp\/v2\/types\/post"}],"author":[{"embeddable":true,"href":"https:\/\/www.europesays.com\/fi\/wp-json\/wp\/v2\/users\/2"}],"replies":[{"embeddable":true,"href":"https:\/\/www.europesays.com\/fi\/wp-json\/wp\/v2\/comments?post=120615"}],"version-history":[{"count":0,"href":"https:\/\/www.europesays.com\/fi\/wp-json\/wp\/v2\/posts\/120615\/revisions"}],"wp:featuredmedia":[{"embeddable":true,"href":"https:\/\/www.europesays.com\/fi\/wp-json\/wp\/v2\/media\/120616"}],"wp:attachment":[{"href":"https:\/\/www.europesays.com\/fi\/wp-json\/wp\/v2\/media?parent=120615"}],"wp:term":[{"taxonomy":"category","embeddable":true,"href":"https:\/\/www.europesays.com\/fi\/wp-json\/wp\/v2\/categories?post=120615"},{"taxonomy":"post_tag","embeddable":true,"href":"https:\/\/www.europesays.com\/fi\/wp-json\/wp\/v2\/tags?post=120615"}],"curies":[{"name":"wp","href":"https:\/\/api.w.org\/{rel}","templated":true}]}}