{"id":120623,"date":"2025-12-19T13:31:09","date_gmt":"2025-12-19T13:31:09","guid":{"rendered":"https:\/\/www.europesays.com\/fi\/120623\/"},"modified":"2025-12-19T13:31:09","modified_gmt":"2025-12-19T13:31:09","slug":"yk-nalanhata-gazassa-on-ohi-uutissuomalainen","status":"publish","type":"post","link":"https:\/\/www.europesays.com\/fi\/120623\/","title":{"rendered":"YK: N\u00e4l\u00e4nh\u00e4t\u00e4 Gazassa on ohi | Uutissuomalainen"},"content":{"rendered":"<p>Gazan kaistalle julistettu n\u00e4l\u00e4nh\u00e4t\u00e4 on ohi, kertoo YK. N\u00e4l\u00e4nh\u00e4d\u00e4n poistamisessa on auttanut Gazan alueelle p\u00e4\u00e4stetty humanitaarinen apu, mutta YK:n mukaan ruokatilanne alueella on edelleen kriittinen.<\/p>\n<p>Koko Gazan kaistan alue on h\u00e4t\u00e4tilassa ensi vuoden huhtikuulle asti, mutta kaistalla ei ole en\u00e4\u00e4 yht\u00e4\u00e4n aluetta, jossa k\u00e4rsitt\u00e4isiin n\u00e4l\u00e4nh\u00e4d\u00e4st\u00e4, YK:n pestaama tarkkailukoalitio tiedotti.<\/p>\n<p>Ruokakriisi ei kuitenkaan ole YK:n mukaan ohi Gazan kaistalla, vaan ep\u00e4vakaa ruokatilanne koskee edelleen 1,6:ta miljoonaa ihmist\u00e4.<\/p>\n<p>Yhdysvaltojen neuvottelema aselepo on vallinnut Gazassa lokakuusta l\u00e4htien, mutta molemmat osapuolet ovat syytt\u00e4neet toisiaan lukuisista aseleporikkomuksista. Gazan terveysministeri\u00f6n mukaan Israel on surmannut Gazassa l\u00e4hes 400 ihmist\u00e4 aselevon alkamisen j\u00e4lkeen. Israelin mukaan kolme sen sotilasta on saanut surmansa alueella aselevon aikana.<\/p>\n","protected":false},"excerpt":{"rendered":"Gazan kaistalle julistettu n\u00e4l\u00e4nh\u00e4t\u00e4 on ohi, kertoo YK. N\u00e4l\u00e4nh\u00e4d\u00e4n poistamisessa on auttanut Gazan alueelle p\u00e4\u00e4stetty humanitaarinen apu, mutta&hellip;\n","protected":false},"author":2,"featured_media":120624,"comment_status":"","ping_status":"","sticky":false,"template":"","format":"standard","meta":{"footnotes":""},"categories":[14],"tags":[804,22,23,26,27,33,31,30,17,4315,24,25,803,28,29,15,18,21,637,32,19,20,56,16,59,60,61],"class_list":{"0":"post-120623","1":"post","2":"type-post","3":"status-publish","4":"format-standard","5":"has-post-thumbnail","7":"category-ulkomaat","8":"tag-aseelliset-konfliktit","9":"tag-breaking-news","10":"tag-breakingnews","11":"tag-featured-news","12":"tag-featurednews","13":"tag-fi","14":"tag-finland","15":"tag-finnish","16":"tag-headlines","17":"tag-lansi-aasia","18":"tag-latest-news","19":"tag-latestnews","20":"tag-levottomuudet-ja-sodat","21":"tag-main-news","22":"tag-mainnews","23":"tag-news","24":"tag-otsikot","25":"tag-paauutiset","26":"tag-politiikka","27":"tag-suomi","28":"tag-top-stories","29":"tag-topstories","30":"tag-ulkomaat","31":"tag-uutiset","32":"tag-world","33":"tag-world-news","34":"tag-worldnews"},"share_on_mastodon":{"url":"https:\/\/pubeurope.com\/@fi\/115746483973062499","error":""},"_links":{"self":[{"href":"https:\/\/www.europesays.com\/fi\/wp-json\/wp\/v2\/posts\/120623","targetHints":{"allow":["GET"]}}],"collection":[{"href":"https:\/\/www.europesays.com\/fi\/wp-json\/wp\/v2\/posts"}],"about":[{"href":"https:\/\/www.europesays.com\/fi\/wp-json\/wp\/v2\/types\/post"}],"author":[{"embeddable":true,"href":"https:\/\/www.europesays.com\/fi\/wp-json\/wp\/v2\/users\/2"}],"replies":[{"embeddable":true,"href":"https:\/\/www.europesays.com\/fi\/wp-json\/wp\/v2\/comments?post=120623"}],"version-history":[{"count":0,"href":"https:\/\/www.europesays.com\/fi\/wp-json\/wp\/v2\/posts\/120623\/revisions"}],"wp:featuredmedia":[{"embeddable":true,"href":"https:\/\/www.europesays.com\/fi\/wp-json\/wp\/v2\/media\/120624"}],"wp:attachment":[{"href":"https:\/\/www.europesays.com\/fi\/wp-json\/wp\/v2\/media?parent=120623"}],"wp:term":[{"taxonomy":"category","embeddable":true,"href":"https:\/\/www.europesays.com\/fi\/wp-json\/wp\/v2\/categories?post=120623"},{"taxonomy":"post_tag","embeddable":true,"href":"https:\/\/www.europesays.com\/fi\/wp-json\/wp\/v2\/tags?post=120623"}],"curies":[{"name":"wp","href":"https:\/\/api.w.org\/{rel}","templated":true}]}}