{"id":120628,"date":"2025-12-19T13:45:11","date_gmt":"2025-12-19T13:45:11","guid":{"rendered":"https:\/\/www.europesays.com\/fi\/120628\/"},"modified":"2025-12-19T13:45:11","modified_gmt":"2025-12-19T13:45:11","slug":"miss-suomi-menetti-kruununsa-tallainen-kohuttu-sopimus-on","status":"publish","type":"post","link":"https:\/\/www.europesays.com\/fi\/120628\/","title":{"rendered":"Miss Suomi menetti kruununsa \u2013 T\u00e4llainen kohuttu sopimus on"},"content":{"rendered":"<p>Finnartist Oy:ll\u00e4 on sopimuksen mukaan oikeus ottaa Miss Suomen kruunu pois kesken edustuskauden, mik\u00e4li missi ei k\u00e4ytt\u00e4ydy organisaation arvojen mukaisesti.<\/p>\n<p><img decoding=\"async\" class=\"image image-show image-preview\" src=\"https:\/\/www.europesays.com\/fi\/wp-content\/uploads\/2025\/12\/acf152085bb39c59c3cf75bab26c4ac6aaf507d94bfa7fd35996b0adc9c2e9a0.jpg\" alt=\"\"\/><img decoding=\"async\" class=\"image image-show\" src=\"https:\/\/www.europesays.com\/fi\/wp-content\/uploads\/2025\/12\/1766151911_76_acf152085bb39c59c3cf75bab26c4ac6aaf507d94bfa7fd35996b0adc9c2e9a0.jpg\" alt=\"\"\/><\/p>\n<p>Miss Suomi -organisaatio kutsui median edustajat tiedotustilaisuuteen 11. joulukuuta koskien Miss Suomi -kohua ja siihen liittyvi\u00e4 jatkotoimenpiteit\u00e4. Maarit Pohjanpalo<\/p>\n<p class=\"paragraph\">Miss Suomi -organisaation ymp\u00e4rill\u00e4 on kuohunut viimeisten viikkojen aikana.<\/p>\n<p class=\"paragraph\">Kohu alkoi, kun entisest\u00e4 Miss Suomesta <strong>Sarah Dzafcesta<\/strong> levisi sosiaalisessa mediassa rasistiseksi mielletty kuva. Kuvan, sit\u00e4 seuranneiden somejulkaisujen ja valtaisan kohun seurauksena Dzafce menetti missikruununsa. Miss Suomi -organisaation johtaja <a href=\"https:\/\/www.iltalehti.fi\/henkilot\/Sunneva Sj\u00f6gr\u00e9n\" class=\"article-link-person-page\" rel=\"nofollow noopener\" target=\"_blank\">Sunneva Sj\u00f6gr\u00e9n<\/a> ilmoitti, ett\u00e4 titteli p\u00e4\u00e4tettiin ottaa pois ja siirt\u00e4\u00e4 ensimm\u00e4iselle perint\u00f6prinsessalle <strong>Tara Lehtoselle<\/strong>.<\/p>\n<p class=\"paragraph\">Kruunun menetyksen j\u00e4lkeen Dzafce kertoi Iltalehden Ukkola-ohjelmassa, ett\u00e4 h\u00e4nelle ei annettu tilanteessa vaihtoehtoja. Dzafcen mukaan tilanne ei mennyt \u201dihan putkeen\u201d.<\/p>\n<p class=\"paragraph\">\u2013 Ei minun mielipidett\u00e4ni kysytty juuri ollenkaan. Se oli vain suoraan, ett\u00e4 p\u00e4\u00e4t\u00f6s on tehty ja asia on n\u00e4in, Dzafce sanoi.<\/p>\n<p class=\"paragraph\">\u2013 Totta kai kannan vastuun siit\u00e4, mit\u00e4 olen tehnyt, mutta oikeuttaako se viem\u00e4\u00e4n minulta tittelin pois? Olen ehk\u00e4 eri mielt\u00e4, h\u00e4n kuvaili.<\/p>\n<p class=\"paragraph\">Tunnettu juristi <strong>Kari Uoti<\/strong> on luvannut auttaa Dzafcea. Viel\u00e4 ei ole selvinnyt, mit\u00e4 kaikkea se tarkoittaa.<\/p>\n<p class=\"paragraph\">Iltalehden saamien tietojen mukaan Miss Suomea ja perint\u00f6prinsessoja koskeva sopimus asettaa suhteellisen tiukat raamit missien k\u00e4yt\u00f6kselle. Iltalehti on hankkinut tietoja sopimuksesta kolmelta toisistaan riippumattomalta henkil\u00f6lt\u00e4. Henkil\u00f6t eiv\u00e4t esiinny jutussa omalla nimell\u00e4\u00e4n suojellakseen yksityisyytt\u00e4\u00e4n. Heid\u00e4n henkil\u00f6llisyytens\u00e4 on toimituksen tiedossa.<\/p>\n<p class=\"paragraph\">Iltalehden tietojen mukaan sek\u00e4 Miss Suomen ett\u00e4 perint\u00f6prinsessojen sopimus on p\u00e4\u00e4piirteitt\u00e4in samanlainen, mutta jokaisessa sopimuksessa voi olla henkil\u00f6kohtaisia eroja. Sopimus ei ole ty\u00f6sopimus, vaan kahden toimijan v\u00e4linen \u201dedustussopimus\u201d. Sopimuksen kesto on my\u00f6s kunkin missin kohdalla sovittavissa oleva asia.<\/p>\n<p class=\"paragraph\">Sopimuksessa kerrotaan, ett\u00e4 mik\u00e4li tittelin haltija ei hoida teht\u00e4vi\u00e4 asiallisesti, ei k\u00e4ytt\u00e4ydy br\u00e4ndin arvojen mukaisesti tai toimii ep\u00e4asiallisesti Miss Suomen maineen kannalta, voi Finnartist Oy ottaa tittelin pois sopimuskauden aikana. My\u00f6s sosiaalisen median k\u00e4ytt\u00e4ytymist\u00e4 tarkastellaan ja arvioidaan.<\/p>\n<p class=\"paragraph\">Titteli voidaan siis vied\u00e4 Miss Suomelta ilman erillist\u00e4 keskustelua.<\/p>\n<p class=\"paragraph\">Finnartist Oy hoitaa misseille erilaisia t\u00f6it\u00e4 ja edustustilaisuuksia. Missi saa kuitenkin itse tehd\u00e4 lopullisen p\u00e4\u00e4t\u00f6ksen siit\u00e4, mitk\u00e4 ty\u00f6t h\u00e4n ottaa vastaan tai mihin h\u00e4n haluaa osallistua. Ty\u00f6tarjouksista voi siis kielt\u00e4yty\u00e4 esimerkiksi omiin arvoihinsa vedoten.<\/p>\n<p>Sunneva Sj\u00f6gr\u00e9n on Finnartist Oy:n toimitusjohtaja. Maarit Pohjanpalo<\/p>\n","protected":false},"excerpt":{"rendered":"Finnartist Oy:ll\u00e4 on sopimuksen mukaan oikeus ottaa Miss Suomen kruunu pois kesken edustuskauden, mik\u00e4li missi ei k\u00e4ytt\u00e4ydy organisaation&hellip;\n","protected":false},"author":2,"featured_media":120629,"comment_status":"","ping_status":"","sticky":false,"template":"","format":"standard","meta":{"footnotes":""},"categories":[136],"tags":[35,407,137,33,31,30,148,147,408,1616,637,151,32,109],"class_list":{"0":"post-120628","1":"post","2":"type-post","3":"status-publish","4":"format-standard","5":"has-post-thumbnail","7":"category-julkkikset","8":"tag-24h","9":"tag-celebrities","10":"tag-entertainment","11":"tag-fi","12":"tag-finland","13":"tag-finnish","14":"tag-internet","15":"tag-internet-palvelut","16":"tag-julkkikset","17":"tag-media-viestinta","18":"tag-politiikka","19":"tag-sosiaalinen-media-ja-verkostoituminen","20":"tag-suomi","21":"tag-viihde"},"share_on_mastodon":{"url":"https:\/\/pubeurope.com\/@fi\/115746539176876848","error":""},"_links":{"self":[{"href":"https:\/\/www.europesays.com\/fi\/wp-json\/wp\/v2\/posts\/120628","targetHints":{"allow":["GET"]}}],"collection":[{"href":"https:\/\/www.europesays.com\/fi\/wp-json\/wp\/v2\/posts"}],"about":[{"href":"https:\/\/www.europesays.com\/fi\/wp-json\/wp\/v2\/types\/post"}],"author":[{"embeddable":true,"href":"https:\/\/www.europesays.com\/fi\/wp-json\/wp\/v2\/users\/2"}],"replies":[{"embeddable":true,"href":"https:\/\/www.europesays.com\/fi\/wp-json\/wp\/v2\/comments?post=120628"}],"version-history":[{"count":0,"href":"https:\/\/www.europesays.com\/fi\/wp-json\/wp\/v2\/posts\/120628\/revisions"}],"wp:featuredmedia":[{"embeddable":true,"href":"https:\/\/www.europesays.com\/fi\/wp-json\/wp\/v2\/media\/120629"}],"wp:attachment":[{"href":"https:\/\/www.europesays.com\/fi\/wp-json\/wp\/v2\/media?parent=120628"}],"wp:term":[{"taxonomy":"category","embeddable":true,"href":"https:\/\/www.europesays.com\/fi\/wp-json\/wp\/v2\/categories?post=120628"},{"taxonomy":"post_tag","embeddable":true,"href":"https:\/\/www.europesays.com\/fi\/wp-json\/wp\/v2\/tags?post=120628"}],"curies":[{"name":"wp","href":"https:\/\/api.w.org\/{rel}","templated":true}]}}