{"id":120630,"date":"2025-12-19T13:49:10","date_gmt":"2025-12-19T13:49:10","guid":{"rendered":"https:\/\/www.europesays.com\/fi\/120630\/"},"modified":"2025-12-19T13:49:10","modified_gmt":"2025-12-19T13:49:10","slug":"amorphisilta-uutta-musiikkia-mukana-kalevala-suurelokuvassa","status":"publish","type":"post","link":"https:\/\/www.europesays.com\/fi\/120630\/","title":{"rendered":"Amorphisilta uutta musiikkia &#8211; mukana Kalevala-suurelokuvassa"},"content":{"rendered":"<p><strong>Amorphis <\/strong>on julkaissut uuden Crowned in Crimson -kappaleen, joka on mukana <strong>Antti J. Jokisen<\/strong> (Puhdistus, Pahan kukat, Helene) ohjaamassa Kalevala: Kullervon tarina -elokuvassa. Katso kappaleen kylkeen tehty video sek\u00e4 elokuvan traileri alta.<\/p>\n<p>L\u00e4hes 5 miljoonan euron budjetilla tehty elokuva kertoo Kalevalasta tutun Kullervon tarinan. Nimiroolissa n\u00e4hd\u00e4\u00e4n <strong>Elias Salonen<\/strong> (Piiritys, Sorjonen, Kotikatu), muissa rooleissa ovat mukana muun muassa <strong>Eero Aho<\/strong>, <strong>Ilkka Koivula<\/strong>, <strong>Krista Kosonen<\/strong> ja <strong>Seela Sella<\/strong>. Jokisen ja <strong>Jorma Tommilan<\/strong> k\u00e4sikirjoittaman elokuvan ensi-ilta on 16. tammikuuta.<\/p>\n<p><img loading=\"lazy\" decoding=\"async\" alt=\"YouTube video\" width=\"480\" height=\"360\" data-pin-nopin=\"true\" nopin=\"nopin\" class=\"perfmatters-lazy\" src=\"https:\/\/www.europesays.com\/fi\/wp-content\/uploads\/2025\/12\/1766139670_691_hqdefault.jpg\"\/><\/p>\n<p><img loading=\"lazy\" decoding=\"async\" alt=\"YouTube video\" width=\"480\" height=\"360\" data-pin-nopin=\"true\" nopin=\"nopin\" class=\"perfmatters-lazy\" src=\"https:\/\/www.europesays.com\/fi\/wp-content\/uploads\/2025\/10\/1761129968_94_hqdefault.jpg\"\/><\/p>\n<p>Lue my\u00f6s: <a href=\"https:\/\/www.inferno.fi\/uutiskirje\/\" title=\"Tilaa Infernon uutiskirje\" class=\"underline-custom !font-montserrat !font-bold !underline-offset-4 !decoration-4 !decoration-red-600 !text-md\" rel=\"nofollow noopener\" target=\"_blank\">Tilaa Infernon uutiskirje ja tied\u00e4t mist\u00e4 kahvitauolla puhutaan! Nappaa raskaan musiikin uutiset ja puheenaiheet suoraan s\u00e4hk\u00f6postiin t\u00e4st\u00e4.<\/a><\/p>\n","protected":false},"excerpt":{"rendered":"Amorphis on julkaissut uuden Crowned in Crimson -kappaleen, joka on mukana Antti J. Jokisen (Puhdistus, Pahan kukat, Helene)&hellip;\n","protected":false},"author":2,"featured_media":120631,"comment_status":"","ping_status":"","sticky":false,"template":"","format":"standard","meta":{"footnotes":""},"categories":[132],"tags":[623,137,33,31,30,195,47,1244,32,109],"class_list":{"0":"post-120630","1":"post","2":"type-post","3":"status-publish","4":"format-standard","5":"has-post-thumbnail","7":"category-musiikki","8":"tag-elokuva","9":"tag-entertainment","10":"tag-fi","11":"tag-finland","12":"tag-finnish","13":"tag-music","14":"tag-musiikki","15":"tag-single","16":"tag-suomi","17":"tag-viihde"},"share_on_mastodon":{"url":"https:\/\/pubeurope.com\/@fi\/115746554929046645","error":""},"_links":{"self":[{"href":"https:\/\/www.europesays.com\/fi\/wp-json\/wp\/v2\/posts\/120630","targetHints":{"allow":["GET"]}}],"collection":[{"href":"https:\/\/www.europesays.com\/fi\/wp-json\/wp\/v2\/posts"}],"about":[{"href":"https:\/\/www.europesays.com\/fi\/wp-json\/wp\/v2\/types\/post"}],"author":[{"embeddable":true,"href":"https:\/\/www.europesays.com\/fi\/wp-json\/wp\/v2\/users\/2"}],"replies":[{"embeddable":true,"href":"https:\/\/www.europesays.com\/fi\/wp-json\/wp\/v2\/comments?post=120630"}],"version-history":[{"count":0,"href":"https:\/\/www.europesays.com\/fi\/wp-json\/wp\/v2\/posts\/120630\/revisions"}],"wp:featuredmedia":[{"embeddable":true,"href":"https:\/\/www.europesays.com\/fi\/wp-json\/wp\/v2\/media\/120631"}],"wp:attachment":[{"href":"https:\/\/www.europesays.com\/fi\/wp-json\/wp\/v2\/media?parent=120630"}],"wp:term":[{"taxonomy":"category","embeddable":true,"href":"https:\/\/www.europesays.com\/fi\/wp-json\/wp\/v2\/categories?post=120630"},{"taxonomy":"post_tag","embeddable":true,"href":"https:\/\/www.europesays.com\/fi\/wp-json\/wp\/v2\/tags?post=120630"}],"curies":[{"name":"wp","href":"https:\/\/api.w.org\/{rel}","templated":true}]}}