{"id":120662,"date":"2025-12-19T14:37:10","date_gmt":"2025-12-19T14:37:10","guid":{"rendered":"https:\/\/www.europesays.com\/fi\/120662\/"},"modified":"2025-12-19T14:37:10","modified_gmt":"2025-12-19T14:37:10","slug":"mattiesko-hytonen-ja-kaunis-seuralainen-suolapatsaina-steissilla-salakuva","status":"publish","type":"post","link":"https:\/\/www.europesays.com\/fi\/120662\/","title":{"rendered":"Mattiesko Hyt\u00f6nen ja kaunis seuralainen suolapatsaina steissill\u00e4 \u2013 salakuva!"},"content":{"rendered":"<p>            Miikka Kaskinen, lukijan kuva\n        <\/p>\n<p class=\"subtitle \">Machomies Mattiesko Hyt\u00f6nen j\u00e4hmettyi suolapatsaaksi Helsingin ydinkeskustassa.<\/p>\n<p class=\"article-content article-content-width !bg-background\">Keskip\u00e4iv\u00e4n j\u00e4lkeinen asema l\u00e4htevine junineen.<\/p>\n<p class=\"article-content article-content-width !bg-background\">Kuulostaa l\u00e4hestulkoon klassikkoelokuva High Noonilta. Tosin elokuvassa juna ei ollut l\u00e4hd\u00f6ss\u00e4, vaan tulossa.<\/p>\n<p class=\"article-content article-content-width !bg-background\">Juna toi mukanaan  esitt\u00e4m\u00e4n Frank Millerin, joka oli tulossa kostamaan  esitt\u00e4m\u00e4lle sheriffille.<\/p>\n<p class=\"article-content article-content-width !bg-background\">Elokuvan naiskauneudesta vastasivat  sek\u00e4 itse .<\/p>\n<p class=\"article-content article-content-width !bg-background\">Helsingin p\u00e4\u00e4rautatieasemalla oltiin tiistaina kello 12 j\u00e4lkeen paremmilla mielin \u2013 ainakin osittain.<\/p>\n<p>        <a itemprop=\"url\" href=\"https:\/\/www.seiska.fi\/kotimaa\/82-vuotias-mattiesko-hytonen-jattiyllatys\/2000116\" rel=\"nofollow noopener\" target=\"_blank\"><\/p>\n<p>\n82-vuotias Mattiesko Hyt\u00f6nen\n<\/p>\n<p class=\"section-date\">\n        <strong class=\"article-section\" data-section=\"kotimaa\"><br \/>\n            kotimaa<br \/>\n        <\/strong><br \/>\n        21.11. 14:58\n    <\/p>\n<p>82-vuotias Mattiesko Hyt\u00f6nen: J\u00e4ttiyll\u00e4tys!\n    <\/p>\n<p itemprop=\"description\" class=\"subtitle \">\n    Pari vuotta sitten Mattiesko valitteli, ett\u00e4 toksista maskuliinisuutta sis\u00e4lt\u00e4v\u00e4 kirja vaikuttaa olevan ongelmallinen kustantajille.\n<\/p>\n<p>        <\/a><\/p>\n<p>                <img decoding=\"async\" src=\"https:\/\/www.europesays.com\/fi\/wp-content\/uploads\/2025\/12\/2025104.webp\" width=\"576\" height=\"672\" alt=\"High Noon suomennettiin Sheriffiksi. Fred Zinnemannin ohjaaman klassikkoelokuvan t\u00e4hdet olivat sit\u00e4 ikonista Hollywood-kermaa: Gary Cooper ja Grace Kelly.\" loading=\"lazy\" \/>            <\/p>\n<p>\n            High Noon suomennettiin Sheriffiksi. Fred Zinnemannin ohjaaman klassikkoelokuvan t\u00e4hdet olivat sit\u00e4 ikonista Hollywood-kermaa: Gary Cooper ja Grace Kelly.<br \/>\n            Alamy\n        <\/p>\n<p>&#8221;Ei vaikuttanut lainkaan iloiselta&#8221;<\/p>\n<p class=\"article-content article-content-width !bg-background\">Seiskan lukija oli saattelemassa yst\u00e4v\u00e4\u00e4ns\u00e4 Joensuuhun l\u00e4htev\u00e4\u00e4n junaan, kun h\u00e4n n\u00e4ki tutun machon.<\/p>\n<p class=\"article-content article-content-width !bg-background\">\u2013 Mattiesko seisoi kassien kanssa, ja mukana oli seuralainen.<\/p>\n<p class=\"article-content article-content-width !bg-background\">\u2013 Kauniista naisesta ja t\u00e4m\u00e4n puheista huolimatta Mattiesko ei vaikuttanut lainkaan iloiselta, vaan oli jopa haudanvakava.<\/p>\n<p>\n            Toisaalta n\u00e4m\u00e4 ovat n\u00e4it\u00e4 arjen tilanteita: eih\u00e4n kukaan meist\u00e4 kulje jatkuvasti iloisena\u2026\n            <\/p>\n<p class=\"article-content article-content-width !bg-background\">Naispuolinen lukija kertoo ihmetelleens\u00e4 yst\u00e4v\u00e4ns\u00e4 kanssa, oliko kaksikko mahdollisesti hukassa, sill\u00e4 he vaikuttivat lukijan silmiss\u00e4 olevan \u201dhieman eksyksiss\u00e4\u201d.<\/p>\n<p class=\"article-content article-content-width !bg-background\">\u2013 Joku kassi siin\u00e4 oli tosiaan mukana, joten oletan heid\u00e4n olleen l\u00e4hd\u00f6ss\u00e4 jonnekin.<\/p>\n<p>                <img decoding=\"async\" src=\"https:\/\/www.europesays.com\/fi\/wp-content\/uploads\/2025\/12\/2000121.webp\" width=\"576\" height=\"639\" alt=\"Mattiesko tunnetaan hiuksistaan ja viiksist\u00e4\u00e4n, mutta ennen kaikkea suonikkaista ja lihaksikkaista k\u00e4sivarsistaan.\" loading=\"lazy\" \/>            <\/p>\n<p>\n            Mattiesko tunnetaan hiuksistaan ja viiksist\u00e4\u00e4n, mutta ennen kaikkea suonikkaista ja lihaksikkaista k\u00e4sivarsistaan.<br \/>\n            Miikka Kaskinen\n        <\/p>\n<p>&#8221;N\u00e4it\u00e4 arjen tilanteita&#8221;<\/p>\n<p class=\"article-content article-content-width !bg-background\">Lukijan mielikuva Mattieskosta ennen kohtaamista oli se, ett\u00e4 t\u00e4m\u00e4 olisi n\u00e4hty\u00e4 \u201dhauskempi\u201d.<\/p>\n<p class=\"article-content article-content-width !bg-background\">\u2013 Toisaalta n\u00e4m\u00e4 ovat n\u00e4it\u00e4 arjen tilanteita: eih\u00e4n kukaan meist\u00e4 kulje jatkuvasti iloisena\u2026<\/p>\n<p>\n            Ja kyll\u00e4h\u00e4n Mattiesko on aina kiinnostunut minun jutuistani.\n            <\/p>\n<p class=\"article-content article-content-width !bg-background\">\u2013 Siell\u00e4 asemalla oli my\u00f6s jotain junasekaannusta, joten ehk\u00e4 sekin saattoi vaikuttaa, jos heill\u00e4 oli vaikka minuuttiaikataulu tai muuta vastaavaa.<\/p>\n<p>                <img decoding=\"async\" src=\"https:\/\/www.europesays.com\/fi\/wp-content\/uploads\/2025\/12\/1071074.webp\" width=\"576\" height=\"269\" alt=\"Mattiesko ja Heidi Str\u00f6mmer ovat olleet yhdess\u00e4 jo pitk\u00e4\u00e4n.\" loading=\"lazy\" \/>            <\/p>\n<p>\n            Mattiesko ja Heidi Str\u00f6mmer ovat olleet yhdess\u00e4 jo pitk\u00e4\u00e4n.<br \/>\n            Veli Kojonen\n        <\/p>\n<p class=\"article-content article-content-width !bg-background\">Seiska tavoitti Mattieskon \u2013 tai pikemminkin h\u00e4nen kauniin seuralaisensa, eli avovaimonsa , sill\u00e4 Mattieskolla ei ole omaa puhelinta k\u00e4yt\u00f6ss\u00e4\u00e4n.<\/p>\n<p class=\"article-content article-content-width !bg-background\">\u2013 Hah hah, vain niin! Olimme odottamassa Tampereelle menev\u00e4\u00e4 junaa, joka oli tosiaan my\u00f6h\u00e4ss\u00e4.<\/p>\n<p class=\"article-content article-content-width !bg-background\">\u2013 Ja kyll\u00e4h\u00e4n Mattiesko on aina kiinnostunut minun jutuistani.<\/p>\n<p>        <a itemprop=\"url\" href=\"https:\/\/www.seiska.fi\/vain-seiskassa\/mattiesko-hytonen-lataa-vinkit-saliharjoitteluun-motiivi-on-tarkein\/1557947\" rel=\"nofollow noopener\" target=\"_blank\"><\/p>\n<p class=\"section-date\">\n        <strong class=\"article-section\" data-section=\"vain seiskassa\"><br \/>\n            vain seiskassa<br \/>\n        <\/strong><br \/>\n        31.12.2024 09:00\n    <\/p>\n<p>Mattiesko Hyt\u00f6nen lataa vinkit saliharjoitteluun: &#8221;Motiivi on t\u00e4rkein&#8221;\n    <\/p>\n<p itemprop=\"description\" class=\"subtitle \">\n    Komean kropan, tyylikk\u00e4\u00e4n ulkon\u00e4\u00f6n ja ter\u00e4v\u00e4n kyn\u00e4n lis\u00e4ksi Mattiesko tiedet\u00e4\u00e4n esteetikoksi sek\u00e4 suureksi samppanjan yst\u00e4v\u00e4ksi.\n<\/p>\n<p>        <\/a><\/p>\n<p>                <img decoding=\"async\" src=\"https:\/\/www.europesays.com\/fi\/wp-content\/uploads\/2025\/12\/2025071.webp\" width=\"576\" height=\"639\" alt=\"Mattiesko ja Heidi odottelivat junaa tyylikk\u00e4in\u00e4 suolapatsaina.\" loading=\"lazy\" \/>            <\/p>\n<p>\n            Mattiesko ja Heidi odottelivat junaa tyylikk\u00e4in\u00e4 suolapatsaina.<\/p>\n<p>Jouluksi Latviaan<\/p>\n<p class=\"article-content article-content-width !bg-background\">Manseen parivaljakon veiv\u00e4t Heidin ty\u00f6t.<\/p>\n<p class=\"article-content article-content-width !bg-background\">25 vuotta yhdess\u00e4 olleelle kaksikolle kuuluu muutoinkin hyv\u00e4\u00e4.<\/p>\n<p class=\"article-content article-content-width !bg-background\">\u2013 L\u00e4hdemme jouluksi Riikaan, se on upea paikka.<\/p>\n<p class=\"article-content article-content-width !bg-background\">Taannoin pamahti julkisuuteen my\u00f6s yll\u00e4tt\u00e4v\u00e4 ilouutinen.<\/p>\n<p class=\"article-content article-content-width !bg-background\">Mattieskolta on tulossa Kuusi viiltoa -niminen autofiktiivinen romaani helmikuussa.<\/p>\n<p class=\"article-content article-content-width !bg-background\">\u2013 Todella j\u00e4nnitt\u00e4v\u00e4\u00e4, odotamme kirjaa ja sen vastaanottoa innolla, hyv\u00e4ntuulinen Heidi p\u00e4\u00e4tt\u00e4\u00e4.<\/p>\n<p>        <a itemprop=\"url\" href=\"https:\/\/www.seiska.fi\/vain-seiskassa\/seiska-loysi-mattiesko-hytosen-nain-82-vuotias-terasvaari-lenkkeilee-video\/1944961\" rel=\"nofollow noopener\" target=\"_blank\"><\/p>\n<p>\nPaparazzikuvat ja video!\n<\/p>\n<p class=\"section-date\">\n        <strong class=\"article-section\" data-section=\"vain seiskassa\"><br \/>\n            vain seiskassa<br \/>\n        <\/strong><br \/>\n        1.10. 07:00\n    <\/p>\n<p>Seiska l\u00f6ysi Mattiesko Hyt\u00f6sen: N\u00e4in 82-vuotias ter\u00e4svaari lenkkeilee \u2013 video!\n    <\/p>\n<p itemprop=\"description\" class=\"subtitle \">\n    Toimittajakonkari n\u00e4ytt\u00e4\u00e4 olevan yh\u00e4 huippukunnossa.\n<\/p>\n<p>        <\/a><\/p>\n<p>Hurmaavia machomiehi\u00e4 <\/p>\n<p class=\"article-content article-content-width !bg-background\">Seiska kertoi kirjasta taannoin.\u00a0Kirjan kustantajan, Aviadorin, sivuilla ei luonnollisesti ylisanoja s\u00e4\u00e4stell\u00e4.<\/p>\n<p class=\"article-content article-content-width !bg-background\">Kirja kertoo muun muassa maailmasta, josta \u201dromaanikirjallisuus on t\u00e4h\u00e4n menness\u00e4 vaiennut\u201d.<\/p>\n<p class=\"article-content article-content-width !bg-background\">Henkil\u00f6kavalkadikin on v\u00e4rik\u00e4s.\u00a0Kirjassa kohdataan roomalainen kreivi ,  hieroja  sek\u00e4 hurmaavia machomiehi\u00e4.<\/p>\n<p>                <img decoding=\"async\" src=\"https:\/\/www.europesays.com\/fi\/wp-content\/uploads\/2025\/12\/1558074.webp\" width=\"576\" height=\"423\" alt=\"Mattieskoa voi eitt\u00e4m\u00e4tt\u00e4 itse\u00e4\u00e4nkin pit\u00e4\u00e4 mit\u00e4 hurmaavimpana machona.\" loading=\"lazy\" \/>            <\/p>\n<p>\n            Mattieskoa voi eitt\u00e4m\u00e4tt\u00e4 itse\u00e4\u00e4nkin pit\u00e4\u00e4 mit\u00e4 hurmaavimpana machona.<br \/>\n            Miikka Kaskinen\n        <\/p>\n","protected":false},"excerpt":{"rendered":"Miikka Kaskinen, lukijan kuva Machomies Mattiesko Hyt\u00f6nen j\u00e4hmettyi suolapatsaaksi Helsingin ydinkeskustassa. Keskip\u00e4iv\u00e4n j\u00e4lkeinen asema l\u00e4htevine junineen. Kuulostaa l\u00e4hestulkoon&hellip;\n","protected":false},"author":2,"featured_media":120663,"comment_status":"","ping_status":"","sticky":false,"template":"","format":"standard","meta":{"footnotes":""},"categories":[136],"tags":[407,137,33,31,30,14302,21744,2306,408,18838,1478,12788,32,109],"class_list":{"0":"post-120662","1":"post","2":"type-post","3":"status-publish","4":"format-standard","5":"has-post-thumbnail","7":"category-julkkikset","8":"tag-celebrities","9":"tag-entertainment","10":"tag-fi","11":"tag-finland","12":"tag-finnish","13":"tag-grace-kelly","14":"tag-heidi-strommer","15":"tag-helsingin-paarautatieasema","16":"tag-julkkikset","17":"tag-kuusi-viiltoa","18":"tag-matkailu","19":"tag-mattiesko-hytonen","20":"tag-suomi","21":"tag-viihde"},"share_on_mastodon":{"url":"https:\/\/pubeurope.com\/@fi\/115746744098479806","error":""},"_links":{"self":[{"href":"https:\/\/www.europesays.com\/fi\/wp-json\/wp\/v2\/posts\/120662","targetHints":{"allow":["GET"]}}],"collection":[{"href":"https:\/\/www.europesays.com\/fi\/wp-json\/wp\/v2\/posts"}],"about":[{"href":"https:\/\/www.europesays.com\/fi\/wp-json\/wp\/v2\/types\/post"}],"author":[{"embeddable":true,"href":"https:\/\/www.europesays.com\/fi\/wp-json\/wp\/v2\/users\/2"}],"replies":[{"embeddable":true,"href":"https:\/\/www.europesays.com\/fi\/wp-json\/wp\/v2\/comments?post=120662"}],"version-history":[{"count":0,"href":"https:\/\/www.europesays.com\/fi\/wp-json\/wp\/v2\/posts\/120662\/revisions"}],"wp:featuredmedia":[{"embeddable":true,"href":"https:\/\/www.europesays.com\/fi\/wp-json\/wp\/v2\/media\/120663"}],"wp:attachment":[{"href":"https:\/\/www.europesays.com\/fi\/wp-json\/wp\/v2\/media?parent=120662"}],"wp:term":[{"taxonomy":"category","embeddable":true,"href":"https:\/\/www.europesays.com\/fi\/wp-json\/wp\/v2\/categories?post=120662"},{"taxonomy":"post_tag","embeddable":true,"href":"https:\/\/www.europesays.com\/fi\/wp-json\/wp\/v2\/tags?post=120662"}],"curies":[{"name":"wp","href":"https:\/\/api.w.org\/{rel}","templated":true}]}}