{"id":120668,"date":"2025-12-19T14:44:11","date_gmt":"2025-12-19T14:44:11","guid":{"rendered":"https:\/\/www.europesays.com\/fi\/120668\/"},"modified":"2025-12-19T14:44:11","modified_gmt":"2025-12-19T14:44:11","slug":"kysely-mika-jouluaaton-perinteisista-tv-ohjelmista-on-paras-lempaalan-vesilahden-sanomat","status":"publish","type":"post","link":"https:\/\/www.europesays.com\/fi\/120668\/","title":{"rendered":"Kysely: Mik\u00e4 jouluaaton perinteisist\u00e4 tv-ohjelmista on paras? &#8211; Lemp\u00e4\u00e4l\u00e4n-Vesilahden Sanomat"},"content":{"rendered":"<ol>\n<li><a href=\"https:\/\/news.google.com\/rss\/articles\/CBMijwFBVV95cUxNUlBhdzdkeHRtRU5NY2lSX1BpUmxuQTFsZnNCTGJ0Mk5ILVBOYVN6T1NldHVlblE5azNmUElSeXBZZlNBb2QxeW5vdV9uaWN4OGQ4dURZTmdjdS1YOTByZThrQWFCQ1YyakNFTlhxWlVxQkZBbGJrRmJMN0lhQ25GT3hBRWZsRG02OFhveDhzbw?oc=5\" target=\"_blank\" rel=\"nofollow noopener\">Kysely: Mik\u00e4 jouluaaton perinteisist\u00e4 tv-ohjelmista on paras?<\/a>&nbsp;&nbsp;Lemp\u00e4\u00e4l\u00e4n-Vesilahden Sanomat<\/li>\n<li><a href=\"https:\/\/news.google.com\/rss\/articles\/CBMiQkFVX3lxTE1mLTB6aXB5bU1JREJlc3NKYXZVbjI4S2trUDJ0UlJyMWdHSVZEa0tZVVhFdUdFT2JHeGlib2lfQzRudw?oc=5\" target=\"_blank\" rel=\"nofollow noopener\">Salibandykritiikki sai Ruotsin p\u00e4\u00e4valmentajan vastaamaan julkisesti \u2013 \u201dEhk\u00e4 strategia oli liian naiivi\u201d<\/a>&nbsp;&nbsp;Yle<\/li>\n<li><a href=\"https:\/\/news.google.com\/rss\/articles\/CBMiwwFBVV95cUxPd2poRHNzeXFsSWtTTkhmZ0FVOWl3RVpxeFBIMXM0M2Q5MG1WazU1eWZmemdhaXc1ekxuc0I2SlVTcU53LVR2SUpNcjgtTFA3ZXJOUWVOblBGNHRGT0p6QTVRTUtQbnZOWlh6dTBfblJGZ0ZSbXZ0TlFWUzBCTjRKQWh0Y09MYWNlcUpSeU4xTWtOWS1WTVZ1SkZVaWd2NGhRLUpQOWNaS1JYbl9wVmlfMHdNMy00OFIzMjE5UFVRSV9tdGc?oc=5\" target=\"_blank\" rel=\"nofollow noopener\">N\u00e4k\u00f6kulma: Harneskilla ei ole edellytyksi\u00e4 jatkaa Suomen p\u00e4\u00e4valmentajana MM-n\u00e4ytt\u00f6jen perusteella<\/a>&nbsp;&nbsp;P\u00e4\u00e4kallo.fi<\/li>\n<li><a href=\"https:\/\/news.google.com\/rss\/articles\/CBMiX0FVX3lxTE11NVhCc3NQa3ltei1uMGlQcEVCLU5DLTR0SERrb0tBaWs2NmR2MjlIb2NaZU9aVXp1NXFTR0pZTDNkaTJBMU9FM0JKX1FMTlN0UUpZSS1JcXdfV1N5eE84?oc=5\" target=\"_blank\" rel=\"nofollow noopener\">Ruotsille j\u00e4ttifiasko \u2013 n\u00f6yryytt\u00e4v\u00e4 tapahtuma ottelun j\u00e4lkeen<\/a>&nbsp;&nbsp;Ilta-Sanomat<\/li>\n<li><a href=\"https:\/\/news.google.com\/rss\/articles\/CBMifkFVX3lxTE9VeXh2RmZjQlV4SFpKMUMtam1kaW0xNEhpY04zazcxMEluU2JTSG9hMHdFVkNEWDVGSzIzOHJlVDFTRTdyQlVuSmVxR19NSmNEWjRqRHFkeHlyLXZrSkE0ZHRCbk1QODNJcE5xVF9CVFRKaWtpQnd6T1JTMmh1UQ?oc=5\" target=\"_blank\" rel=\"nofollow noopener\">Suomi voitti pronssia! Ruotsille j\u00e4ttipettymys<\/a>&nbsp;&nbsp;Iltalehti<\/li>\n<\/ol>\n","protected":false},"excerpt":{"rendered":"Kysely: Mik\u00e4 jouluaaton perinteisist\u00e4 tv-ohjelmista on paras?&nbsp;&nbsp;Lemp\u00e4\u00e4l\u00e4n-Vesilahden Sanomat Salibandykritiikki sai Ruotsin p\u00e4\u00e4valmentajan vastaamaan julkisesti \u2013 \u201dEhk\u00e4 strategia oli&hellip;\n","protected":false},"author":2,"featured_media":120669,"comment_status":"","ping_status":"","sticky":false,"template":"","format":"standard","meta":{"footnotes":""},"categories":[158],"tags":[33,31,30,17635,159,32,160],"class_list":{"0":"post-120668","1":"post","2":"type-post","3":"status-publish","4":"format-standard","5":"has-post-thumbnail","7":"category-urheilu","8":"tag-fi","9":"tag-finland","10":"tag-finnish","11":"tag-kysely","12":"tag-sports","13":"tag-suomi","14":"tag-urheilu"},"share_on_mastodon":{"url":"https:\/\/pubeurope.com\/@fi\/115746771248406461","error":""},"_links":{"self":[{"href":"https:\/\/www.europesays.com\/fi\/wp-json\/wp\/v2\/posts\/120668","targetHints":{"allow":["GET"]}}],"collection":[{"href":"https:\/\/www.europesays.com\/fi\/wp-json\/wp\/v2\/posts"}],"about":[{"href":"https:\/\/www.europesays.com\/fi\/wp-json\/wp\/v2\/types\/post"}],"author":[{"embeddable":true,"href":"https:\/\/www.europesays.com\/fi\/wp-json\/wp\/v2\/users\/2"}],"replies":[{"embeddable":true,"href":"https:\/\/www.europesays.com\/fi\/wp-json\/wp\/v2\/comments?post=120668"}],"version-history":[{"count":0,"href":"https:\/\/www.europesays.com\/fi\/wp-json\/wp\/v2\/posts\/120668\/revisions"}],"wp:featuredmedia":[{"embeddable":true,"href":"https:\/\/www.europesays.com\/fi\/wp-json\/wp\/v2\/media\/120669"}],"wp:attachment":[{"href":"https:\/\/www.europesays.com\/fi\/wp-json\/wp\/v2\/media?parent=120668"}],"wp:term":[{"taxonomy":"category","embeddable":true,"href":"https:\/\/www.europesays.com\/fi\/wp-json\/wp\/v2\/categories?post=120668"},{"taxonomy":"post_tag","embeddable":true,"href":"https:\/\/www.europesays.com\/fi\/wp-json\/wp\/v2\/tags?post=120668"}],"curies":[{"name":"wp","href":"https:\/\/api.w.org\/{rel}","templated":true}]}}