{"id":120672,"date":"2025-12-19T14:46:15","date_gmt":"2025-12-19T14:46:15","guid":{"rendered":"https:\/\/www.europesays.com\/fi\/120672\/"},"modified":"2025-12-19T14:46:15","modified_gmt":"2025-12-19T14:46:15","slug":"hurjan-nakoinen-onnettomuus-muoniossa","status":"publish","type":"post","link":"https:\/\/www.europesays.com\/fi\/120672\/","title":{"rendered":"Hurjan n\u00e4k\u00f6inen onnettomuus Muoniossa"},"content":{"rendered":"<p>Tamppari oli ollut ylitt\u00e4m\u00e4ss\u00e4 suokohtaa.<\/p>\n<p><img decoding=\"async\" class=\"image image-show image-preview\" src=\"https:\/\/www.europesays.com\/fi\/wp-content\/uploads\/2025\/12\/f84f7ee97aed9c9ddb420cd147731c5763682c0d3ba025cfd564847c2fb6787e.jpg\" alt=\"\"\/><img decoding=\"async\" class=\"image image-show\" src=\"https:\/\/www.europesays.com\/fi\/wp-content\/uploads\/2025\/12\/1766155575_331_f84f7ee97aed9c9ddb420cd147731c5763682c0d3ba025cfd564847c2fb6787e.jpg\" alt=\"\"\/><\/p>\n<p>Tamppari vajosi osittain vesist\u00f6\u00f6n Muoniossa tiistaina. Tero Kyl\u00e4-Kaila<\/p>\n<p class=\"paragraph\">Kelkkareitti\u00e4 tekem\u00e4ss\u00e4 ollut tamppari vajosi osittain vesist\u00f6\u00f6n Muoniossa.<\/p>\n<p class=\"paragraph\">Onnettomuus tapahtui tiistaina Torassiepin ja S\u00e4rkij\u00e4rven v\u00e4lisell\u00e4 kelkkareitill\u00e4, jonka varrella on pieni\u00e4 suoalueita.<\/p>\n<p class=\"paragraph\">Muonion kunnan reittivastaava <strong>Tero Kyl\u00e4-Kailan<\/strong> mukaan tamppari meni suokohdan yli, mutta t\u00e4ll\u00e4 kertaa kyseinen kohta ei kest\u00e4nyt koneen painoa.<\/p>\n<p class=\"paragraph\">Onnettomuudessa ei tullut henkil\u00f6vahinkoja.<\/p>\n<p class=\"paragraph\">Kyl\u00e4-Kailan mukaan kyseinen reitti on ollut k\u00e4yt\u00f6ss\u00e4 useita vuosia. H\u00e4nell\u00e4 on sattuneen onnettomuuden syyst\u00e4 oma arvauksensa.<\/p>\n<p class=\"paragraph\">\u2013 T\u00e4n\u00e4 vuonna veden korkeus luonnossa on ollut sellainen, ett\u00e4 vesist\u00f6\u00f6n on j\u00e4\u00e4tynyt ik\u00e4\u00e4n kuin kansi p\u00e4\u00e4lle, joka on ollut siin\u00e4 suon p\u00e4\u00e4ll\u00e4 ja pett\u00e4nyt alta. Todenn\u00e4k\u00f6isesti, kun talvet ovat hyvin paljon erilaisia kuin mit\u00e4 ne ovat takavuosina olleet, n\u00e4in olisi k\u00e4ynyt joskus my\u00f6hemmin, jos ei nyt, Kyl\u00e4-Kaila pohtii.<\/p>\n<p class=\"paragraph\">Kelkkareittien avaaminen siirtyy Muoniossa suunnitellusta, mutta reittien hoitamista pyrit\u00e4\u00e4n jatkamaan.<\/p>\n<p class=\"paragraph\">\u2013 Haluamme k\u00e4yd\u00e4 reitit aina l\u00e4pi ennen kuin ne avataan. Siell\u00e4 voi olla juuri t\u00e4llainen tilanne, mik\u00e4 paljastuu jo moottorikelkalla, eli ett\u00e4 reitti ei kest\u00e4 moottorikelkan painoa, joka on kymmenesosa tampparin painosta, Kyl\u00e4-Kaila perustelee.<\/p>\n<p class=\"paragraph\">Tampparin nostoprosessi kesti Kyl\u00e4-Kailan mukaan kaikkineen 18 tuntia, aina seuraavaan aamuun asti.<\/p>\n<p class=\"paragraph\">\u2013 Se vaati kaksi kaivinkonetta ja yhden toisen latukoneen avuksi, ett\u00e4 se sitten nousi.<\/p>\n<p class=\"paragraph\">Asiasta uutisoi aiemmin <a href=\"https:\/\/www.lapinkansa.fi\/kelkkareittia-tekemassa-ollut-tamppari-vajosi-vesi\/12459083\" target=\"_blank\" rel=\"noopener nofollow\">Lapin Kansa<\/a>.<\/p>\n","protected":false},"excerpt":{"rendered":"Tamppari oli ollut ylitt\u00e4m\u00e4ss\u00e4 suokohtaa. Tamppari vajosi osittain vesist\u00f6\u00f6n Muoniossa tiistaina. Tero Kyl\u00e4-Kaila Kelkkareitti\u00e4 tekem\u00e4ss\u00e4 ollut tamppari vajosi&hellip;\n","protected":false},"author":2,"featured_media":120673,"comment_status":"","ping_status":"","sticky":false,"template":"","format":"standard","meta":{"footnotes":""},"categories":[112],"tags":[35,648,33,31,30,121,82,120,118,32,119,128],"class_list":{"0":"post-120672","1":"post","2":"type-post","3":"status-publish","4":"format-standard","5":"has-post-thumbnail","7":"category-tiede","8":"tag-24h","9":"tag-autot","10":"tag-fi","11":"tag-finland","12":"tag-finnish","13":"tag-liikenne-ja-kuljetus","14":"tag-moottoriajoneuvot","15":"tag-onnettomuustapaus","16":"tag-science","17":"tag-suomi","18":"tag-tiede","19":"tag-tieliikenne"},"share_on_mastodon":{"url":"https:\/\/pubeurope.com\/@fi\/115746779202751300","error":""},"_links":{"self":[{"href":"https:\/\/www.europesays.com\/fi\/wp-json\/wp\/v2\/posts\/120672","targetHints":{"allow":["GET"]}}],"collection":[{"href":"https:\/\/www.europesays.com\/fi\/wp-json\/wp\/v2\/posts"}],"about":[{"href":"https:\/\/www.europesays.com\/fi\/wp-json\/wp\/v2\/types\/post"}],"author":[{"embeddable":true,"href":"https:\/\/www.europesays.com\/fi\/wp-json\/wp\/v2\/users\/2"}],"replies":[{"embeddable":true,"href":"https:\/\/www.europesays.com\/fi\/wp-json\/wp\/v2\/comments?post=120672"}],"version-history":[{"count":0,"href":"https:\/\/www.europesays.com\/fi\/wp-json\/wp\/v2\/posts\/120672\/revisions"}],"wp:featuredmedia":[{"embeddable":true,"href":"https:\/\/www.europesays.com\/fi\/wp-json\/wp\/v2\/media\/120673"}],"wp:attachment":[{"href":"https:\/\/www.europesays.com\/fi\/wp-json\/wp\/v2\/media?parent=120672"}],"wp:term":[{"taxonomy":"category","embeddable":true,"href":"https:\/\/www.europesays.com\/fi\/wp-json\/wp\/v2\/categories?post=120672"},{"taxonomy":"post_tag","embeddable":true,"href":"https:\/\/www.europesays.com\/fi\/wp-json\/wp\/v2\/tags?post=120672"}],"curies":[{"name":"wp","href":"https:\/\/api.w.org\/{rel}","templated":true}]}}