{"id":120674,"date":"2025-12-19T14:48:18","date_gmt":"2025-12-19T14:48:18","guid":{"rendered":"https:\/\/www.europesays.com\/fi\/120674\/"},"modified":"2025-12-19T14:48:18","modified_gmt":"2025-12-19T14:48:18","slug":"iisalmen-prisman-65-miljoonan-euron-remontti-tulossa-on-myos-uusia-palveluja-paikalliset","status":"publish","type":"post","link":"https:\/\/www.europesays.com\/fi\/120674\/","title":{"rendered":"Iisalmen Prisman 6,5 miljoonan euron remontti: Tulossa on my\u00f6s uusia palveluja | Paikalliset"},"content":{"rendered":"<p>Iisalmen Prisman mittava remontti alkaa 7. tammikuuta ja jatkuu toukokuuhun. Uutena palveluna tavaratalon yhteyteen rakennetaan Pee\u00e4ss\u00e4n oma parturi-kampaamo Rimmaamo.<\/p>\n<p>Pee\u00e4ss\u00e4n mukaan tulossa on my\u00f6s muuta uutta palvelutarjontaa. Niist\u00e4 se aikoo tiedottaa my\u00f6hemmin.<\/p>\n<p>Investoinnin arvo on noin 6,5 miljoonaa euroa.<\/p>\n<p>P\u00e4\u00e4urakoitsija on kuopiolainen Rakennusty\u00f6 Salminen Oy, LVI-urakoitsija Iisalmen Putkity\u00f6 Oy, s\u00e4hk\u00f6urakoitsija iisalmelainen S\u00e4hk\u00f6Rami Oy ja automaatiourakoitsija vantaalainen Fidelix Oy.<\/p>\n<p><strong class=\"diks-storyline__impact\">Prisma on avoinna <\/strong>normaalisti remontin ajan. Emotion, S-pankki, Buffa ja Presso ja 24-Pesula s\u00e4ilyv\u00e4t entisill\u00e4 paikoillaan ja my\u00f6s ne palvelevat tavalliseen tapaan.<\/p>\n<p>Asiakkaille j\u00e4rjestettiin kysely siit\u00e4, mit\u00e4 he toivoisivat otettavan muutoksessa huomioon.<\/p>\n<p>\u2013\u2009Olemme saaneet satoja toiveita ja ideoita. Ne ovat meille eritt\u00e4in arvokkaita, kertoo prismajohtaja <strong>Sanna Isrikki<\/strong>.<\/p>\n<p>N\u00e4kyvien muutosten lis\u00e4ksi Prismaan rakennetaan yhdess\u00e4 Savon Voiman kanssa kaksisuuntainen kaukol\u00e4mm\u00f6n toimitus, kertoo kiinteist\u00f6p\u00e4\u00e4llikk\u00f6 <strong>Tomi Vierimaa<\/strong>.<\/p>\n<p>\u2013\u2009Kauppaan tulee kaukol\u00e4mp\u00f6\u00e4 normaalisti kaukol\u00e4mp\u00f6verkkoa my\u00f6ten, mutta jatkossa my\u00f6s Prisma tuottaa l\u00e4mp\u00f6\u00e4 verkkoon kaikille iisalmelaisille kaukol\u00e4mp\u00f6asiakkaille.<\/p>\n<p>Syksyll\u00e4 2026 uudistuvat liikennej\u00e4rjestelyt, joilla parannetaan piha-alueen toimivuutta.<\/p>\n<p>\t\t\t\t\t<img class=\"diks-card__image\" src=\"https:\/\/www.europesays.com\/fi\/wp-content\/uploads\/2025\/12\/11187043.jpg\"   loading=\"lazy\" decoding=\"sync\" alt=\"\"\/><\/p>\n","protected":false},"excerpt":{"rendered":"Iisalmen Prisman mittava remontti alkaa 7. tammikuuta ja jatkuu toukokuuhun. Uutena palveluna tavaratalon yhteyteen rakennetaan Pee\u00e4ss\u00e4n oma parturi-kampaamo&hellip;\n","protected":false},"author":2,"featured_media":120675,"comment_status":"","ping_status":"","sticky":false,"template":"","format":"standard","meta":{"footnotes":""},"categories":[76],"tags":[79,77,33,31,30,6422,898,402,32,78],"class_list":{"0":"post-120674","1":"post","2":"type-post","3":"status-publish","4":"format-standard","5":"has-post-thumbnail","7":"category-talous","8":"tag-business","9":"tag-economy","10":"tag-fi","11":"tag-finland","12":"tag-finnish","13":"tag-hiukset","14":"tag-kulutustavarat","15":"tag-rakentaminen-kiinteistot","16":"tag-suomi","17":"tag-talous"},"share_on_mastodon":{"url":"https:\/\/pubeurope.com\/@fi\/115746786931502913","error":""},"_links":{"self":[{"href":"https:\/\/www.europesays.com\/fi\/wp-json\/wp\/v2\/posts\/120674","targetHints":{"allow":["GET"]}}],"collection":[{"href":"https:\/\/www.europesays.com\/fi\/wp-json\/wp\/v2\/posts"}],"about":[{"href":"https:\/\/www.europesays.com\/fi\/wp-json\/wp\/v2\/types\/post"}],"author":[{"embeddable":true,"href":"https:\/\/www.europesays.com\/fi\/wp-json\/wp\/v2\/users\/2"}],"replies":[{"embeddable":true,"href":"https:\/\/www.europesays.com\/fi\/wp-json\/wp\/v2\/comments?post=120674"}],"version-history":[{"count":0,"href":"https:\/\/www.europesays.com\/fi\/wp-json\/wp\/v2\/posts\/120674\/revisions"}],"wp:featuredmedia":[{"embeddable":true,"href":"https:\/\/www.europesays.com\/fi\/wp-json\/wp\/v2\/media\/120675"}],"wp:attachment":[{"href":"https:\/\/www.europesays.com\/fi\/wp-json\/wp\/v2\/media?parent=120674"}],"wp:term":[{"taxonomy":"category","embeddable":true,"href":"https:\/\/www.europesays.com\/fi\/wp-json\/wp\/v2\/categories?post=120674"},{"taxonomy":"post_tag","embeddable":true,"href":"https:\/\/www.europesays.com\/fi\/wp-json\/wp\/v2\/tags?post=120674"}],"curies":[{"name":"wp","href":"https:\/\/api.w.org\/{rel}","templated":true}]}}