{"id":120676,"date":"2025-12-19T14:49:09","date_gmt":"2025-12-19T14:49:09","guid":{"rendered":"https:\/\/www.europesays.com\/fi\/120676\/"},"modified":"2025-12-19T14:49:09","modified_gmt":"2025-12-19T14:49:09","slug":"reuters-ukrainalaislahteen-mukaan-venajan-varjolaivaston-tankkeriin-isketty-valimerella-uutisia-lyhyesti","status":"publish","type":"post","link":"https:\/\/www.europesays.com\/fi\/120676\/","title":{"rendered":"Reuters: Ukrainalaisl\u00e4hteen mukaan Ven\u00e4j\u00e4n varjolaivaston tankkeriin isketty V\u00e4limerell\u00e4 | Uutisia lyhyesti"},"content":{"rendered":"<p class=\"aw-1gybjub aw-5vja16 kEtdKx kmuxyA yle__article__paragraph\">Jos Reutersin l\u00e4hteen v\u00e4ite pit\u00e4\u00e4 paikkansa, on kyseess\u00e4 Ukrainan ensimm\u00e4inen isku varjolaivastoa vastaan V\u00e4limerell\u00e4.<\/p>\n<p>13:22\u2022P\u00e4ivitetty 13:29<\/p>\n<p class=\"aw-1gybjub aw-1p7kakr kEtdKx cEmitX yle__article__paragraph\">Reutersin l\u00e4hde Ukrainan turvallisuuspalvelu SBU:ssa kertoo palvelun iskeneen Ven\u00e4j\u00e4n varjolaivaston Qendil-tankkeriin V\u00e4limerell\u00e4.<\/p>\n<p class=\"aw-1gybjub aw-1p7kakr kEtdKx cEmitX yle__article__paragraph\">Reutersin l\u00e4hteen mukaan isku toteutettiin lennokeilla ja se on aiheuttanut tankkerille \u201dkriittist\u00e4 vahinkoa\u201d. L\u00e4hteen mukaan tankkerilla ei ole lastia.<\/p>\n<p class=\"aw-1gybjub aw-1p7kakr kEtdKx cEmitX yle__article__paragraph\"><a class=\"aw-iao6s4 iHOxEa yle__article__link\" href=\"https:\/\/www.marinetraffic.com\/fi\/ais\/details\/ships\/shipid:753681\/mmsi:461000286\/imo:9310525\/vessel:QENDIL\" role=\"link\" rel=\"nofollow noopener\" target=\"_blank\">Marinetraffic-sivuston<\/a> mukaan Omanin lipun alla seilaava Qendil-tankkeri on matkalla Intian Sikkasta Ven\u00e4j\u00e4n Laukaansuuhun. Viimeisimm\u00e4n sijaintitiedon mukaan laiva on noin 300 kilometri\u00e4 l\u00e4nteen Kreikan Kreetan saarelta.<\/p>\n<p class=\"aw-1gybjub aw-1p7kakr kEtdKx cEmitX yle__article__paragraph\">Jos l\u00e4hteen v\u00e4ite pit\u00e4\u00e4 paikkansa, on kyseess\u00e4 Ukrainan ensimm\u00e4inen isku varjolaivastoa vastaan V\u00e4limerell\u00e4.<\/p>\n<p class=\"aw-1gybjub aw-1p7kakr kEtdKx cEmitX yle__article__paragraph\">Ukraina on tehnyt viime viikkoina useita iskuja Ven\u00e4j\u00e4n varjolaivaston tankkereita vastaan. Iskuja on ollut muun muassa Mustallamerell\u00e4 ja Asovanmerell\u00e4.<\/p>\n<p class=\"aw-1gybjub aw-1p7kakr kEtdKx cEmitX yle__article__paragraph\">L\u00e4hde: Reuters<\/p>\n","protected":false},"excerpt":{"rendered":"Jos Reutersin l\u00e4hteen v\u00e4ite pit\u00e4\u00e4 paikkansa, on kyseess\u00e4 Ukrainan ensimm\u00e4inen isku varjolaivastoa vastaan V\u00e4limerell\u00e4. 13:22\u2022P\u00e4ivitetty 13:29 Reutersin l\u00e4hde&hellip;\n","protected":false},"author":2,"featured_media":74,"comment_status":"","ping_status":"","sticky":false,"template":"","format":"standard","meta":{"footnotes":""},"categories":[14],"tags":[22,23,26,27,33,31,30,17,24,25,28,29,15,18,21,5970,32,19,20,1303,56,16,1824,6925,547,987,2568,59,60,61],"class_list":{"0":"post-120676","1":"post","2":"type-post","3":"status-publish","4":"format-standard","5":"has-post-thumbnail","7":"category-ulkomaat","8":"tag-breaking-news","9":"tag-breakingnews","10":"tag-featured-news","11":"tag-featurednews","12":"tag-fi","13":"tag-finland","14":"tag-finnish","15":"tag-headlines","16":"tag-latest-news","17":"tag-latestnews","18":"tag-main-news","19":"tag-mainnews","20":"tag-news","21":"tag-otsikot","22":"tag-paauutiset","23":"tag-rahtilaivat","24":"tag-suomi","25":"tag-top-stories","26":"tag-topstories","27":"tag-ukraina","28":"tag-ulkomaat","29":"tag-uutiset","30":"tag-valimeri","31":"tag-varjolaivasto","32":"tag-venaja","33":"tag-venajan-hyokkays","34":"tag-vesiliikenne","35":"tag-world","36":"tag-world-news","37":"tag-worldnews"},"share_on_mastodon":{"url":"https:\/\/pubeurope.com\/@fi\/115746790736365357","error":""},"_links":{"self":[{"href":"https:\/\/www.europesays.com\/fi\/wp-json\/wp\/v2\/posts\/120676","targetHints":{"allow":["GET"]}}],"collection":[{"href":"https:\/\/www.europesays.com\/fi\/wp-json\/wp\/v2\/posts"}],"about":[{"href":"https:\/\/www.europesays.com\/fi\/wp-json\/wp\/v2\/types\/post"}],"author":[{"embeddable":true,"href":"https:\/\/www.europesays.com\/fi\/wp-json\/wp\/v2\/users\/2"}],"replies":[{"embeddable":true,"href":"https:\/\/www.europesays.com\/fi\/wp-json\/wp\/v2\/comments?post=120676"}],"version-history":[{"count":0,"href":"https:\/\/www.europesays.com\/fi\/wp-json\/wp\/v2\/posts\/120676\/revisions"}],"wp:featuredmedia":[{"embeddable":true,"href":"https:\/\/www.europesays.com\/fi\/wp-json\/wp\/v2\/media\/74"}],"wp:attachment":[{"href":"https:\/\/www.europesays.com\/fi\/wp-json\/wp\/v2\/media?parent=120676"}],"wp:term":[{"taxonomy":"category","embeddable":true,"href":"https:\/\/www.europesays.com\/fi\/wp-json\/wp\/v2\/categories?post=120676"},{"taxonomy":"post_tag","embeddable":true,"href":"https:\/\/www.europesays.com\/fi\/wp-json\/wp\/v2\/tags?post=120676"}],"curies":[{"name":"wp","href":"https:\/\/api.w.org\/{rel}","templated":true}]}}