{"id":120677,"date":"2025-12-19T14:50:11","date_gmt":"2025-12-19T14:50:11","guid":{"rendered":"https:\/\/www.europesays.com\/fi\/120677\/"},"modified":"2025-12-19T14:50:11","modified_gmt":"2025-12-19T14:50:11","slug":"tuotantoelaimen-elama-on-kauhun-pelon-ja-karsimyksen-tie","status":"publish","type":"post","link":"https:\/\/www.europesays.com\/fi\/120677\/","title":{"rendered":"Tuotantoel\u00e4imen el\u00e4m\u00e4 on kauhun, pelon ja k\u00e4rsimyksen tie"},"content":{"rendered":"<p>Lukijan mielipide|Kaikki teollinen el\u00e4intuotanto perustuu el\u00e4inmassojen tehokkaaseen k\u00e4sittelyyn, jossa ei tunneta yksil\u00f6it\u00e4.<\/p>\n<p class=\"article-body nof-ui-body-medium mb-nof-24 px-nof-16\">Kirjoitus on Helsingin Sanomien lukijan mielipide.<\/p>\n<p class=\"article-body mb-nof-24 px-nof-16\">El\u00e4inten h\u00e4kkitarhaus turkiksia varten tuottaa k\u00e4rsimyst\u00e4 el\u00e4inyksil\u00f6ille. Helsingin Sanomat kirjoitti (<a class=\"article-genericlink\" href=\"https:\/\/www.hs.fi\/paakirjoitukset\/art-2000011669134.html\" rel=\"nofollow noopener\" target=\"_blank\">4.12.<\/a>) siit\u00e4 aivan oikein el\u00e4inr\u00e4\u00e4kk\u00e4yksen\u00e4. Suomen Turkisel\u00e4inten Kasvattajain Liitto ry:n asiamiehet <a class=\"article-personlink\" href=\"https:\/\/www.hs.fi\/haku\/?query=Heikki%20Huhtam%C3%A4ki\" rel=\"nofollow noopener\" target=\"_blank\">Heikki Huhtam\u00e4ki <\/a>ja <a class=\"article-personlink\" href=\"https:\/\/www.hs.fi\/haku\/?query=Matti%20Huhtam%C3%A4ki\" rel=\"nofollow noopener\" target=\"_blank\">Matti Huhtam\u00e4ki<\/a> koettivat silotella (<a class=\"article-genericlink\" href=\"https:\/\/www.hs.fi\/mielipide\/art-2000011672572.html\" rel=\"nofollow noopener\" target=\"_blank\">HS Mielipide 7.12.<\/a>) tuotannon ongelmia. El\u00e4inten k\u00e4rsimykset nosti esiin my\u00f6s <a class=\"article-personlink\" href=\"https:\/\/www.hs.fi\/haku\/?query=Jonna%20Ahola\" rel=\"nofollow noopener\" target=\"_blank\">Jonna Ahola<\/a> rohkealla kirjoituksellaan (<a class=\"article-genericlink\" href=\"https:\/\/www.hs.fi\/mielipide\/art-2000011670447.html\" rel=\"nofollow noopener\" target=\"_blank\">HS Mielipide 14.12.<\/a>).<\/p>\n<p class=\"article-body mb-nof-24 px-nof-16\">Kaikki teollinen el\u00e4intuotanto perustuu el\u00e4inmassojen tehokkaaseen k\u00e4sittelyyn. Siin\u00e4 ei tunneta yksil\u00f6it\u00e4 muuten kuin ruoka- ja tilayritysmainoksissa. Tuotannossa naudat, siat, kanat, lampaat, kalat ja muut el\u00e4imet kulkevat teollisen uusintamis-, kasvatus- ja teurastusprosessin l\u00e4vitse. El\u00e4inyksil\u00f6ille koettu lyhyt el\u00e4m\u00e4 on kauhun, pelon ja k\u00e4rsimyksen tie.<\/p>\n<p class=\"article-body mb-nof-24 px-nof-16\">Valtio on poliittisten p\u00e4\u00e4tt\u00e4jien s\u00e4\u00e4t\u00e4m\u00e4n\u00e4 laatinut lait, miten t\u00e4m\u00e4 teollinen prosessi saadaan sujumaan ihmisen kannalta tuotteliaasti ja ongelmitta. Tuotantoel\u00e4imet rinnastuvat laissa omistajansa esineisiin, joita voi myyd\u00e4, hallita ja poistaa p\u00e4ivilt\u00e4. El\u00e4imist\u00e4, heid\u00e4n kehoistaan, kehojen osista ja kehon tuottamista eritteist\u00e4 k\u00e4ytet\u00e4\u00e4n lukemattomia kiertoilmaisuja niin lakiteksteiss\u00e4 kuin k\u00e4yt\u00e4nn\u00f6ss\u00e4kin. Ruokamarkkinoinnissa todella varotaan tuomasta julki, ett\u00e4 el\u00e4inainesosa on l\u00e4ht\u00f6isin tuntoisesta el\u00e4inyksil\u00f6st\u00e4.<\/p>\n<p class=\"article-body mb-nof-24 px-nof-16\">\u201dLopetin lihansy\u00f6nnin 50 vuotta sitten, kun katsoin porsaankyljyst\u00e4 ja ajattelin: t\u00e4m\u00e4 edustaa pelkk\u00e4\u00e4 pelkoa, tuskaa ja kuolemaa.\u201d T\u00e4m\u00e4 edesmenneen etologi-antropologi <a class=\"article-personlink\" href=\"https:\/\/www.hs.fi\/haku\/?query=Jane%20Goodallin\" rel=\"nofollow noopener\" target=\"_blank\">Jane Goodallin<\/a> vapaasti suomennettu sanoma tavoittaa oleellisen. Katso ruokaasi ja p\u00e4\u00e4t\u00e4, valitsetko toisin. Valtion suojelema el\u00e4intuotantokoneisto onkin vaikeampi rasti. Mutta pala kerrallaan muutos tapahtuu.<\/p>\n<p class=\"article-body mb-nof-24 px-nof-16\">Kaisa V\u00e4is\u00e4nen<\/p>\n<p class=\"article-body mb-nof-24 px-nof-16\">filosofian kandidaatti<\/p>\n<p class=\"article-body mb-nof-24 px-nof-16\">Iisalmi<\/p>\n<p class=\"article-body nof-ui-body-medium mb-nof-24 px-nof-16\">HS:n toimitus valitsee ja toimittaa mielipidekirjoitukset. Voit j\u00e4tt\u00e4\u00e4 mielipidekirjoituksen tai tutustua kirjoitusten periaatteisiin osoitteessa <a class=\"article-genericlink article-endnote\" href=\"http:\/\/www.hs.fi\/kirjoitamielipidekirjoitus\/\" rel=\"nofollow noopener\" target=\"_blank\">http:\/\/www.hs.fi\/kirjoitamielipidekirjoitus\/<\/a>. <\/p>\n","protected":false},"excerpt":{"rendered":"Lukijan mielipide|Kaikki teollinen el\u00e4intuotanto perustuu el\u00e4inmassojen tehokkaaseen k\u00e4sittelyyn, jossa ei tunneta yksil\u00f6it\u00e4. Kirjoitus on Helsingin Sanomien lukijan mielipide.&hellip;\n","protected":false},"author":2,"featured_media":96697,"comment_status":"","ping_status":"","sticky":false,"template":"","format":"standard","meta":{"footnotes":""},"categories":[12],"tags":[22,23,26,27,33,31,30,17,46,24,25,28,29,15,18,21,32,19,20,16],"class_list":{"0":"post-120677","1":"post","2":"type-post","3":"status-publish","4":"format-standard","5":"has-post-thumbnail","7":"category-suomi","8":"tag-breaking-news","9":"tag-breakingnews","10":"tag-featured-news","11":"tag-featurednews","12":"tag-fi","13":"tag-finland","14":"tag-finnish","15":"tag-headlines","16":"tag-helsingin-sanomat","17":"tag-latest-news","18":"tag-latestnews","19":"tag-main-news","20":"tag-mainnews","21":"tag-news","22":"tag-otsikot","23":"tag-paauutiset","24":"tag-suomi","25":"tag-top-stories","26":"tag-topstories","27":"tag-uutiset"},"share_on_mastodon":{"url":"https:\/\/pubeurope.com\/@fi\/115746794660804724","error":""},"_links":{"self":[{"href":"https:\/\/www.europesays.com\/fi\/wp-json\/wp\/v2\/posts\/120677","targetHints":{"allow":["GET"]}}],"collection":[{"href":"https:\/\/www.europesays.com\/fi\/wp-json\/wp\/v2\/posts"}],"about":[{"href":"https:\/\/www.europesays.com\/fi\/wp-json\/wp\/v2\/types\/post"}],"author":[{"embeddable":true,"href":"https:\/\/www.europesays.com\/fi\/wp-json\/wp\/v2\/users\/2"}],"replies":[{"embeddable":true,"href":"https:\/\/www.europesays.com\/fi\/wp-json\/wp\/v2\/comments?post=120677"}],"version-history":[{"count":0,"href":"https:\/\/www.europesays.com\/fi\/wp-json\/wp\/v2\/posts\/120677\/revisions"}],"wp:featuredmedia":[{"embeddable":true,"href":"https:\/\/www.europesays.com\/fi\/wp-json\/wp\/v2\/media\/96697"}],"wp:attachment":[{"href":"https:\/\/www.europesays.com\/fi\/wp-json\/wp\/v2\/media?parent=120677"}],"wp:term":[{"taxonomy":"category","embeddable":true,"href":"https:\/\/www.europesays.com\/fi\/wp-json\/wp\/v2\/categories?post=120677"},{"taxonomy":"post_tag","embeddable":true,"href":"https:\/\/www.europesays.com\/fi\/wp-json\/wp\/v2\/tags?post=120677"}],"curies":[{"name":"wp","href":"https:\/\/api.w.org\/{rel}","templated":true}]}}