{"id":120678,"date":"2025-12-19T14:51:09","date_gmt":"2025-12-19T14:51:09","guid":{"rendered":"https:\/\/www.europesays.com\/fi\/120678\/"},"modified":"2025-12-19T14:51:09","modified_gmt":"2025-12-19T14:51:09","slug":"talvikkitien-ja-peltolantien-risteys-avattu-liikenteelle-tikkuraitin-tyomaa-etenee-orvokkitielle","status":"publish","type":"post","link":"https:\/\/www.europesays.com\/fi\/120678\/","title":{"rendered":"Talvikkitien ja Peltolantien risteys avattu liikenteelle \u2013 Tikkuraitin ty\u00f6maa etenee Orvokkitielle"},"content":{"rendered":"<p>Talvikkitien ja Peltolantien risteysalueen l\u00e4nsipuolen rakennusty\u00f6t ovat p\u00e4\u00e4osin valmistuneet, ja osuus on avattu ajoneuvoliikenteelle. Asfaltointi ja muut pintarakenteet viimeistell\u00e4\u00e4n my\u00f6hemmin kev\u00e4\u00e4ll\u00e4, kun s\u00e4\u00e4t sallivat.<\/p>\n<p>Vuodenvaihteessa ty\u00f6maa siirtyy Talvikkitiell\u00e4 Tikkuraitin puolelle ja risteysalueen it\u00e4puoli suljetaan ajoneuvoliikenteelt\u00e4.<\/p>\n<p>Muutokset vaikuttavat my\u00f6s jalankulku- ja py\u00f6r\u00e4ilyreitteihin. Tikkuraitin l\u00e4nsip\u00e4\u00e4h\u00e4n rakennetaan uusi k\u00e4velysilta. K\u00e4velysillan kautta kulkeva v\u00e4liaikainen jalankulkureitti on k\u00e4yt\u00f6ss\u00e4 arviolta 5.1.\u201331.3.\u00a0<\/p>\n<p>Ty\u00f6maa on joulutauolla 22.12.2025\u20134.1.2026 ja 9.1.2026. Ty\u00f6t jatkuvat 5.\u20138.1. Loppiaisen arkipyh\u00e4n\u00e4 ei kuitenkaan tehd\u00e4 erityist\u00e4 melua aiheuttavia rakennust\u00f6it\u00e4.<\/p>\n<p>Osa Orvokkitiest\u00e4 muuttuu ty\u00f6maaksi tammikuussa<\/p>\n<p>Heti alkuvuodesta 5. tammikuuta 2026 ty\u00f6maa ottaa k\u00e4ytt\u00f6\u00f6ns\u00e4 pienen alueen Orvokkitiest\u00e4. Aluksi aluetta k\u00e4ytet\u00e4\u00e4n ty\u00f6maatarvikkeiden varastointiin.<\/p>\n<p>Varsinaiset rakennusty\u00f6t alkavat alueella my\u00f6hemmin kev\u00e4\u00e4ll\u00e4.<\/p>\n<p>Muutos vaikuttaa jalankulkuun ja py\u00f6r\u00e4ilyyn Tikkuraitin ja Lehdokkitien v\u00e4lisell\u00e4 osuudella Orvokkitiell\u00e4. Poikkeusreitit merkit\u00e4\u00e4n alueelle opasteilla. Py\u00f6r\u00e4\u00e4 on syyt\u00e4 taluttaa ahtaissa kohdissa.<\/p>\n<p>Tikkuraitin yritykset, jotka ovat k\u00e4ytt\u00e4neet Orvokkitiet\u00e4 tavarantoimitukseen, voivat k\u00e4ytt\u00e4\u00e4 Tikkuraitille p\u00e4\u00e4semiseksi reitti\u00e4 Unikkotie\u2013Orvokkitie, Tikkuraitin etel\u00e4puolella.<\/p>\n<p>Kulku kaikkiin alueen yrityksiin ja asuintaloihin s\u00e4ilytet\u00e4\u00e4n koko hankkeen ajan. Jos mahdollista, varaa Tikkuraitin alueella kulkemiseen hieman tavallista enemm\u00e4n aikaa ja seuraa opasteita.<\/p>\n<p>Uudistettu ja viihtyis\u00e4 k\u00e4velykatu on tarkoitus ottaa k\u00e4ytt\u00f6\u00f6n vuoden 2026 loppuun menness\u00e4.<\/p>\n","protected":false},"excerpt":{"rendered":"Talvikkitien ja Peltolantien risteysalueen l\u00e4nsipuolen rakennusty\u00f6t ovat p\u00e4\u00e4osin valmistuneet, ja osuus on avattu ajoneuvoliikenteelle. Asfaltointi ja muut pintarakenteet&hellip;\n","protected":false},"author":2,"featured_media":120679,"comment_status":"","ping_status":"","sticky":false,"template":"","format":"standard","meta":{"footnotes":""},"categories":[5],"tags":[22,23,26,27,33,31,30,17,24,25,28,29,15,18,21,32,19,20,16],"class_list":{"0":"post-120678","1":"post","2":"type-post","3":"status-publish","4":"format-standard","5":"has-post-thumbnail","7":"category-otsikot","8":"tag-breaking-news","9":"tag-breakingnews","10":"tag-featured-news","11":"tag-featurednews","12":"tag-fi","13":"tag-finland","14":"tag-finnish","15":"tag-headlines","16":"tag-latest-news","17":"tag-latestnews","18":"tag-main-news","19":"tag-mainnews","20":"tag-news","21":"tag-otsikot","22":"tag-paauutiset","23":"tag-suomi","24":"tag-top-stories","25":"tag-topstories","26":"tag-uutiset"},"share_on_mastodon":{"url":"https:\/\/pubeurope.com\/@fi\/115746798468077961","error":""},"_links":{"self":[{"href":"https:\/\/www.europesays.com\/fi\/wp-json\/wp\/v2\/posts\/120678","targetHints":{"allow":["GET"]}}],"collection":[{"href":"https:\/\/www.europesays.com\/fi\/wp-json\/wp\/v2\/posts"}],"about":[{"href":"https:\/\/www.europesays.com\/fi\/wp-json\/wp\/v2\/types\/post"}],"author":[{"embeddable":true,"href":"https:\/\/www.europesays.com\/fi\/wp-json\/wp\/v2\/users\/2"}],"replies":[{"embeddable":true,"href":"https:\/\/www.europesays.com\/fi\/wp-json\/wp\/v2\/comments?post=120678"}],"version-history":[{"count":0,"href":"https:\/\/www.europesays.com\/fi\/wp-json\/wp\/v2\/posts\/120678\/revisions"}],"wp:featuredmedia":[{"embeddable":true,"href":"https:\/\/www.europesays.com\/fi\/wp-json\/wp\/v2\/media\/120679"}],"wp:attachment":[{"href":"https:\/\/www.europesays.com\/fi\/wp-json\/wp\/v2\/media?parent=120678"}],"wp:term":[{"taxonomy":"category","embeddable":true,"href":"https:\/\/www.europesays.com\/fi\/wp-json\/wp\/v2\/categories?post=120678"},{"taxonomy":"post_tag","embeddable":true,"href":"https:\/\/www.europesays.com\/fi\/wp-json\/wp\/v2\/tags?post=120678"}],"curies":[{"name":"wp","href":"https:\/\/api.w.org\/{rel}","templated":true}]}}