{"id":120698,"date":"2025-12-19T15:31:19","date_gmt":"2025-12-19T15:31:19","guid":{"rendered":"https:\/\/www.europesays.com\/fi\/120698\/"},"modified":"2025-12-19T15:31:19","modified_gmt":"2025-12-19T15:31:19","slug":"sara-chafak-ottaa-kantaa-missikohuun-sekoitettiin-sarah-dzafceen","status":"publish","type":"post","link":"https:\/\/www.europesays.com\/fi\/120698\/","title":{"rendered":"Sara Chafak ottaa kantaa missikohuun \u2013 sekoitettiin Sarah Dzafceen"},"content":{"rendered":"<p>Sara Chafak on joutunut selvent\u00e4m\u00e4\u00e4n somejulkaisussaan, ettei ole Sarah Dzafce.<\/p>\n<p>N\u00e4ill\u00e4 sanoilla Sarah Dzafce ilmoitti kruunusta luopumisestaan.<\/p>\n<p class=\"article-body mb-nof-24 px-nof-16\">Vuoden 2012 Miss Suomi <a class=\"article-personlink\" href=\"https:\/\/www.is.fi\/haku\/?query=Sara%20Chafak\" rel=\"nofollow noopener\" target=\"_blank\">Sara Chafak<\/a> on kirjoittanut tiukan kannanoton liittyen viime viikkojen rasismikohuun. H\u00e4n kertoo <a class=\"article-genericlink\" href=\"https:\/\/www.instagram.com\/p\/DScnYBmiBgs\/?hl=fi&amp;img_index=1\" rel=\"nofollow noopener\" target=\"_blank\">Instagram-julkaisussaan<\/a>, ett\u00e4 h\u00e4net on raahattu tahtomattaan kohuun mukaan, sill\u00e4 h\u00e4net on sekoitettu kruununsa menett\u00e4neeseen Miss Suomeen <a class=\"article-personlink\" href=\"https:\/\/www.is.fi\/haku\/?query=Sarah%20Dzafceen\" rel=\"nofollow noopener\" target=\"_blank\">Sarah Dzafceen<\/a>.<\/p>\n<p class=\"article-body mb-nof-24 px-nof-16\">\u2013 En halunnut astua t\u00e4h\u00e4n kohuun, mutta minua vedet\u00e4\u00e4n siihen mukaan, Chafak aloittaa englanninkielisen tekstins\u00e4.<\/p>\n<p class=\"article-body mb-nof-24 px-nof-16\">Chafak kertoo ensin julkaisussaan kokeneensa koko el\u00e4m\u00e4ns\u00e4 ajan rasismia ja ennakkoluuloja suomalais\u00admarokkolaisena naisena. H\u00e4n on seurannut viime aikojen tapahtumia huolestuneena.<\/p>\n<p class=\"article-body mb-nof-24 px-nof-16\">\u2013 H\u00e4lytt\u00e4vint\u00e4 t\u00e4ss\u00e4 tilanteessa on, ett\u00e4 medialukutaito on romahtanut t\u00e4ysin. Faktoja ei tarkasteta. Nimi\u00e4 ei tarkisteta. Kontekstia ei huomioida, Chafak kirjoittaa.<\/p>\n<p><img decoding=\"async\" src=\"https:\/\/www.europesays.com\/fi\/wp-content\/uploads\/2025\/12\/1766158276_650_468.jpg\" alt=\"Sara Chafak on vuoden 2012 Miss Suomi. Kuva vuodelta 2024.\" class=\"_Img_1rerz_1\" style=\"aspect-ratio:1.5\" loading=\"eager\"\/><\/p>\n<p class=\"article-picture-caption\">Sara Chafak on vuoden 2012 Miss Suomi. Kuva vuodelta 2024. Kuva:\u00a0Aleksi Jalava \/ IS<\/p>\n<p><img decoding=\"async\" src=\"https:\/\/www.europesays.com\/fi\/wp-content\/uploads\/2025\/12\/1765771269_6_468.jpg\" alt=\"Sarah Dzafce menetti missikruununsa kuvakohun takia.\" class=\"_Img_1rerz_1\" style=\"aspect-ratio:1.5\" loading=\"eager\"\/><\/p>\n<p class=\"article-picture-caption\">Sarah Dzafce menetti missikruununsa kuvakohun takia. Kuva:\u00a0Ivan Bessedin<\/p>\n<p class=\"article-body mb-nof-24 px-nof-16\">H\u00e4n syytt\u00e4\u00e4 ihmisi\u00e4 disinformaation levitt\u00e4misest\u00e4. Chafak selvent\u00e4\u00e4, ett\u00e4 h\u00e4n on eri henkil\u00f6 kuin rasismikohun k\u00e4ynnist\u00e4nyt entinen Miss Suomi Dzafce.<\/p>\n<p class=\"article-body mb-nof-24 px-nof-16\">\u2013 Silti koska monet eiv\u00e4t vaivaudu lukemaan, tutkimaan asioita tai ajattelemaan kriittisesti, otan nyt vastaan rasistista vihaa, loukkauksia ja syyt\u00f6ksi\u00e4 asioista, joita en ole tehnyt, Chafak kirjoittaa julkaisussaan.<\/p>\n<p class=\"article-body mb-nof-24 px-nof-16\">Kohu alkoi, kun Miss Suomeksi valitusta Dzafcesta levisi kuvakaappaus, jossa h\u00e4n venytt\u00e4\u00e4 silm\u00e4kulmiaan tavalla, joka on tulkittavissa rasistiseksi eleeksi. Kun Dzafce oli joutunut luopumaan missitittelist\u00e4\u00e4n, kaksi perussuomalaisten kansanedustajaa, <a class=\"article-personlink\" href=\"https:\/\/www.is.fi\/haku\/?query=Juho%20Eerola\" rel=\"nofollow noopener\" target=\"_blank\">Juho Eerola<\/a> ja <a class=\"article-personlink\" href=\"https:\/\/www.is.fi\/haku\/?query=Kaisa%20Garedew\" rel=\"nofollow noopener\" target=\"_blank\">Kaisa Garedew<\/a>, julkaisivat itsest\u00e4\u00e4n kuvat, joissa he venytt\u00e4v\u00e4t silmi\u00e4\u00e4n.<\/p>\n<p class=\"article-body mb-nof-24 px-nof-16\">Chafak nostaa esiin my\u00f6s tapahtumien viimeaikaiset poliittiset ulottuvuudet.<\/p>\n<p class=\"article-body mb-nof-24 px-nof-16\">\u2013 T\u00e4m\u00e4 ei ole pelkk\u00e4 v\u00e4\u00e4rinymm\u00e4rrys, vaan maailmanlaajuisella n\u00e4ytt\u00e4m\u00f6ll\u00e4 tapahtuvaa vastuutonta k\u00e4yt\u00f6st\u00e4 vaaleilla valituilta vallank\u00e4ytt\u00e4jilt\u00e4, Chafak jyr\u00e4ht\u00e4\u00e4.<\/p>\n<p class=\"article-body mb-nof-24 px-nof-16\">Chafak kokee, ett\u00e4 kansanedustajien toimet ovat vahingoittaneet Suomen mainetta kansainv\u00e4lisesti.<\/p>\n<p class=\"article-body mb-nof-24 px-nof-16\">H\u00e4nen mielest\u00e4\u00e4n poliitikkojen, \u201djotka tiedostaen toistavat rasistisia tekoja\u201d, tulisi k\u00e4rsi\u00e4 tekojensa seurauksena oman asemansa menett\u00e4minen samalla tavalla kuin k\u00e4vi Miss Suomelle.<\/p>\n<p class=\"article-body mb-nof-24 px-nof-16\">\u2013 Olen vihainen. En \u201dcancel-kulttuurin\u201d takia, vaan koska tiet\u00e4m\u00e4tt\u00f6myytt\u00e4 vain palkitaan samalla, kun v\u00e4hemmist\u00f6t maksavat hinnan.<\/p>\n<p class=\"article-body mb-nof-24 px-nof-16\">Chafakin julkaisun kommentoijien joukossa on Miss Suomi -kilpailua j\u00e4rjest\u00e4v\u00e4n Finnartist Oy:n toimitusjohtaja <a class=\"article-personlink\" href=\"https:\/\/www.is.fi\/haku\/?query=Sunneva%20Sj%C3%B6gren\" rel=\"nofollow noopener\" target=\"_blank\">Sunneva Sj\u00f6gren<\/a>.<\/p>\n<p class=\"article-body mb-nof-24 px-nof-16\">\u2013 Olet yksi kilteimmist\u00e4 ja upeimmista ihmisist\u00e4 maailmassa. Olen niin pahoillani, ett\u00e4 sinut on vedetty mukaan t\u00e4h\u00e4n tilanteeseen t\u00e4ysin viattomana henkil\u00f6n\u00e4, Sj\u00f6gren kommentoi.<\/p>\n<p><script async src=\"\/\/www.instagram.com\/embed.js\"><\/script><\/p>\n","protected":false},"excerpt":{"rendered":"Sara Chafak on joutunut selvent\u00e4m\u00e4\u00e4n somejulkaisussaan, ettei ole Sarah Dzafce. N\u00e4ill\u00e4 sanoilla Sarah Dzafce ilmoitti kruunusta luopumisestaan. Vuoden&hellip;\n","protected":false},"author":2,"featured_media":120699,"comment_status":"","ping_status":"","sticky":false,"template":"","format":"standard","meta":{"footnotes":""},"categories":[136],"tags":[407,137,33,31,30,34,408,32,109],"class_list":{"0":"post-120698","1":"post","2":"type-post","3":"status-publish","4":"format-standard","5":"has-post-thumbnail","7":"category-julkkikset","8":"tag-celebrities","9":"tag-entertainment","10":"tag-fi","11":"tag-finland","12":"tag-finnish","13":"tag-ilta-sanomat","14":"tag-julkkikset","15":"tag-suomi","16":"tag-viihde"},"share_on_mastodon":{"url":"https:\/\/pubeurope.com\/@fi\/115746956381248599","error":""},"_links":{"self":[{"href":"https:\/\/www.europesays.com\/fi\/wp-json\/wp\/v2\/posts\/120698","targetHints":{"allow":["GET"]}}],"collection":[{"href":"https:\/\/www.europesays.com\/fi\/wp-json\/wp\/v2\/posts"}],"about":[{"href":"https:\/\/www.europesays.com\/fi\/wp-json\/wp\/v2\/types\/post"}],"author":[{"embeddable":true,"href":"https:\/\/www.europesays.com\/fi\/wp-json\/wp\/v2\/users\/2"}],"replies":[{"embeddable":true,"href":"https:\/\/www.europesays.com\/fi\/wp-json\/wp\/v2\/comments?post=120698"}],"version-history":[{"count":0,"href":"https:\/\/www.europesays.com\/fi\/wp-json\/wp\/v2\/posts\/120698\/revisions"}],"wp:featuredmedia":[{"embeddable":true,"href":"https:\/\/www.europesays.com\/fi\/wp-json\/wp\/v2\/media\/120699"}],"wp:attachment":[{"href":"https:\/\/www.europesays.com\/fi\/wp-json\/wp\/v2\/media?parent=120698"}],"wp:term":[{"taxonomy":"category","embeddable":true,"href":"https:\/\/www.europesays.com\/fi\/wp-json\/wp\/v2\/categories?post=120698"},{"taxonomy":"post_tag","embeddable":true,"href":"https:\/\/www.europesays.com\/fi\/wp-json\/wp\/v2\/tags?post=120698"}],"curies":[{"name":"wp","href":"https:\/\/api.w.org\/{rel}","templated":true}]}}