{"id":120700,"date":"2025-12-19T15:38:09","date_gmt":"2025-12-19T15:38:09","guid":{"rendered":"https:\/\/www.europesays.com\/fi\/120700\/"},"modified":"2025-12-19T15:38:09","modified_gmt":"2025-12-19T15:38:09","slug":"jalkapallo-hjk-valittaa-palloliitolta-saamastaan-rangaistuksesta-hs-fi","status":"publish","type":"post","link":"https:\/\/www.europesays.com\/fi\/120700\/","title":{"rendered":"Jalkapallo | HJK valittaa Palloliitolta saamastaan rangaistuksesta &#8211; HS.fi"},"content":{"rendered":"<ol>\n<li><a href=\"https:\/\/news.google.com\/rss\/articles\/CBMiXEFVX3lxTFBJdDNiRHFrcndmNGNLdHhkeFZjZnl0TWw5bWJNT3AtX1RhQUtrcWoxRWlhWjNvQ3h0V3V3X2RDR2NGUmVyT1NEMlhFYkZBSjFvNW0xbzlFU2pZVHpZ?oc=5\" target=\"_blank\" rel=\"nofollow noopener\">Jalkapallo | HJK valittaa Palloliitolta saamastaan rangaistuksesta<\/a>&nbsp;&nbsp;HS.fi<\/li>\n<li><a href=\"https:\/\/news.google.com\/rss\/articles\/CBMiQkFVX3lxTE9IWjV2cDItOHlnMXJTWS00bWNqVzVaUkt2ZVZKMkVmZWRnSTgtS0htMHZqcktXTktFY01lQjBqdHB3UQ?oc=5\" target=\"_blank\" rel=\"nofollow noopener\">HJK valittaa: Koko stadionin sulkeminen on kohtuutonta<\/a>&nbsp;&nbsp;Yle<\/li>\n<li><a href=\"https:\/\/news.google.com\/rss\/articles\/CBMiZkFVX3lxTE4yOVhOdmZycjlXRVNNemlFd25yRnRrRVJiTmZlOHhBRldfYXVRRktzTlZDbGE4aFhyRGw2YlRRTWZTUkRBUk9UcE9vbXFILWp0d21HZ1RIdmFxdVdOMDBqUzR6VmVBUQ?oc=5\" target=\"_blank\" rel=\"nofollow noopener\">HJK:lle kova rangaistus katsomoh\u00e4irik\u00f6innist\u00e4<\/a>&nbsp;&nbsp;Aamulehti<\/li>\n<li><a href=\"https:\/\/news.google.com\/rss\/articles\/CBMigwFBVV95cUxORFBGakpwaW1RNVFTZ3BKSzhtaTQ5aW12Rm9RZmpHa3U2N1pObW9pRjNmc3EzZlNlVks4ODU4blFDYXBBei1ueWdLRm9NczZKZ0RRWDJ2c2h0ZUd4TURMR0NsSWZrRHRZTW9ONHNpNGFrc3ZVLTVmN1R2T2lsOFVvTk9kVQ?oc=5\" target=\"_blank\" rel=\"nofollow noopener\">HJK:lle rangaistus \u2013 Pelaa tyhjille katsomoille<\/a>&nbsp;&nbsp;Iltalehti<\/li>\n<li><a href=\"https:\/\/news.google.com\/rss\/articles\/CBMitAFBVV95cUxPX0dRV2R6NXhjcEluTWpQZVZkN1JyLUZ5a1Z1THV3S3lkN3A0NEE2dlJ0UV90bW5pdHFQUGs1T2t1MmtWMlVPRlQzQnhiV3VxVkdMSnhNcGRIX050OW1MMDluUkxGVUlHS05ydjR2ZFJUM0luQUprWjdleFdvdzZhYVRDQTNTamo4djliSTBXcHZ3LUJlZVRla1dGcW9uUTZoeGhrQ0dFcE45Zl9uNFVIWlFqOXI?oc=5\" target=\"_blank\" rel=\"nofollow noopener\">Kurinpitop\u00e4\u00e4t\u00f6s Veikkausliigaottelun HJK \u2013 KuPS tapahtumista<\/a>&nbsp;&nbsp;Palloliitto.fi<\/li>\n<\/ol>\n","protected":false},"excerpt":{"rendered":"Jalkapallo | HJK valittaa Palloliitolta saamastaan rangaistuksesta&nbsp;&nbsp;HS.fi HJK valittaa: Koko stadionin sulkeminen on kohtuutonta&nbsp;&nbsp;Yle HJK:lle kova rangaistus katsomoh\u00e4irik\u00f6innist\u00e4&nbsp;&nbsp;Aamulehti&hellip;\n","protected":false},"author":2,"featured_media":120701,"comment_status":"","ping_status":"","sticky":false,"template":"","format":"standard","meta":{"footnotes":""},"categories":[158],"tags":[33,31,30,46,159,32,160],"class_list":{"0":"post-120700","1":"post","2":"type-post","3":"status-publish","4":"format-standard","5":"has-post-thumbnail","7":"category-urheilu","8":"tag-fi","9":"tag-finland","10":"tag-finnish","11":"tag-helsingin-sanomat","12":"tag-sports","13":"tag-suomi","14":"tag-urheilu"},"share_on_mastodon":{"url":"https:\/\/pubeurope.com\/@fi\/115746983319462836","error":""},"_links":{"self":[{"href":"https:\/\/www.europesays.com\/fi\/wp-json\/wp\/v2\/posts\/120700","targetHints":{"allow":["GET"]}}],"collection":[{"href":"https:\/\/www.europesays.com\/fi\/wp-json\/wp\/v2\/posts"}],"about":[{"href":"https:\/\/www.europesays.com\/fi\/wp-json\/wp\/v2\/types\/post"}],"author":[{"embeddable":true,"href":"https:\/\/www.europesays.com\/fi\/wp-json\/wp\/v2\/users\/2"}],"replies":[{"embeddable":true,"href":"https:\/\/www.europesays.com\/fi\/wp-json\/wp\/v2\/comments?post=120700"}],"version-history":[{"count":0,"href":"https:\/\/www.europesays.com\/fi\/wp-json\/wp\/v2\/posts\/120700\/revisions"}],"wp:featuredmedia":[{"embeddable":true,"href":"https:\/\/www.europesays.com\/fi\/wp-json\/wp\/v2\/media\/120701"}],"wp:attachment":[{"href":"https:\/\/www.europesays.com\/fi\/wp-json\/wp\/v2\/media?parent=120700"}],"wp:term":[{"taxonomy":"category","embeddable":true,"href":"https:\/\/www.europesays.com\/fi\/wp-json\/wp\/v2\/categories?post=120700"},{"taxonomy":"post_tag","embeddable":true,"href":"https:\/\/www.europesays.com\/fi\/wp-json\/wp\/v2\/tags?post=120700"}],"curies":[{"name":"wp","href":"https:\/\/api.w.org\/{rel}","templated":true}]}}