{"id":120704,"date":"2025-12-19T15:40:11","date_gmt":"2025-12-19T15:40:11","guid":{"rendered":"https:\/\/www.europesays.com\/fi\/120704\/"},"modified":"2025-12-19T15:40:11","modified_gmt":"2025-12-19T15:40:11","slug":"eduskunta-antoi-joulurahaa-myos-sikaruton-torjuntaan-jaetaan-villisikojen-metsastykseen-pohjanmaa","status":"publish","type":"post","link":"https:\/\/www.europesays.com\/fi\/120704\/","title":{"rendered":"Eduskunta antoi joulurahaa my\u00f6s sikaruton torjuntaan \u2013 jaetaan villisikojen mets\u00e4stykseen | Pohjanmaa"},"content":{"rendered":"<p class=\"aw-1gybjub aw-5vja16 kEtdKx kmuxyA yle__article__paragraph\">M\u00e4\u00e4r\u00e4rahaa villisioilla esiintyv\u00e4n afrikkalaisen sikaruton hillitsemiseksi on jaettu aiemminkin.<\/p>\n<p><img decoding=\"async\" alt=\"Aikuinen villisikaemo luonnossa pentueensa kanssa. \" src=\"https:\/\/www.europesays.com\/fi\/wp-content\/uploads\/2025\/12\/39-154014568f23b8232091.jpeg\" class=\"aw-1l9m598 hKVVvP\"\/><\/p>\n<p>Avaa kuvien katselu<\/p>\n<p>Villisikoja on Suomessa t\u00e4ll\u00e4 hetkell\u00e4 noin 2500. Kanta pyrit\u00e4\u00e4n pit\u00e4m\u00e4\u00e4n kurissa afrikkalaisen sikaruton maahantulon torjumiseksi. Sikaruttoa on tavattu ainakin naapurimaissamme Virossa ja Ven\u00e4j\u00e4ll\u00e4. Kuva: Alamy \/All Over Press<\/p>\n<p class=\"aw-1gybjub aw-1p7kakr kEtdKx cEmitX yle__article__paragraph\">Eduskunnan joulun alla my\u00f6nt\u00e4miss\u00e4 jakovaroissa eli niin sanotuissa joululahjarahoissa on mukana rahaa my\u00f6s sikaruton torjuntaan.<\/p>\n<p class=\"aw-1gybjub aw-1p7kakr kEtdKx cEmitX yle__article__paragraph\">100 000 euron suuruinen summa menee Suomen Sikatilayritt\u00e4j\u00e4t ry:lle joka on jo pidemp\u00e4\u00e4n yritt\u00e4nyt hillit\u00e4 afrikkalaisen sikaruton levi\u00e4mist\u00e4 Suomeen.<\/p>\n<p class=\"aw-1gybjub aw-1p7kakr kEtdKx cEmitX yle__article__paragraph\">Yhdistys maksaa mets\u00e4stysseuroille ymp\u00e4ri Suomen toiminta-avustusta pyydetyist\u00e4 villisioista.<\/p>\n<p class=\"aw-1gybjub aw-1p7kakr kEtdKx cEmitX yle__article__paragraph\">Avustuksella halutaan kannustaa mets\u00e4st\u00e4ji\u00e4 kotimaisen villisikakannan nykyist\u00e4 tehokkaampaan rajoittamiseen.<\/p>\n<p class=\"aw-1gybjub aw-1p7kakr kEtdKx cEmitX yle__article__paragraph\">\u2013 T\u00e4m\u00e4 raha ei mene yksitt\u00e4iselle mets\u00e4st\u00e4j\u00e4lle vaan mets\u00e4stysseuralle, joka pit\u00e4\u00e4 huolen siit\u00e4 ett\u00e4 villisikakanta pysyisi kohtuullisella tasolla, sanoo <strong class=\"aw-ak79eh KyCXm yle__article__strong\">Peter \u00d6stman<\/strong> (kd.), yksi m\u00e4\u00e4r\u00e4rahaa ajaneista kansanedustajista.<\/p>\n<p class=\"aw-1gybjub aw-1p7kakr kEtdKx cEmitX yle__article__paragraph\">Mets\u00e4stysseuroille maksettavan toiminta-avustuksen lis\u00e4ksi mets\u00e4st\u00e4j\u00e4t voivat saada korvausta my\u00f6s Ruokavirastolle l\u00e4hetetyist\u00e4 villisikan\u00e4ytteist\u00e4.<\/p>\n<p class=\"aw-1gybjub aw-1p7kakr kEtdKx cEmitX yle__article__paragraph\">Suomen Sikatilayritt\u00e4jien kanssa yhteisty\u00f6t\u00e4 tekev\u00e4t my\u00f6s Atrian, HK:n ja Snellmannin lihatalot.<\/p>\n<p class=\"aw-1gybjub aw-1p7kakr kEtdKx cEmitX yle__article__paragraph\">Valtiovarainvaliokunnan laatima lis\u00e4yslista on t\u00e4n\u00e4 vuonna yhteens\u00e4 40 miljoonan suuruinen, mik\u00e4 on noin kymmenisen miljoonaa edellisvuosia v\u00e4hemm\u00e4n.<\/p>\n<p class=\"aw-1gybjub aw-1p7kakr kEtdKx cEmitX yle__article__paragraph\"><strong class=\"aw-ak79eh KyCXm yle__article__strong\">Kauhajokelainen Mervi Piispanen onnistui lokakuussa 2024 kuvaamaan suuren villisikalauman Isojoella Etel\u00e4-Pohjanmaalla.<\/strong><\/p>\n","protected":false},"excerpt":{"rendered":"M\u00e4\u00e4r\u00e4rahaa villisioilla esiintyv\u00e4n afrikkalaisen sikaruton hillitsemiseksi on jaettu aiemminkin. Avaa kuvien katselu Villisikoja on Suomessa t\u00e4ll\u00e4 hetkell\u00e4 noin&hellip;\n","protected":false},"author":2,"featured_media":120705,"comment_status":"","ping_status":"","sticky":false,"template":"","format":"standard","meta":{"footnotes":""},"categories":[112],"tags":[4115,4653,404,1377,33,31,30,451,71,21750,449,118,32,119,9882],"class_list":{"0":"post-120704","1":"post","2":"type-post","3":"status-publish","4":"format-standard","5":"has-post-thumbnail","7":"category-tiede","8":"tag-budjetit","9":"tag-eduskunta","10":"tag-elaimet","11":"tag-etela-pohjanmaa","12":"tag-fi","13":"tag-finland","14":"tag-finnish","15":"tag-keski-pohjanmaa","16":"tag-kotimaa","17":"tag-maararahat","18":"tag-pohjanmaa","19":"tag-science","20":"tag-suomi","21":"tag-tiede","22":"tag-villisika"},"share_on_mastodon":{"url":"https:\/\/pubeurope.com\/@fi\/115746991350729866","error":""},"_links":{"self":[{"href":"https:\/\/www.europesays.com\/fi\/wp-json\/wp\/v2\/posts\/120704","targetHints":{"allow":["GET"]}}],"collection":[{"href":"https:\/\/www.europesays.com\/fi\/wp-json\/wp\/v2\/posts"}],"about":[{"href":"https:\/\/www.europesays.com\/fi\/wp-json\/wp\/v2\/types\/post"}],"author":[{"embeddable":true,"href":"https:\/\/www.europesays.com\/fi\/wp-json\/wp\/v2\/users\/2"}],"replies":[{"embeddable":true,"href":"https:\/\/www.europesays.com\/fi\/wp-json\/wp\/v2\/comments?post=120704"}],"version-history":[{"count":0,"href":"https:\/\/www.europesays.com\/fi\/wp-json\/wp\/v2\/posts\/120704\/revisions"}],"wp:featuredmedia":[{"embeddable":true,"href":"https:\/\/www.europesays.com\/fi\/wp-json\/wp\/v2\/media\/120705"}],"wp:attachment":[{"href":"https:\/\/www.europesays.com\/fi\/wp-json\/wp\/v2\/media?parent=120704"}],"wp:term":[{"taxonomy":"category","embeddable":true,"href":"https:\/\/www.europesays.com\/fi\/wp-json\/wp\/v2\/categories?post=120704"},{"taxonomy":"post_tag","embeddable":true,"href":"https:\/\/www.europesays.com\/fi\/wp-json\/wp\/v2\/tags?post=120704"}],"curies":[{"name":"wp","href":"https:\/\/api.w.org\/{rel}","templated":true}]}}