{"id":120706,"date":"2025-12-19T15:42:11","date_gmt":"2025-12-19T15:42:11","guid":{"rendered":"https:\/\/www.europesays.com\/fi\/120706\/"},"modified":"2025-12-19T15:42:11","modified_gmt":"2025-12-19T15:42:11","slug":"avoin-kirje-kansalaisjarjestojen-ohjelmamuotoisen-kehitysyhteistyorahoituksen-paatosprosessin-selvittaminen","status":"publish","type":"post","link":"https:\/\/www.europesays.com\/fi\/120706\/","title":{"rendered":"Avoin kirje: Kansalaisj\u00e4rjest\u00f6jen ohjelmamuotoisen kehitysyhteisty\u00f6rahoituksen p\u00e4\u00e4t\u00f6sprosessin selvitt\u00e4minen"},"content":{"rendered":"<p>Jakelu: valtioneuvoston raha-asiainvaliokunnan j\u00e4senet, ulkoministeri\u00f6n kehityspoliittisen osaston johto ja kansalaisyhteiskuntayksikk\u00f6<\/p>\n<p>Ulkoministeri\u00f6 my\u00f6nsi 4.12.2025 kehitysyhteisty\u00f6n ohjelmatukea 23 kansalaisj\u00e4rjest\u00f6lle yhteens\u00e4 311 miljoonaa euroa vuosille 2026\u20132029. Ohjelmatukij\u00e4rjest\u00f6t toimivat kymmeniss\u00e4 maissa eri puolilla maailmaa, toteuttaen osaltaan Suomen kehityspolitiikkaa.<\/p>\n<p>P\u00e4\u00e4t\u00f6sten esittelij\u00e4t j\u00e4ttiv\u00e4t kuuteen ohjelmatukip\u00e4\u00e4t\u00f6kseen eri\u00e4v\u00e4t mielipiteet. Ne kaikki liittyv\u00e4t Suomen Ammattiliittojen Solidaarisuuskeskus SASK:n tuen v\u00e4hent\u00e4miseen.<\/p>\n<p>V\u00e4hennys on l\u00e4hes 40 prosenttia virkahenkil\u00f6iden esitt\u00e4m\u00e4\u00e4n my\u00f6nt\u00f6\u00f6n verrattuna, ja on tehty virkailijoiden mukaan puutteellisin perustein.<\/p>\n<p>Ohjelmatukip\u00e4\u00e4t\u00f6kset tehtiin ulkoministeri\u00f6n aiemmin ilmoittamasta aikataulusta my\u00f6h\u00e4styneen\u00e4. J\u00e4rjest\u00f6t saivat p\u00e4\u00e4t\u00f6kset ajallisesti hyvin l\u00e4hell\u00e4 ohjelmakauden vaihdosta. Ohjelmakausien vaihdokseen liittyy j\u00e4rjest\u00f6ill\u00e4 runsaasti hallintoon, sis\u00e4ll\u00f6lliseen suunnitteluun ja kumppanuuksiin liittyv\u00e4\u00e4 ty\u00f6t\u00e4.<\/p>\n<p>Katsomme, ett\u00e4 julkiset rahoitusp\u00e4\u00e4t\u00f6kset tulee valmistella hyv\u00e4n hallinnon periaatteiden mukaisesti, hakijoille kohtuullisella ja ennakoitavalla aikataululla sek\u00e4 mahdollisimman avoimesti, tasapuolisesti ja johdonmukaisesti. Tapahtuneen p\u00e4\u00e4t\u00f6ksentekoprosessin selvitt\u00e4minen sek\u00e4 raha-asianvaliokunnalle itselleen ett\u00e4 keskeisille asiaan liittyville sidosryhmille tukisi n\u00e4iden periaatteiden toteutumista.<\/p>\n<p><strong>Toivomme t\u00e4ss\u00e4 kirjeess\u00e4 esitt\u00e4miimme huomioihin vastausta raha-asiainvaliokunnalta tai sen osoittamilta virkailijoilta alla ilmoitetuille verkoston yhteyshenkil\u00f6ille.<\/strong><\/p>\n<p>Ohjelmatukij\u00e4rjest\u00f6jen verkoston puolesta verkoston puheenjohtajat<\/p>\n<p>Auli Starck\u00a0\u00a0\u00a0\u00a0\u00a0\u00a0\u00a0\u00a0\u00a0\u00a0\u00a0\u00a0\u00a0\u00a0\u00a0\u00a0\u00a0\u00a0\u00a0\u00a0\u00a0\u00a0\u00a0\u00a0\u00a0\u00a0\u00a0\u00a0\u00a0\u00a0\u00a0 \u00a0\u00a0\u00a0\u00a0\u00a0\u00a0\u00a0\u00a0\u00a0\u00a0\u00a0\u00a0\u00a0\u00a0\u00a0\u00a0\u00a0\u00a0\u00a0\u00a0\u00a0\u00a0\u00a0\u00a0\u00a0 Kim Remitz<\/p>\n<p>toiminnanjohtaja, Taksv\u00e4rkki ry\u00a0\u00a0\u00a0\u00a0\u00a0\u00a0\u00a0\u00a0\u00a0\u00a0\u00a0\u00a0\u00a0\u00a0\u00a0\u00a0\u00a0\u00a0 Toiminnanjohtaja, Kansalaisj\u00e4rjest\u00f6jen ihmisoikeuss\u00e4\u00e4ti\u00f6<\/p>\n<p>Yhteystiedot ja lis\u00e4tiedot:<\/p>\n<p>Allekirjoittajat ja Ilmari Nalbantoglu, johtaja, vaikuttaminen ja oppiminen, Suomalaisten kehitysj\u00e4rjest\u00f6jen kattoj\u00e4rjest\u00f6 Fingo<\/p>\n<p>Nalbantoglu: 050\u00a0317 6693 | ilmari.nalbantoglu(a)fingo.fi<\/p>\n","protected":false},"excerpt":{"rendered":"Jakelu: valtioneuvoston raha-asiainvaliokunnan j\u00e4senet, ulkoministeri\u00f6n kehityspoliittisen osaston johto ja kansalaisyhteiskuntayksikk\u00f6 Ulkoministeri\u00f6 my\u00f6nsi 4.12.2025 kehitysyhteisty\u00f6n ohjelmatukea 23 kansalaisj\u00e4rjest\u00f6lle yhteens\u00e4&hellip;\n","protected":false},"author":2,"featured_media":120707,"comment_status":"","ping_status":"","sticky":false,"template":"","format":"standard","meta":{"footnotes":""},"categories":[76],"tags":[79,77,33,31,30,32,78],"class_list":{"0":"post-120706","1":"post","2":"type-post","3":"status-publish","4":"format-standard","5":"has-post-thumbnail","7":"category-talous","8":"tag-business","9":"tag-economy","10":"tag-fi","11":"tag-finland","12":"tag-finnish","13":"tag-suomi","14":"tag-talous"},"share_on_mastodon":{"url":"https:\/\/pubeurope.com\/@fi\/115746999132521549","error":""},"_links":{"self":[{"href":"https:\/\/www.europesays.com\/fi\/wp-json\/wp\/v2\/posts\/120706","targetHints":{"allow":["GET"]}}],"collection":[{"href":"https:\/\/www.europesays.com\/fi\/wp-json\/wp\/v2\/posts"}],"about":[{"href":"https:\/\/www.europesays.com\/fi\/wp-json\/wp\/v2\/types\/post"}],"author":[{"embeddable":true,"href":"https:\/\/www.europesays.com\/fi\/wp-json\/wp\/v2\/users\/2"}],"replies":[{"embeddable":true,"href":"https:\/\/www.europesays.com\/fi\/wp-json\/wp\/v2\/comments?post=120706"}],"version-history":[{"count":0,"href":"https:\/\/www.europesays.com\/fi\/wp-json\/wp\/v2\/posts\/120706\/revisions"}],"wp:featuredmedia":[{"embeddable":true,"href":"https:\/\/www.europesays.com\/fi\/wp-json\/wp\/v2\/media\/120707"}],"wp:attachment":[{"href":"https:\/\/www.europesays.com\/fi\/wp-json\/wp\/v2\/media?parent=120706"}],"wp:term":[{"taxonomy":"category","embeddable":true,"href":"https:\/\/www.europesays.com\/fi\/wp-json\/wp\/v2\/categories?post=120706"},{"taxonomy":"post_tag","embeddable":true,"href":"https:\/\/www.europesays.com\/fi\/wp-json\/wp\/v2\/tags?post=120706"}],"curies":[{"name":"wp","href":"https:\/\/api.w.org\/{rel}","templated":true}]}}