{"id":120708,"date":"2025-12-19T15:43:10","date_gmt":"2025-12-19T15:43:10","guid":{"rendered":"https:\/\/www.europesays.com\/fi\/120708\/"},"modified":"2025-12-19T15:43:10","modified_gmt":"2025-12-19T15:43:10","slug":"ukraina-sanoo-iskeneensa-venajan-varjolaivaston-oljytankkeriin-valimerella","status":"publish","type":"post","link":"https:\/\/www.europesays.com\/fi\/120708\/","title":{"rendered":"Ukraina sanoo iskeneens\u00e4 \u201dVen\u00e4j\u00e4n varjolaivaston\u201d \u00f6ljytankkeriin V\u00e4limerell\u00e4"},"content":{"rendered":"<p>Ukrainan sota|Kyseess\u00e4 on ensimm\u00e4inen Ukrainan toteuttama isku V\u00e4limerell\u00e4.<\/p>\n<p>Lue tiivistelm\u00e4<\/p>\n<p class=\"article-body mb-nof-24 px-nof-16 sndp-summary-bullet-point-font\">Ukraina kertoo iskeneens\u00e4 ilmadroonilla ven\u00e4l\u00e4iseen \u00f6ljytankkeriin V\u00e4limerell\u00e4.<\/p>\n<p class=\"article-body mb-nof-24 px-nof-16 sndp-summary-bullet-point-font\">Ukrainan turvallisuuspalvelun SBU:n mukaan Qendil-niminen tankkeri kuljetti \u00f6ljy\u00e4 pakotteiden kiert\u00e4miseksi ja rahoitti Ven\u00e4j\u00e4n sotaa Ukrainaa vastaan.<\/p>\n<p class=\"article-body mb-nof-24 px-nof-16 sndp-summary-bullet-point-font\">Kyseess\u00e4 on ensimm\u00e4inen Ukrainan toteuttama isku V\u00e4limerell\u00e4 helmikuussa 2022 alkaneen suursodan j\u00e4lkeen.<\/p>\n<p class=\"article-body mb-nof-24 px-nof-16 sndp-summary-bullet-point-font\">Ukraina ilmoitti aiemmin t\u00e4ll\u00e4 viikolla tuhonneensa ven\u00e4l\u00e4isen sukellusveneen meridroonilla Mustallamerell\u00e4 Novorossijskin satamassa.<\/p>\n<p class=\"article-body mb-nof-24 px-nof-16\">Ukraina sanoo tehneens\u00e4 poikkeuksellisen iskun V\u00e4limerell\u00e4 matkannutta Ven\u00e4j\u00e4n varjolaivaston s\u00e4ili\u00f6alusta vastaan, kertovat uutistoimistot Reuters ja AFP sek\u00e4 ukrainalainen Unian-uutistoimisto.<\/p>\n<p class=\"article-body mb-nof-24 px-nof-16\">Unianin mukaan operaatiosta vastasi Ukrainan turvallisuuspalvelu SBU ja iskussa k\u00e4ytettiin ilmadrooneja. Qendil-nimisen tankkerin kerrotaan olleen tyhj\u00e4, joten iskusta ei pit\u00e4isi Ukrainan mukaan koitua haittaa ymp\u00e4rist\u00f6lle.<\/p>\n<p class=\"article-body mb-nof-24 px-nof-16\">Ukrainan mukaan tankkeri olisi k\u00e4rsinyt niin vakavia vahinkoja, ett\u00e4 sit\u00e4 ei voi en\u00e4\u00e4 k\u00e4ytt\u00e4\u00e4 varsinaiseen tarkoitukseensa, Reuters kertoo.<\/p>\n<p class=\"article-body mb-nof-24 px-nof-16\">Ukrainalaiset uutissivustot ovat julkaisseet SBU:n v\u00e4litt\u00e4m\u00e4n videon, jonka kerrotaan n\u00e4ytt\u00e4v\u00e4n iskun.<\/p>\n<p class=\"article-body mb-nof-24 px-nof-16\">MarineTraffic-sivuston <a class=\"article-genericlink\" href=\"https:\/\/www.marinetraffic.com\/en\/ais\/details\/ships\/shipid:753681\" rel=\"nofollow noopener\" target=\"_blank\">mukaan<\/a> Omanin lipun alla matkaavan Qendilin sijainti on kreikkalaisesta Kreetan saaresta lounaaseen.<\/p>\n<p class=\"article-body mb-nof-24 px-nof-16\">\u201dVen\u00e4j\u00e4 k\u00e4ytti t\u00e4t\u00e4 s\u00e4ili\u00f6alusta pakotteiden kiert\u00e4miseen ja ansaitakseen tuloja, jolla rahoitettiin sotaa Ukrainaa vastaan\u201d, SBU:n l\u00e4hde oli kertonut Unianille.<\/p>\n<p class=\"article-body mb-nof-24 px-nof-16\">Ukrainan k\u00e4sityksen mukaan isku on kansainv\u00e4lisen oikeuden n\u00e4k\u00f6kulmasta laillinen. Ukrainan mukaan isku tapahtui kansainv\u00e4lisell\u00e4 merialueella.<\/p>\n<p class=\"article-body mb-nof-24 px-nof-16\">Reutersin mukaan kyseess\u00e4 on ensimm\u00e4inen Ukrainan toteuttama isku V\u00e4limerell\u00e4.<\/p>\n<p class=\"article-body mb-nof-24 px-nof-16\">Ukraina <a class=\"article-genericlink\" href=\"https:\/\/www.hs.fi\/maailma\/art-2000011694599.html\" rel=\"nofollow noopener\" target=\"_blank\">ilmoitti<\/a> aiemmin t\u00e4ll\u00e4 viikolla tuhonneensa ven\u00e4l\u00e4isen sukellusveneen meridroonilla Mustallamerell\u00e4. Turvallisuuspalvelu SBU:n mukaan isku tehtiin maanantaina Novorossijskin satamassa Etel\u00e4-Ven\u00e4j\u00e4ll\u00e4 Mustanmeren rannalla.<\/p>\n<p class=\"article-body mb-nof-24 px-nof-16\">Ukrainan mukaan kyseess\u00e4 oli ensimm\u00e4inen kerta historiassa, kun vedenalainen drooni tuhosi sukellusveneen. Kohteena oli Ukrainan mukaan Kilo-luokan sukellusvene, joka pystyy kantamaan Kalibr-tyyppisi\u00e4 risteilyohjuksia.<\/p>\n","protected":false},"excerpt":{"rendered":"Ukrainan sota|Kyseess\u00e4 on ensimm\u00e4inen Ukrainan toteuttama isku V\u00e4limerell\u00e4. Lue tiivistelm\u00e4 Ukraina kertoo iskeneens\u00e4 ilmadroonilla ven\u00e4l\u00e4iseen \u00f6ljytankkeriin V\u00e4limerell\u00e4. Ukrainan&hellip;\n","protected":false},"author":2,"featured_media":120709,"comment_status":"","ping_status":"","sticky":false,"template":"","format":"standard","meta":{"footnotes":""},"categories":[14],"tags":[22,23,26,27,33,31,30,17,46,24,25,28,29,15,18,21,32,19,20,56,16,59,60,61],"class_list":{"0":"post-120708","1":"post","2":"type-post","3":"status-publish","4":"format-standard","5":"has-post-thumbnail","7":"category-ulkomaat","8":"tag-breaking-news","9":"tag-breakingnews","10":"tag-featured-news","11":"tag-featurednews","12":"tag-fi","13":"tag-finland","14":"tag-finnish","15":"tag-headlines","16":"tag-helsingin-sanomat","17":"tag-latest-news","18":"tag-latestnews","19":"tag-main-news","20":"tag-mainnews","21":"tag-news","22":"tag-otsikot","23":"tag-paauutiset","24":"tag-suomi","25":"tag-top-stories","26":"tag-topstories","27":"tag-ulkomaat","28":"tag-uutiset","29":"tag-world","30":"tag-world-news","31":"tag-worldnews"},"share_on_mastodon":{"url":"https:\/\/pubeurope.com\/@fi\/115747003081058042","error":""},"_links":{"self":[{"href":"https:\/\/www.europesays.com\/fi\/wp-json\/wp\/v2\/posts\/120708","targetHints":{"allow":["GET"]}}],"collection":[{"href":"https:\/\/www.europesays.com\/fi\/wp-json\/wp\/v2\/posts"}],"about":[{"href":"https:\/\/www.europesays.com\/fi\/wp-json\/wp\/v2\/types\/post"}],"author":[{"embeddable":true,"href":"https:\/\/www.europesays.com\/fi\/wp-json\/wp\/v2\/users\/2"}],"replies":[{"embeddable":true,"href":"https:\/\/www.europesays.com\/fi\/wp-json\/wp\/v2\/comments?post=120708"}],"version-history":[{"count":0,"href":"https:\/\/www.europesays.com\/fi\/wp-json\/wp\/v2\/posts\/120708\/revisions"}],"wp:featuredmedia":[{"embeddable":true,"href":"https:\/\/www.europesays.com\/fi\/wp-json\/wp\/v2\/media\/120709"}],"wp:attachment":[{"href":"https:\/\/www.europesays.com\/fi\/wp-json\/wp\/v2\/media?parent=120708"}],"wp:term":[{"taxonomy":"category","embeddable":true,"href":"https:\/\/www.europesays.com\/fi\/wp-json\/wp\/v2\/categories?post=120708"},{"taxonomy":"post_tag","embeddable":true,"href":"https:\/\/www.europesays.com\/fi\/wp-json\/wp\/v2\/tags?post=120708"}],"curies":[{"name":"wp","href":"https:\/\/api.w.org\/{rel}","templated":true}]}}