{"id":120712,"date":"2025-12-19T15:45:14","date_gmt":"2025-12-19T15:45:14","guid":{"rendered":"https:\/\/www.europesays.com\/fi\/120712\/"},"modified":"2025-12-19T15:45:14","modified_gmt":"2025-12-19T15:45:14","slug":"sahkoiseen-viranomaispostiin-siirtyminen-myohastyy-uutisia-lyhyesti","status":"publish","type":"post","link":"https:\/\/www.europesays.com\/fi\/120712\/","title":{"rendered":"S\u00e4hk\u00f6iseen viran\u00adomaispostiin siirtyminen my\u00f6h\u00e4styy | Uutisia lyhyesti"},"content":{"rendered":"<p class=\"aw-1gybjub aw-1p7kakr kEtdKx cEmitX yle__article__paragraph\">S\u00e4hk\u00f6iseen viranomaispostiin ei siirryt\u00e4 viel\u00e4 tammikuussa vaan my\u00f6hemmin ensi vuonna, kertoo <a class=\"aw-iao6s4 iHOxEa yle__article__link\" href=\"https:\/\/vm.fi\/-\/muutoksia-sahkoisen-viranomaispostin-voimaantuloon\" role=\"link\" rel=\"nofollow noopener\" target=\"_blank\">valtiovarainministeri\u00f6<\/a>.<\/p>\n<p class=\"aw-1gybjub aw-1p7kakr kEtdKx cEmitX yle__article__paragraph\">Ministeri\u00f6n mukaan eduskunta ei ehtinyt k\u00e4sitell\u00e4 asiaa alkuper\u00e4isess\u00e4 aikataulussa. Tarkka ajankohta s\u00e4hk\u00f6iseen viranomaispostiin siirtymiselle vahvistuu, kun eduskuntak\u00e4sittely etenee.<\/p>\n<p class=\"aw-1gybjub aw-1p7kakr kEtdKx cEmitX yle__article__paragraph\">Esityksen mukaan viranomaiset l\u00e4hett\u00e4v\u00e4t jatkossa tiedoksiannot ensisijaisesti s\u00e4hk\u00f6isesti. Uudistus ei koske kansalaisia, jotka eiv\u00e4t asioi digitaalisesti eiv\u00e4tk\u00e4 k\u00e4yt\u00e4 Suomi.fi-tunnistusta.<\/p>\n","protected":false},"excerpt":{"rendered":"S\u00e4hk\u00f6iseen viranomaispostiin ei siirryt\u00e4 viel\u00e4 tammikuussa vaan my\u00f6hemmin ensi vuonna, kertoo valtiovarainministeri\u00f6. Ministeri\u00f6n mukaan eduskunta ei ehtinyt k\u00e4sitell\u00e4&hellip;\n","protected":false},"author":2,"featured_media":120713,"comment_status":"","ping_status":"","sticky":false,"template":"","format":"standard","meta":{"footnotes":""},"categories":[5],"tags":[22,23,26,27,33,31,30,17,71,24,25,28,29,15,18,21,32,19,20,16,4645],"class_list":{"0":"post-120712","1":"post","2":"type-post","3":"status-publish","4":"format-standard","5":"has-post-thumbnail","7":"category-otsikot","8":"tag-breaking-news","9":"tag-breakingnews","10":"tag-featured-news","11":"tag-featurednews","12":"tag-fi","13":"tag-finland","14":"tag-finnish","15":"tag-headlines","16":"tag-kotimaa","17":"tag-latest-news","18":"tag-latestnews","19":"tag-main-news","20":"tag-mainnews","21":"tag-news","22":"tag-otsikot","23":"tag-paauutiset","24":"tag-suomi","25":"tag-top-stories","26":"tag-topstories","27":"tag-uutiset","28":"tag-viranomaiset"},"share_on_mastodon":{"url":"https:\/\/pubeurope.com\/@fi\/115747010803694084","error":""},"_links":{"self":[{"href":"https:\/\/www.europesays.com\/fi\/wp-json\/wp\/v2\/posts\/120712","targetHints":{"allow":["GET"]}}],"collection":[{"href":"https:\/\/www.europesays.com\/fi\/wp-json\/wp\/v2\/posts"}],"about":[{"href":"https:\/\/www.europesays.com\/fi\/wp-json\/wp\/v2\/types\/post"}],"author":[{"embeddable":true,"href":"https:\/\/www.europesays.com\/fi\/wp-json\/wp\/v2\/users\/2"}],"replies":[{"embeddable":true,"href":"https:\/\/www.europesays.com\/fi\/wp-json\/wp\/v2\/comments?post=120712"}],"version-history":[{"count":0,"href":"https:\/\/www.europesays.com\/fi\/wp-json\/wp\/v2\/posts\/120712\/revisions"}],"wp:featuredmedia":[{"embeddable":true,"href":"https:\/\/www.europesays.com\/fi\/wp-json\/wp\/v2\/media\/120713"}],"wp:attachment":[{"href":"https:\/\/www.europesays.com\/fi\/wp-json\/wp\/v2\/media?parent=120712"}],"wp:term":[{"taxonomy":"category","embeddable":true,"href":"https:\/\/www.europesays.com\/fi\/wp-json\/wp\/v2\/categories?post=120712"},{"taxonomy":"post_tag","embeddable":true,"href":"https:\/\/www.europesays.com\/fi\/wp-json\/wp\/v2\/tags?post=120712"}],"curies":[{"name":"wp","href":"https:\/\/api.w.org\/{rel}","templated":true}]}}