{"id":120724,"date":"2025-12-19T16:09:08","date_gmt":"2025-12-19T16:09:08","guid":{"rendered":"https:\/\/www.europesays.com\/fi\/120724\/"},"modified":"2025-12-19T16:09:08","modified_gmt":"2025-12-19T16:09:08","slug":"putin-venaja-ei-ole-hyokkaamassa-eurooppaan-kunhan-venajaa-kunnioitetaan","status":"publish","type":"post","link":"https:\/\/www.europesays.com\/fi\/120724\/","title":{"rendered":"Putin: Ven\u00e4j\u00e4 ei ole hy\u00f6kk\u00e4\u00e4m\u00e4ss\u00e4 Eurooppaan, kunhan Ven\u00e4j\u00e4\u00e4 kunnioitetaan"},"content":{"rendered":"<p>Ven\u00e4j\u00e4|Putin kielsi suunnitelmat Eurooppaan hy\u00f6kk\u00e4\u00e4misest\u00e4 yli nelituntisessa lehdist\u00f6tilaisuudessa.<\/p>\n<p>Lue tiivistelm\u00e4<\/p>\n<p class=\"article-body mb-nof-24 px-nof-16 sndp-summary-bullet-point-font\">Ven\u00e4j\u00e4n presidentti Vladimir Putin sanoo, ett\u00e4 Ven\u00e4j\u00e4 voi keskeytt\u00e4\u00e4 iskut syv\u00e4lle Ukrainaan presidentinvaalien ajaksi.<\/p>\n<p class=\"article-body mb-nof-24 px-nof-16 sndp-summary-bullet-point-font\">Putin asetti ehdoksi, ett\u00e4 vaaleihin osallistuminen taataan my\u00f6s Ven\u00e4j\u00e4ll\u00e4 asuville ukrainalaisille, joita h\u00e4nen mukaansa on 5\u201310 miljoonaa.<\/p>\n<p class=\"article-body mb-nof-24 px-nof-16 sndp-summary-bullet-point-font\">Yli nelituntisessa lehdist\u00f6tilaisuudessa Putin kiisti suunnitelmat Eurooppaan hy\u00f6kk\u00e4\u00e4misest\u00e4 ja sanoi, ettei Ven\u00e4j\u00e4 ole vastuussa sodan aloittamisesta.<\/p>\n<p class=\"article-body mb-nof-24 px-nof-16\">Ven\u00e4j\u00e4n presidentin <a class=\"article-personlink\" href=\"https:\/\/www.hs.fi\/haku\/?query=Vladimir%20Putinin\" rel=\"nofollow noopener\" target=\"_blank\">Vladimir Putinin<\/a> perinteinen vuosittainen lehdist\u00f6tilaisuus alkoi Ukrainan sodan k\u00e4sittelyll\u00e4.<\/p>\n<p class=\"article-body mb-nof-24 px-nof-16\">Kahdenkymmenen minuutin ajan Putin kertoi tilanteesta rintamalla. H\u00e4nen mukaansa Ven\u00e4j\u00e4 etenee kaikilla suunnilla.<\/p>\n<p class=\"article-body mb-nof-24 px-nof-16\">Kuitenkin suurin osa tilaisuudesta omistettiin sis\u00e4politiikalle. Ukrainaa ja kansainv\u00e4list\u00e4 politiikkaa koskeviin kysymyksiin Putin vastasi lyhyesti, l\u00e4hinn\u00e4 toistaen Ven\u00e4j\u00e4n propagandan keskeiset narratiivit.<\/p>\n<p class=\"article-body mb-nof-24 px-nof-16\">Tilaisuuden loppupuolella Putinille esitettiin kysymys mahdollisista presidentinvaaleista Ukrainassa. My\u00f6s Ukraina, Yhdysvallat ja Eurooppa keskustelevat aiheesta parhaillaan rauhansuunnitelmaa k\u00e4sitelless\u00e4.<\/p>\n<p class=\"article-body mb-nof-24 px-nof-16\">\u201dOlemme valmiita harkitsemaan, ett\u00e4 pid\u00e4tt\u00e4ytyisimme syv\u00e4lle Ukrainaan ulottuvista iskuista \u00e4\u00e4nestysp\u00e4iv\u00e4n\u00e4,\u201d Putin totesi.<\/p>\n<p class=\"article-body mb-nof-24 px-nof-16\">T\u00e4m\u00e4n lupauksen toteuttamiselle Putin asetti kuitenkin yhden ehdon. H\u00e4n vaati, ett\u00e4 vaaleihin osallistuminen taataan my\u00f6s niille Ukrainan kansalaisille, jotka asuvat t\u00e4ll\u00e4 hetkell\u00e4 Ven\u00e4j\u00e4ll\u00e4. H\u00e4nen arvioidensa mukaan t\u00e4llaisia ihmisi\u00e4 on nyt 5\u201310 miljoonaa.<\/p>\n<p class=\"article-body mb-nof-24 px-nof-16\">Kes\u00e4ll\u00e4 ven\u00e4l\u00e4inen uutistoimisto RBK kertoi, ett\u00e4 Ven\u00e4j\u00e4ll\u00e4 on noin miljoona ukrainalaista pakolaista, jotka l\u00e4htiv\u00e4t maasta helmikuussa 2022 alkaneen laajamittaisen hy\u00f6kk\u00e4yksen j\u00e4lkeen.<\/p>\n<p class=\"article-body mb-nof-24 px-nof-16\">Ennen sodan alkua Ven\u00e4j\u00e4ll\u00e4 asui paljon ukrainalaisia. Heid\u00e4n lukum\u00e4\u00e4r\u00e4st\u00e4\u00e4n ei kuitenkaan ole luotettavia tietoja.<\/p>\n<p class=\"article-body mb-nof-24 px-nof-16\">Lehdist\u00f6tilaisuuden aikana Putin totesi useaan otteeseen, ett\u00e4 Ukrainan konfliktin syyn\u00e4 ovat Ukrainan viranomaisten toimet.<\/p>\n<p class=\"article-body mb-nof-24 px-nof-16\">\u201dEmme pid\u00e4 itse\u00e4mme vastuullisina ihmisten kuolemasta, koska emme aloittaneet t\u00e4t\u00e4 sotaa\u201d, h\u00e4n sanoi.<\/p>\n<p class=\"article-body mb-nof-24 px-nof-16\">BBC:n toimittaja kysyi, aikooko Ven\u00e4j\u00e4 tulevaisuudessa toteuttaa uusia \u201derikoissotilasoperaatioita\u201d.<\/p>\n<p class=\"article-body mb-nof-24 px-nof-16\">\u201dMit\u00e4\u00e4n operaatioita ei tule, jos te [eurooppalaiset] suhtaudutte meihin kunnioittavasti\u201d, Putin vastasi.<\/p>\n<p class=\"article-body mb-nof-24 px-nof-16\">Lis\u00e4ksi h\u00e4n kutsui \u201dh\u00f6lynp\u00f6lyksi\u201d v\u00e4itteit\u00e4 siit\u00e4, ett\u00e4 Ven\u00e4j\u00e4 suunnittelisi hy\u00f6kk\u00e4yst\u00e4 Eurooppaan.<\/p>\n<p class=\"article-body mb-nof-24 px-nof-16\">Putin piti tiedotustilaisuuden perjantaina Moskovassa. Kyseess\u00e4 on perinteinen tapahtuma, jota on j\u00e4rjestetty vuodesta 2001 l\u00e4htien l\u00e4hes joka vuosi. T\u00e4n\u00e4 vuonna se kesti noin nelj\u00e4 ja puoli tuntia.<\/p>\n<p class=\"article-body mb-nof-24 px-nof-16\">Kansalaiset olivat saaneet l\u00e4hett\u00e4\u00e4 Putinille ennalta kysymyksi\u00e4 puhelimitse ja internetiss\u00e4 viimeisen kahden viikon ajan. Lehdist\u00f6\u00adtilaisuuden lopussa ilmoitettiin, ett\u00e4 kysymyksi\u00e4 on tullut yli kolme miljoonaa.<\/p>\n<p class=\"article-body mb-nof-24 px-nof-16\">Lehdist\u00f6tilaisuudessa oli paikalla HS:n kirjeenvaihtaja <a class=\"article-personlink\" href=\"https:\/\/www.hs.fi\/haku\/?query=Maarit%20Uber\" rel=\"nofollow noopener\" target=\"_blank\">Maarit Uber<\/a>.<\/p>\n","protected":false},"excerpt":{"rendered":"Ven\u00e4j\u00e4|Putin kielsi suunnitelmat Eurooppaan hy\u00f6kk\u00e4\u00e4misest\u00e4 yli nelituntisessa lehdist\u00f6tilaisuudessa. Lue tiivistelm\u00e4 Ven\u00e4j\u00e4n presidentti Vladimir Putin sanoo, ett\u00e4 Ven\u00e4j\u00e4 voi&hellip;\n","protected":false},"author":2,"featured_media":120725,"comment_status":"","ping_status":"","sticky":false,"template":"","format":"standard","meta":{"footnotes":""},"categories":[14],"tags":[22,23,26,27,33,31,30,17,46,24,25,28,29,15,18,21,32,19,20,56,16,59,60,61],"class_list":{"0":"post-120724","1":"post","2":"type-post","3":"status-publish","4":"format-standard","5":"has-post-thumbnail","7":"category-ulkomaat","8":"tag-breaking-news","9":"tag-breakingnews","10":"tag-featured-news","11":"tag-featurednews","12":"tag-fi","13":"tag-finland","14":"tag-finnish","15":"tag-headlines","16":"tag-helsingin-sanomat","17":"tag-latest-news","18":"tag-latestnews","19":"tag-main-news","20":"tag-mainnews","21":"tag-news","22":"tag-otsikot","23":"tag-paauutiset","24":"tag-suomi","25":"tag-top-stories","26":"tag-topstories","27":"tag-ulkomaat","28":"tag-uutiset","29":"tag-world","30":"tag-world-news","31":"tag-worldnews"},"share_on_mastodon":{"url":"https:\/\/pubeurope.com\/@fi\/115747105261883477","error":""},"_links":{"self":[{"href":"https:\/\/www.europesays.com\/fi\/wp-json\/wp\/v2\/posts\/120724","targetHints":{"allow":["GET"]}}],"collection":[{"href":"https:\/\/www.europesays.com\/fi\/wp-json\/wp\/v2\/posts"}],"about":[{"href":"https:\/\/www.europesays.com\/fi\/wp-json\/wp\/v2\/types\/post"}],"author":[{"embeddable":true,"href":"https:\/\/www.europesays.com\/fi\/wp-json\/wp\/v2\/users\/2"}],"replies":[{"embeddable":true,"href":"https:\/\/www.europesays.com\/fi\/wp-json\/wp\/v2\/comments?post=120724"}],"version-history":[{"count":0,"href":"https:\/\/www.europesays.com\/fi\/wp-json\/wp\/v2\/posts\/120724\/revisions"}],"wp:featuredmedia":[{"embeddable":true,"href":"https:\/\/www.europesays.com\/fi\/wp-json\/wp\/v2\/media\/120725"}],"wp:attachment":[{"href":"https:\/\/www.europesays.com\/fi\/wp-json\/wp\/v2\/media?parent=120724"}],"wp:term":[{"taxonomy":"category","embeddable":true,"href":"https:\/\/www.europesays.com\/fi\/wp-json\/wp\/v2\/categories?post=120724"},{"taxonomy":"post_tag","embeddable":true,"href":"https:\/\/www.europesays.com\/fi\/wp-json\/wp\/v2\/tags?post=120724"}],"curies":[{"name":"wp","href":"https:\/\/api.w.org\/{rel}","templated":true}]}}