{"id":120726,"date":"2025-12-19T16:10:09","date_gmt":"2025-12-19T16:10:09","guid":{"rendered":"https:\/\/www.europesays.com\/fi\/120726\/"},"modified":"2025-12-19T16:10:09","modified_gmt":"2025-12-19T16:10:09","slug":"pirkkalan-koulupuukotuksen-myontanyt-16-vuotias-poika-oli-syyntakeeton-tuomio-tulee-vuoden-lopussa","status":"publish","type":"post","link":"https:\/\/www.europesays.com\/fi\/120726\/","title":{"rendered":"Pirkkalan koulu\u00adpuukotuksen my\u00f6nt\u00e4nyt 16-vuotias poika oli syyntakeeton \u2013 tuomio tulee vuoden lopussa"},"content":{"rendered":"<p>Teinipoika puukotti toukokuussa kolmea 14-vuotiasta tytt\u00f6\u00e4 V\u00e4h\u00e4j\u00e4rven koulussa Pirkkalassa. Tuomio annetaan vuoden lopussa. Aamulehti seurasi oikeuden\u00adk\u00e4ynti\u00e4 t\u00e4ss\u00e4 p\u00e4ivittyv\u00e4ss\u00e4 jutussa.<\/p>\n<p class=\"article-body mb-nof-24 px-nof-16\">Aamulehti<\/p>\n<p>Lue tiivistelm\u00e4<\/p>\n<p class=\"article-body mb-nof-24 px-nof-16 sndp-summary-bullet-point-font\">Pirkanmaan k\u00e4r\u00e4j\u00e4oikeus katsoi, ett\u00e4 Pirkkalan V\u00e4h\u00e4j\u00e4rven koulussa kolmea 14-vuotiasta tytt\u00f6\u00e4 puukottanut 16-vuotias poika oli tekohetkell\u00e4 syyntakeeton.<\/p>\n<p class=\"article-body mb-nof-24 px-nof-16 sndp-summary-bullet-point-font\">Poika suunnitteli toukokuista tekoa noin puoli vuotta ja teki satoja nettihakuja muun muassa koulusurmista ja puukotuksista.<\/p>\n<p class=\"article-body mb-nof-24 px-nof-16 sndp-summary-bullet-point-font\">K\u00e4r\u00e4j\u00e4oikeus ratkaisee uudenvuoden aattona, olivatko teot murhan vai tapon yrityksi\u00e4, mutta poika j\u00e4tet\u00e4\u00e4n todenn\u00e4k\u00f6isesti tuomitsematta rangaistukseen.<\/p>\n<p class=\"article-body mb-nof-24 px-nof-16\">Pirkkalan V\u00e4h\u00e4j\u00e4rven koulussa kolmea 14-vuotiasta tytt\u00f6\u00e4 puukottanut poika oli tekohetkell\u00e4 syyntakeeton. H\u00e4n ei siis ymm\u00e4rt\u00e4nyt tekoaan.<\/p>\n<p class=\"article-body mb-nof-24 px-nof-16\">20. toukokuuta tapahtunutta koulupuukotusta k\u00e4siteltiin Pirkanmaan k\u00e4r\u00e4j\u00e4oikeudessa perjantaina 19. joulukuuta. Syytt\u00e4j\u00e4 vaatii pojalle ensisijaisesti tuomiota kolmesta murhan yrityksest\u00e4 ja toissijaisesti kolmesta tapon yrityksest\u00e4.<\/p>\n<p class=\"article-body mb-nof-24 px-nof-16\">Poika on my\u00f6nt\u00e4nyt tehneens\u00e4 v\u00e4kivallanteon. Puolustus kuitenkin katsoo, ett\u00e4 teot t\u00e4yttiv\u00e4t tapon yritysten tunnusmerkit.<\/p>\n<p class=\"article-body mb-nof-24 px-nof-16\">Oikeudessa k\u00e4vi ilmi perjantaina, ett\u00e4 poika suunnitteli tekoa noin puoli vuotta. H\u00e4n teki satoja nettihakuja teko\u00e4lyn avulla muun muassa koulusurmista ja puukotuksista. Pelk\u00e4st\u00e4\u00e4n joukkosurmista h\u00e4n teki 80 hakua. Poika oli etuk\u00e4teen selvitt\u00e4nyt ihmisen anatomiaa ja teroittanut puukkoaan.<\/p>\n<p class=\"article-body mb-nof-24 px-nof-16\">Poika valitsi uhreiksi tarkoituksella tytt\u00f6j\u00e4, koska piti heit\u00e4 poikia helpompina uhreina. H\u00e4n valitsi nimenomaan istumassa olleet tyt\u00f6t uhreiksi, koska arvioi, ett\u00e4 he eiv\u00e4t p\u00e4\u00e4se tilanteessa niin helposti pakenemaan.<\/p>\n<p>\u00c4killinen ja yll\u00e4tt\u00e4v\u00e4<\/p>\n<p class=\"article-body mb-nof-24 px-nof-16\">Valvontakameratallenteiden mukaan hy\u00f6kk\u00e4ys tapahtui t\u00e4ysin yll\u00e4tt\u00e4en ja oli todella nopea, sill\u00e4 puukotus kesti vain noin seitsem\u00e4n sekuntia.<\/p>\n<p class=\"article-body mb-nof-24 px-nof-16\">Poika naamioitui ensin k\u00e4yt\u00e4v\u00e4n varrella olevassa vessassa, viritti kameran p\u00e4\u00e4lle ja iski sitten puukolla kolmea 14-vuotiasta tytt\u00f6\u00e4, jotka istuivat vieretysten penkill\u00e4 koulun k\u00e4yt\u00e4v\u00e4ll\u00e4. Uhrit valikoituivat sattumanvaraisesti.<\/p>\n<p class=\"article-body mb-nof-24 px-nof-16\">Poika iski jokaista tytt\u00f6\u00e4 kohti useita kertoja, ja uhrit saivat vammoja yl\u00e4vartaloonsa. L\u00e4\u00e4k\u00e4rinlausuntojen mukaan heid\u00e4n vammansa olisivat voineet olla potentiaalisesti hengenvaarallisia. Syytt\u00e4j\u00e4 totesi oikeudessa, ett\u00e4 vain hyv\u00e4 tuuri ja onni pelastivat tyt\u00f6t vakavilta vammoilta tai kuolemalta.<\/p>\n<p class=\"article-body mb-nof-24 px-nof-16\">Pojan puukosta irtosi ter\u00e4, kun se osui koulun sein\u00e4\u00e4n. Sen j\u00e4lkeen poika juoksi pois paikalta. Teon j\u00e4lkeen h\u00e4n jakoi kuvaamansa videon ja kirjoittamansa niin sanotun \u201dmanifestin\u201d sosiaalisessa mediassa.<\/p>\n<p class=\"article-body mb-nof-24 px-nof-16\">Suupantorille p\u00e4\u00e4sty\u00e4\u00e4n h\u00e4n soitti itse h\u00e4t\u00e4keskukseen. \u201dMoi, m\u00e4 puukotin juuri muutamaa ihmist\u00e4\u201d, h\u00e4n aloitti puhelun ja jatkoi rauhallisesti keskustelua h\u00e4t\u00e4keskusp\u00e4ivyst\u00e4j\u00e4n kanssa. Kun poliisi saapui paikalle, h\u00e4n ei vastustellut kiinniottoa.<\/p>\n<p>Opettaja kuvaili vaisuksi<\/p>\n<p class=\"article-body mb-nof-24 px-nof-16\">Oikeudessa oli todistamassa opettaja, jonka tunnilla poika oli ennen puukotusta. Opettaja luonnehti pojan olleen vaisu ja hiljainen. H\u00e4n sanoi, ett\u00e4 poika vaikutti tekoa edelt\u00e4v\u00e4ll\u00e4 tunnilla hieman hermostuneelta, mutta pojan k\u00e4yt\u00f6s ei ollut mill\u00e4\u00e4n tavoin h\u00e4lytt\u00e4v\u00e4\u00e4. H\u00e4n istui hiljaa kuten yleens\u00e4kin.<\/p>\n<p class=\"article-body mb-nof-24 px-nof-16\">Opettajan kuulemisen yhteydess\u00e4 oikeudessa n\u00e4htiin koskettava hetki, kun uhrien omaiset k\u00e4yttiv\u00e4t hetken todistajana olleen opettajan ja V\u00e4h\u00e4j\u00e4rven koulun kiitt\u00e4miseen. Omaisten mukaan sek\u00e4 opettaja ett\u00e4 koulu hoitivat yll\u00e4tt\u00e4en eteen tulleen tilanteen lasten kanssa hyvin.<\/p>\n<p>Tuomio my\u00f6hemmin<\/p>\n<p class=\"article-body mb-nof-24 px-nof-16\">Poika ei tullut kuulluksi oikeudessa, mutta syytt\u00e4j\u00e4 piti riidattomana sit\u00e4, ett\u00e4 h\u00e4n ei kadu tekoaan.<\/p>\n<p class=\"article-body mb-nof-24 px-nof-16\">Pirkanmaan k\u00e4r\u00e4j\u00e4oikeus ratkaisee uudenvuoden aattona, olivatko teot murhan vai tapon yrityksi\u00e4. Koska poika on ollut tapahtumahetkell\u00e4 syyntakeeton, h\u00e4net j\u00e4tet\u00e4\u00e4n todenn\u00e4k\u00f6isesti tuomitsematta rangaistukseen. Poika on tahdosta riippumattomassa psykiatrisessa hoidossa.<\/p>\n<p class=\"article-body mb-nof-24 px-nof-16\">Uhrit vaativat pojalta yhteens\u00e4 kymmeni\u00e4 tuhansia euroja korvauksia muun muassa k\u00e4rsimyksest\u00e4 ja kosmeettisesta haitasta.<\/p>\n<p class=\"article-body nof-ui-body-medium mb-nof-24 px-nof-16\">T\u00e4m\u00e4 oli p\u00e4ivittyv\u00e4 uutinen.<\/p>\n","protected":false},"excerpt":{"rendered":"Teinipoika puukotti toukokuussa kolmea 14-vuotiasta tytt\u00f6\u00e4 V\u00e4h\u00e4j\u00e4rven koulussa Pirkkalassa. Tuomio annetaan vuoden lopussa. Aamulehti seurasi oikeuden\u00adk\u00e4ynti\u00e4 t\u00e4ss\u00e4 p\u00e4ivittyv\u00e4ss\u00e4&hellip;\n","protected":false},"author":2,"featured_media":120727,"comment_status":"","ping_status":"","sticky":false,"template":"","format":"standard","meta":{"footnotes":""},"categories":[12],"tags":[157,22,23,26,27,33,31,30,17,24,25,28,29,15,18,21,32,19,20,16],"class_list":{"0":"post-120726","1":"post","2":"type-post","3":"status-publish","4":"format-standard","5":"has-post-thumbnail","7":"category-suomi","8":"tag-aamulehti","9":"tag-breaking-news","10":"tag-breakingnews","11":"tag-featured-news","12":"tag-featurednews","13":"tag-fi","14":"tag-finland","15":"tag-finnish","16":"tag-headlines","17":"tag-latest-news","18":"tag-latestnews","19":"tag-main-news","20":"tag-mainnews","21":"tag-news","22":"tag-otsikot","23":"tag-paauutiset","24":"tag-suomi","25":"tag-top-stories","26":"tag-topstories","27":"tag-uutiset"},"share_on_mastodon":{"url":"https:\/\/pubeurope.com\/@fi\/115747109388064118","error":""},"_links":{"self":[{"href":"https:\/\/www.europesays.com\/fi\/wp-json\/wp\/v2\/posts\/120726","targetHints":{"allow":["GET"]}}],"collection":[{"href":"https:\/\/www.europesays.com\/fi\/wp-json\/wp\/v2\/posts"}],"about":[{"href":"https:\/\/www.europesays.com\/fi\/wp-json\/wp\/v2\/types\/post"}],"author":[{"embeddable":true,"href":"https:\/\/www.europesays.com\/fi\/wp-json\/wp\/v2\/users\/2"}],"replies":[{"embeddable":true,"href":"https:\/\/www.europesays.com\/fi\/wp-json\/wp\/v2\/comments?post=120726"}],"version-history":[{"count":0,"href":"https:\/\/www.europesays.com\/fi\/wp-json\/wp\/v2\/posts\/120726\/revisions"}],"wp:featuredmedia":[{"embeddable":true,"href":"https:\/\/www.europesays.com\/fi\/wp-json\/wp\/v2\/media\/120727"}],"wp:attachment":[{"href":"https:\/\/www.europesays.com\/fi\/wp-json\/wp\/v2\/media?parent=120726"}],"wp:term":[{"taxonomy":"category","embeddable":true,"href":"https:\/\/www.europesays.com\/fi\/wp-json\/wp\/v2\/categories?post=120726"},{"taxonomy":"post_tag","embeddable":true,"href":"https:\/\/www.europesays.com\/fi\/wp-json\/wp\/v2\/tags?post=120726"}],"curies":[{"name":"wp","href":"https:\/\/api.w.org\/{rel}","templated":true}]}}