{"id":120745,"date":"2025-12-19T16:49:09","date_gmt":"2025-12-19T16:49:09","guid":{"rendered":"https:\/\/www.europesays.com\/fi\/120745\/"},"modified":"2025-12-19T16:49:09","modified_gmt":"2025-12-19T16:49:09","slug":"huippuartisti-esiintyi-suomessa-nyt-karhutaan-palkkiota","status":"publish","type":"post","link":"https:\/\/www.europesays.com\/fi\/120745\/","title":{"rendered":"Huippuartisti esiintyi Suomessa \u2013 Nyt karhutaan palkkiota"},"content":{"rendered":"<p>Warner Music Finland on haastettu oikeuteen. <\/p>\n<p><img decoding=\"async\" class=\"image image-show image-preview\" src=\"https:\/\/www.europesays.com\/fi\/wp-content\/uploads\/2025\/12\/178c9de8ffd1c405ed7f4136f5efed5c6a5b7a98f84cc222daa3b7627d5b2d22.jpg\" alt=\"\"\/><img decoding=\"async\" class=\"image image-show\" src=\"https:\/\/www.europesays.com\/fi\/wp-content\/uploads\/2025\/12\/1766162949_492_178c9de8ffd1c405ed7f4136f5efed5c6a5b7a98f84cc222daa3b7627d5b2d22.jpg\" alt=\"\"\/><\/p>\n<p>Carola H\u00e4ggkvist on 59-vuotias ruotsalaisartisti. H\u00e4n voitti Euroviisut vuonna 1991. Carola ei ole osallinen asian oikeudellisessa puinnissa.  AOP<\/p>\n<p class=\"paragraph\">Euroviisuvoittaja Carola esiintyi Vaasa-festivaaleilla 3. elokuuta ja Raasepori-festivaaleilla 19. elokuuta 2023.<\/p>\n<p class=\"paragraph\">Esiintymisist\u00e4 on jo puolitoista vuotta, mutta seurauksia puidaan edelleen. N\u00e4it\u00e4 kahta esiintymist\u00e4 saatetaan puida jopa oikeudessa. Ruotsalainen, artisteja edustava Jubel AB on nimitt\u00e4in haastanut Warner Music Finlandin oikeuteen. Haastehakemus on saapunut Helsingin k\u00e4r\u00e4j\u00e4oikeuteen lokakuussa.<\/p>\n<p class=\"paragraph\">Jubel AB on ruotsalainen artistitoimisto, jonka toimenkuvaan kuuluu esimerkiksi live-esitysten varaaminen asiakkailleen, siis artisteille, sek\u00e4 artistien tuotanto ja pr-toiminta. Warner Music Finland Oy on musiikkituotantoyhti\u00f6, joka tuotannon lis\u00e4ksi j\u00e4rjest\u00e4\u00e4 my\u00f6s live-esityksi\u00e4.<\/p>\n<p class=\"paragraph\">Riita liittyy maksamattomiin keikkapalkkioihin.<\/p>\n<p class=\"paragraph\">Jubelin mukaan Warner Music ei ole maksanut Carolan keikoista sovittua palkkiota. Warner Music puolestaan sanoo vastauksessaan, ettei sen kuulukaan maksaa laskuja, vaan ne kuuluvat Nordic Live Productionsille, joka oli kyseisten festivaalien tapahtumaj\u00e4rjest\u00e4j\u00e4.<\/p>\n<p>80 000 euron laskut<\/p>\n<p class=\"paragraph\">Warnerilla ja Nordic Livell\u00e4 oli Warnerin vastauksen mukaan yhteisty\u00f6sopimus, jonka puitteissa Warner hankki ulkomaisia artisteja Nordic Liven keikoille. J\u00e4rjestely on alalla tavanomainen. T\u00e4m\u00e4n yhteisty\u00f6sopimuksen puitteissa Warner hankki Jubelilta Carolan esiintym\u00e4\u00e4n Vaasaan ja Raaseporiin.<\/p>\n<p class=\"paragraph\">T\u00e4st\u00e4 tilauksesta ei tehty kirjallista sopimusta, vaan Warnerin ty\u00f6ntekij\u00e4 teki tilauksen suullisesti. Warnerin mukaan sen ty\u00f6ntekij\u00e4 ilmoitti t\u00e4ss\u00e4 yhteydess\u00e4, ett\u00e4 laskut ja Carolan artistisopimus tulisi toimittaa Nordic Livelle.<\/p>\n<p class=\"paragraph\">Jubel AB sanoo toimittaneensa Warner Music Finlandille kaksi laskua, jotka ovat yhteism\u00e4\u00e4r\u00e4lt\u00e4\u00e4n 80\u00a0000 euroa. Jubelin mukaan Warner kehotti t\u00e4ss\u00e4 vaiheessa l\u00e4hett\u00e4m\u00e4\u00e4n Nordic Live Productionsille. Jubel teki n\u00e4in.<\/p>\n<p class=\"paragraph\">Nordic Live Productions ilmoitti tammikuussa 2024 <a href=\"https:\/\/www.iltalehti.fi\/viihdeuutiset\/9f5d971d-3536-43f5-ad24-b280a2c48a0e\" rel=\"nofollow noopener\" target=\"_blank\">yrityssaneerauksesta<\/a> ja siit\u00e4, ett\u00e4 Jubelin laskut kuuluvat velkaj\u00e4rjestelyn ja velkojen alaskirjauksen piiriin.<\/p>\n<p class=\"paragraph\">Warner Music Finlandin mukaan Jubel AB yritt\u00e4\u00e4 perusteettomasti peri\u00e4 silt\u00e4 saatavia, jotka kuuluisivat Nordic Live Productions Oy:n maksettaviksi. Warner katsoo, ett\u00e4 Jubel toimii n\u00e4in kiert\u00e4\u00e4kseen Nordic Live Productionsin vahvistettua yrityssaneerausohjelmaa. Saneerausohjelmassa Jubelin saatavia on leikattu ja maksuaikaa on pidennetty useilla vuosilla, mink\u00e4 vuoksi yhti\u00f6 hakee nyt suoritusta Warnerilta.<\/p>\n<p class=\"paragraph\">Warner on kiist\u00e4nyt korvausvaatimukset ja vaatii hylk\u00e4\u00e4m\u00e4\u00e4n kaikki Jubelin kannevaatimukset. Jubel vaatii haastehakemuksessaan my\u00f6s, ett\u00e4 tapauksessa on sovellettava Ruotsin lakia. Warner haluaa, ett\u00e4 asiaa k\u00e4sitell\u00e4\u00e4n Suomessa.<\/p>\n","protected":false},"excerpt":{"rendered":"Warner Music Finland on haastettu oikeuteen. Carola H\u00e4ggkvist on 59-vuotias ruotsalaisartisti. H\u00e4n voitti Euroviisut vuonna 1991. Carola ei&hellip;\n","protected":false},"author":2,"featured_media":120746,"comment_status":"","ping_status":"","sticky":false,"template":"","format":"standard","meta":{"footnotes":""},"categories":[136],"tags":[35,138,407,137,33,31,30,408,47,141,742,32,484,109],"class_list":{"0":"post-120745","1":"post","2":"type-post","3":"status-publish","4":"format-standard","5":"has-post-thumbnail","7":"category-julkkikset","8":"tag-24h","9":"tag-audio","10":"tag-celebrities","11":"tag-entertainment","12":"tag-fi","13":"tag-finland","14":"tag-finnish","15":"tag-julkkikset","16":"tag-musiikki","17":"tag-muusikot-bandit","18":"tag-suomalainen-musiikki","19":"tag-suomi","20":"tag-taiteellinen-ilmaisu-ja-mediat","21":"tag-viihde"},"share_on_mastodon":{"url":"https:\/\/pubeurope.com\/@fi\/115747262826121403","error":""},"_links":{"self":[{"href":"https:\/\/www.europesays.com\/fi\/wp-json\/wp\/v2\/posts\/120745","targetHints":{"allow":["GET"]}}],"collection":[{"href":"https:\/\/www.europesays.com\/fi\/wp-json\/wp\/v2\/posts"}],"about":[{"href":"https:\/\/www.europesays.com\/fi\/wp-json\/wp\/v2\/types\/post"}],"author":[{"embeddable":true,"href":"https:\/\/www.europesays.com\/fi\/wp-json\/wp\/v2\/users\/2"}],"replies":[{"embeddable":true,"href":"https:\/\/www.europesays.com\/fi\/wp-json\/wp\/v2\/comments?post=120745"}],"version-history":[{"count":0,"href":"https:\/\/www.europesays.com\/fi\/wp-json\/wp\/v2\/posts\/120745\/revisions"}],"wp:featuredmedia":[{"embeddable":true,"href":"https:\/\/www.europesays.com\/fi\/wp-json\/wp\/v2\/media\/120746"}],"wp:attachment":[{"href":"https:\/\/www.europesays.com\/fi\/wp-json\/wp\/v2\/media?parent=120745"}],"wp:term":[{"taxonomy":"category","embeddable":true,"href":"https:\/\/www.europesays.com\/fi\/wp-json\/wp\/v2\/categories?post=120745"},{"taxonomy":"post_tag","embeddable":true,"href":"https:\/\/www.europesays.com\/fi\/wp-json\/wp\/v2\/tags?post=120745"}],"curies":[{"name":"wp","href":"https:\/\/api.w.org\/{rel}","templated":true}]}}